{"id":515038,"date":"2023-12-29T09:57:37","date_gmt":"2023-12-29T13:57:37","guid":{"rendered":"https:\/\/diarioelpopular.com\/?p=515038"},"modified":"2023-12-29T09:57:37","modified_gmt":"2023-12-29T13:57:37","slug":"jagmeet-singh-del-ndp-descarta-un-gobierno-de-coalicion-con-los-liberales-despues-de-las-proximas-elecciones","status":"publish","type":"post","link":"https:\/\/diarioelpopular.com\/index.php\/2023\/12\/29\/jagmeet-singh-del-ndp-descarta-un-gobierno-de-coalicion-con-los-liberales-despues-de-las-proximas-elecciones\/","title":{"rendered":"Jagmeet Singh, del NDP, descarta un gobierno de coalici\u00f3n con los liberales despu\u00e9s de las pr\u00f3ximas elecciones"},"content":{"rendered":"<p><img loading=\"lazy\" decoding=\"async\" class=\"alignnone size-custom-full-size wp-image-515039\" src=\"https:\/\/diarioelpopular.com\/wp-content\/uploads\/2023\/12\/Screen-Shot-2023-12-29-at-8.56.29-AM-636x493.png\" alt=\"\" width=\"636\" height=\"493\" srcset=\"https:\/\/diarioelpopular.com\/wp-content\/uploads\/2023\/12\/Screen-Shot-2023-12-29-at-8.56.29-AM-636x493.png 636w, https:\/\/diarioelpopular.com\/wp-content\/uploads\/2023\/12\/Screen-Shot-2023-12-29-at-8.56.29-AM-300x233.png 300w, https:\/\/diarioelpopular.com\/wp-content\/uploads\/2023\/12\/Screen-Shot-2023-12-29-at-8.56.29-AM-768x595.png 768w, https:\/\/diarioelpopular.com\/wp-content\/uploads\/2023\/12\/Screen-Shot-2023-12-29-at-8.56.29-AM-94x73.png 94w, https:\/\/diarioelpopular.com\/wp-content\/uploads\/2023\/12\/Screen-Shot-2023-12-29-at-8.56.29-AM.png 1024w\" sizes=\"auto, (max-width: 636px) 100vw, 636px\" \/><\/p>\n<p><em><strong>&#8211; El l\u00edder del NDP, Jagmeet Singh, descarta la posibilidad de formar un gobierno de coalici\u00f3n con los liberales si ning\u00fan partido obtiene una mayor\u00eda clara despu\u00e9s de las pr\u00f3ximas elecciones federales.<\/strong><\/em><\/p>\n<p>&nbsp;<\/p>\n<p>&#8220;Eso est\u00e1 fuera de la mesa&#8221;, dijo Singh en una entrevista de fin de a\u00f1o con The Canadian Press, a pesar de que los dos partidos han estado trabajando en estrecha colaboraci\u00f3n.<\/p>\n<p>\u201cEso no es algo en lo que estemos enfocados. Estamos centrados en hacer lo suficiente en este Parlamento y luego postularnos para ganar\u201d.<\/p>\n<p>Los dos partidos firmaron un acuerdo en marzo de 2022 en el que el NDP acord\u00f3 apoyar a la minor\u00eda liberal en votaciones clave en el Parlamento a cambio de acciones sobre las prioridades pol\u00edticas del NDP.<\/p>\n<p>Hasta ahora, la colaboraci\u00f3n ha llevado a la introducci\u00f3n de un programa nacional de atenci\u00f3n dental, suplementos \u00fanicos de alquiler para inquilinos de bajos ingresos, una duplicaci\u00f3n temporal del reembolso del GST, legislaci\u00f3n que proh\u00edbe la sustituci\u00f3n de trabajadores e inversiones hacia un sistema para ind\u00edgenas por Estrategia de vivienda ind\u00edgena.<\/p>\n<p>Las partes acordaron mantener su acuerdo vigente hasta 2025, con elecciones federales programadas para octubre de ese a\u00f1o.<\/p>\n<p>Singh dijo que el acuerdo le dio la oportunidad de ver de cerca a los liberales y ver cu\u00e1nto poder tiene el gobierno federal para mejorar la vida de los canadienses.<\/p>\n<p>&#8220;Y puedo decir con mucha claridad que podr\u00edan estar haciendo mucho m\u00e1s para ayudar a la gente&#8221;, dijo Singh.<\/p>\n<p>\u201cEstoy m\u00e1s motivado que nunca porque quiero convertirme en el pr\u00f3ximo primer ministro. Ese es mi objetivo.&#8221;<\/p>\n<p>Actualmente, las encuestas sit\u00faan a la oposici\u00f3n conservadora dentro del territorio mayoritario y, con un Parlamento minoritario, las pr\u00f3ximas elecciones, en teor\u00eda, podr\u00edan celebrarse en cualquier momento.<\/p>\n<p>Sin embargo, el primer ministro Justin Trudeau ha indicado que no ve ninguna raz\u00f3n para ello.<\/p>\n<p>Le dijo a The Canadian Press a principios de este mes que la pr\u00f3xima campa\u00f1a seguir\u00e1 el calendario de fechas fijas para las elecciones y tendr\u00e1 lugar en el oto\u00f1o de 2025.<\/p>\n<p>Trudeau dijo que no ha hablado con los Nuevos Dem\u00f3cratas sobre la posibilidad de formar un gobierno de coalici\u00f3n despu\u00e9s de las elecciones, porque est\u00e1n centrados en el ahora.<\/p>\n<p>La informaci\u00f3n que necesita saber, enviada directamente a usted: descargue la aplicaci\u00f3n CTV News<br \/>\n&#8220;Lo que pueda ser, podr\u00eda entrar en un c\u00e1lculo postelectoral, bueno, escuchen, dejemos que los canadienses decidan qu\u00e9 tipo de Parlamento quieren elegir en dos a\u00f1os y luego veremos&#8221;, dijo Trudeau cuando se le pregunt\u00f3 si una asociaci\u00f3n m\u00e1s grande es posible. en las cartas.<\/p>\n<p>&#8220;Hemos demostrado que podemos hacer cosas buenas y mantener un marco fiscalmente responsable&#8221;, a\u00f1adi\u00f3.<\/p>\n<p>A\u00f1adi\u00f3 que es algo que \u201cla gente tomar\u00e1 nota, estoy seguro, en las pr\u00f3ximas d\u00e9cadas como algo que ha demostrado ser muy eficaz en la pol\u00edtica canadiense\u201d.<\/p>\n","protected":false},"excerpt":{"rendered":"<p>&#8211; El l\u00edder del NDP, Jagmeet Singh, descarta la posibilidad de formar un gobierno de coalici\u00f3n con los liberales si ning\u00fan partido obtiene una mayor\u00eda&hellip;<\/p>\n","protected":false},"author":99,"featured_media":515039,"comment_status":"open","ping_status":"open","sticky":false,"template":"","format":"standard","meta":{"footnotes":""},"categories":[21,11191],"tags":[],"class_list":["post-515038","post","type-post","status-publish","format-standard","has-post-thumbnail","hentry","category-canada","category-top-news"],"_links":{"self":[{"href":"https:\/\/diarioelpopular.com\/index.php\/wp-json\/wp\/v2\/posts\/515038","targetHints":{"allow":["GET"]}}],"collection":[{"href":"https:\/\/diarioelpopular.com\/index.php\/wp-json\/wp\/v2\/posts"}],"about":[{"href":"https:\/\/diarioelpopular.com\/index.php\/wp-json\/wp\/v2\/types\/post"}],"author":[{"embeddable":true,"href":"https:\/\/diarioelpopular.com\/index.php\/wp-json\/wp\/v2\/users\/99"}],"replies":[{"embeddable":true,"href":"https:\/\/diarioelpopular.com\/index.php\/wp-json\/wp\/v2\/comments?post=515038"}],"version-history":[{"count":1,"href":"https:\/\/diarioelpopular.com\/index.php\/wp-json\/wp\/v2\/posts\/515038\/revisions"}],"predecessor-version":[{"id":515040,"href":"https:\/\/diarioelpopular.com\/index.php\/wp-json\/wp\/v2\/posts\/515038\/revisions\/515040"}],"wp:featuredmedia":[{"embeddable":true,"href":"https:\/\/diarioelpopular.com\/index.php\/wp-json\/wp\/v2\/media\/515039"}],"wp:attachment":[{"href":"https:\/\/diarioelpopular.com\/index.php\/wp-json\/wp\/v2\/media?parent=515038"}],"wp:term":[{"taxonomy":"category","embeddable":true,"href":"https:\/\/diarioelpopular.com\/index.php\/wp-json\/wp\/v2\/categories?post=515038"},{"taxonomy":"post_tag","embeddable":true,"href":"https:\/\/diarioelpopular.com\/index.php\/wp-json\/wp\/v2\/tags?post=515038"}],"curies":[{"name":"wp","href":"https:\/\/api.w.org\/{rel}","templated":true}]}}