{"id":515058,"date":"2023-12-30T13:28:58","date_gmt":"2023-12-30T17:28:58","guid":{"rendered":"https:\/\/diarioelpopular.com\/?p=515058"},"modified":"2023-12-30T13:28:58","modified_gmt":"2023-12-30T17:28:58","slug":"gobierno-federal-anunciara-plan-de-vivienda-renovado-en-2024-dijo-ministro","status":"publish","type":"post","link":"https:\/\/diarioelpopular.com\/index.php\/2023\/12\/30\/gobierno-federal-anunciara-plan-de-vivienda-renovado-en-2024-dijo-ministro\/","title":{"rendered":"Gobierno federal anunciar\u00e1 plan de vivienda &#8216;renovado&#8217; en 2024, dijo ministro"},"content":{"rendered":"<p><img loading=\"lazy\" decoding=\"async\" class=\"alignnone size-custom-full-size wp-image-515059\" src=\"https:\/\/diarioelpopular.com\/wp-content\/uploads\/2023\/12\/Screen-Shot-2023-12-30-at-12.28.28-PM-636x380.png\" alt=\"\" width=\"636\" height=\"380\" srcset=\"https:\/\/diarioelpopular.com\/wp-content\/uploads\/2023\/12\/Screen-Shot-2023-12-30-at-12.28.28-PM-636x380.png 636w, https:\/\/diarioelpopular.com\/wp-content\/uploads\/2023\/12\/Screen-Shot-2023-12-30-at-12.28.28-PM-300x179.png 300w, https:\/\/diarioelpopular.com\/wp-content\/uploads\/2023\/12\/Screen-Shot-2023-12-30-at-12.28.28-PM-768x459.png 768w, https:\/\/diarioelpopular.com\/wp-content\/uploads\/2023\/12\/Screen-Shot-2023-12-30-at-12.28.28-PM-122x73.png 122w, https:\/\/diarioelpopular.com\/wp-content\/uploads\/2023\/12\/Screen-Shot-2023-12-30-at-12.28.28-PM.png 1024w\" sizes=\"auto, (max-width: 636px) 100vw, 636px\" \/><\/p>\n<p>&nbsp;<\/p>\n<p>&nbsp;<\/p>\n<ul>\n<li><em><strong>El ministro de Vivienda, Sean Fraser, dijo que los canadienses pueden esperar ver un plan completo del gobierno federal en 2024 que establezca c\u00f3mo abordar\u00e1 la crisis de la vivienda.<\/strong><\/em><\/li>\n<\/ul>\n<p>&nbsp;<\/p>\n<p><em><strong>OTTAWA.-<\/strong> <\/em>&#8220;Estamos trabajando para desarrollar un plan que reunir\u00e1 las medidas que hemos anunciado y las pr\u00f3ximas medidas que anunciaremos en un solo lugar para que los canadienses vean el enfoque completamente renovado&#8221;, dijo Fraser en una entrevista de fin de a\u00f1o con The Canadian Press.<\/p>\n<p>El plan se basar\u00eda en las pol\u00edticas de vivienda anunciadas recientemente por los liberales, que incluyen la eliminaci\u00f3n de los cargos de GST sobre los desarrollos de alquiler, aumentando la cantidad de financiamiento de bajo costo disponible para los desarrolladores y lanzando consultas para un cat\u00e1logo de planos de viviendas preaprobados que acelerar\u00edan aprobaciones de proyectos.<\/p>\n<p>El ministro de Vivienda tambi\u00e9n ha estado viajando por el pa\u00eds para firmar acuerdos con municipios como parte del fondo acelerador de vivienda, un programa que ofrece d\u00f3lares federales a cambio de cambios a estatutos y regulaciones que impulsar\u00edan la construcci\u00f3n de viviendas.<\/p>\n<p>De cara al futuro, Fraser dijo que el pr\u00f3ximo plan revelar\u00e1 medidas para aliviar las presiones de los costos de construcci\u00f3n de viviendas y delinear\u00e1 una estrategia industrial para impulsar la productividad.<\/p>\n<p>Tambi\u00e9n proporcionar\u00e1 ayuda a quienes tienen mayores necesidades de vivienda, a\u00f1adi\u00f3.<\/p>\n<p>El renovado enfoque del gobierno liberal en la vivienda se produce mientras intenta recuperar el favor de los canadienses en cuestiones de asequibilidad.<\/p>\n<p>La asequibilidad de la vivienda ha sido un importante punto de discordia en la pol\u00edtica federal mientras los conservadores critican a los liberales por el aumento vertiginoso de los alquileres y los pagos de las hipotecas.<\/p>\n<p>Los conservadores proponen que se exija a las grandes ciudades como Vancouver que aumenten la construcci\u00f3n de viviendas en un 15 por ciento cada a\u00f1o o enfrentar sanciones financieras, incluida la retenci\u00f3n de fondos federales. Por otro lado, recompensar\u00edan a las ciudades que impulsen la construcci\u00f3n de viviendas con un &#8220;bono de construcci\u00f3n&#8221;.<\/p>\n<p>Los conservadores dicen que tambi\u00e9n exigir\u00edan que las ciudades aprueben previamente los permisos de construcci\u00f3n en terrenos disponibles cerca de las estaciones de tr\u00e1nsito para calificar para fondos federales.<\/p>\n<p>Los Nuevos Dem\u00f3cratas est\u00e1n apoyando al gobierno minoritario en votaciones clave de la C\u00e1mara de los Comunes a cambio de avanzar en las prioridades delineadas en un acuerdo el a\u00f1o pasado, incluido el fondo acelerador de vivienda.<\/p>\n<p>El NDP, que est\u00e1 impulsando un enorme impulso a la vivienda asequible, tambi\u00e9n se atribuye el m\u00e9rito de un complemento de alquiler \u00fanico que el gobierno proporcion\u00f3 el oto\u00f1o pasado y de la eliminaci\u00f3n del GST de las nuevas construcciones de alquiler.<\/p>\n<p><em><strong>OTTAWA ADVERTENCIA SOBRE EL AUMENTO DE INMIGRACI\u00d3N<\/strong><\/em><br \/>\nLas recientes medidas adoptadas por los liberales se han inspirado en recomendaciones recibidas de diversas partes interesadas, expertos y defensores de la vivienda.<\/p>\n<p>Pero un problema importante que se cierne sobre la asequibilidad de la vivienda y que a\u00fan no se ha abordado es el r\u00e1pido ritmo de crecimiento demogr\u00e1fico en el pa\u00eds.<\/p>\n<p>El gobierno liberal ha sido advertido por un n\u00famero creciente de expertos que dicen que el ritmo de la inmigraci\u00f3n est\u00e1 empeorando la escasez de vivienda.<\/p>\n<p>Statistics Canada inform\u00f3 recientemente que la poblaci\u00f3n del pa\u00eds creci\u00f3 en m\u00e1s de 430.000 personas durante el tercer trimestre, en gran parte debido a un aumento de residentes temporales. Esto marc\u00f3 el ritmo m\u00e1s r\u00e1pido de crecimiento demogr\u00e1fico en cualquier trimestre desde 1957.<\/p>\n<p>La agencia dijo que el crecimiento de la poblaci\u00f3n durante los primeros nueve meses de 2023 ya super\u00f3 el crecimiento total de cualquier otro a\u00f1o completo, incluido el r\u00e9cord establecido en 2022.<\/p>\n<p>A principios de este mes, el vicegobernador del Banco de Canad\u00e1, Toni Gravelle, pronunci\u00f3 un discurso sobre el efecto de la inmigraci\u00f3n en la econom\u00eda y en la inflaci\u00f3n en particular.<\/p>\n<p>Advirti\u00f3 que el r\u00e1pido ritmo de crecimiento demogr\u00e1fico est\u00e1 a\u00f1adiendo presi\u00f3n a un mercado inmobiliario plagado de desaf\u00edos, incluidas restricciones de zonificaci\u00f3n y escasez de trabajadores de la construcci\u00f3n.<\/p>\n<p>&#8220;Este salto en la demanda demogr\u00e1fica, junto con los problemas estructurales de oferta existentes, podr\u00eda explicar por qu\u00e9 la inflaci\u00f3n de los alquileres sigue aumentando en Canad\u00e1&#8221;, dijo Gravelle a la C\u00e1mara Regional de Comercio de Windsor-Essex.<\/p>\n<p>&#8220;Tambi\u00e9n ayuda a explicar, en parte, por qu\u00e9 los precios de la vivienda no han ca\u00eddo tanto como esper\u00e1bamos&#8221;.<\/p>\n<p><em><strong>CANAD\u00c1 VE UN AUMENTO EN LLEGADAS TEMPORALES<\/strong><\/em><br \/>\nEn una entrevista de fin de a\u00f1o con Global News, el primer ministro Justin Trudeau reconoci\u00f3 que el gobierno federal necesita lidiar con este aumento de la migraci\u00f3n temporal.<\/p>\n<p>&#8220;Es necesario responder al aumento de las llegadas temporales en los \u00faltimos dos a\u00f1os, que suman m\u00e1s de dos millones de personas&#8221;, dijo Trudeau.<\/p>\n<p>Si bien Canad\u00e1 tiene l\u00edmites en la cantidad de personas a las que se les otorga la residencia permanente cada a\u00f1o, no hay l\u00edmites en los programas de estudiantes internacionales y trabajadores extranjeros temporales.<\/p>\n<p>En octubre, el Ministro de Inmigraci\u00f3n, Marc Miller, anunci\u00f3 nuevas reglas para frenar el fraude en el programa de estudiantes internacionales. Tambi\u00e9n advirti\u00f3 que el gobierno federal est\u00e1 dispuesto a tomar medidas en\u00e9rgicas contra las instituciones postsecundarias dudosas que reclutan estudiantes internacionales si las provincias no est\u00e1n a la altura de la tarea.<\/p>\n<p>M\u00e1s recientemente, Miller duplic\u00f3 los requisitos financieros para los solicitantes, lo que significa que deben demostrar que tienen m\u00e1s de 20.000 d\u00f3lares, adem\u00e1s de los fondos para matr\u00edcula y gastos de viaje.<\/p>\n<p>Fraser dijo que tanto el programa de estudiantes internacionales como el programa de trabajadores extranjeros temporales traen beneficios econ\u00f3micos, pero reconoci\u00f3 que deben equilibrarse con las necesidades de vivienda.<\/p>\n<p>&#8220;Podemos trabajar con los gobiernos provinciales y las instituciones o los empleadores para aumentar los requisitos para atender a las personas que vienen temporalmente, incluso mediante alojamiento&#8221;, dijo Fraser.<\/p>\n<p>Tambi\u00e9n sugiri\u00f3 endurecer las reglas para que las empresas accedan a trabajadores temporales.<\/p>\n<p>Y si las provincias no logran controlar la afluencia de estudiantes internacionales, Fraser dijo que el gobierno &#8220;deber\u00eda reservarse el derecho de tomar medidas adicionales si fueran necesarias&#8221;.<\/p>\n","protected":false},"excerpt":{"rendered":"<p>&nbsp; &nbsp; El ministro de Vivienda, Sean Fraser, dijo que los canadienses pueden esperar ver un plan completo del gobierno federal en 2024 que establezca&hellip;<\/p>\n","protected":false},"author":99,"featured_media":515059,"comment_status":"open","ping_status":"open","sticky":false,"template":"","format":"standard","meta":{"footnotes":""},"categories":[21,11191],"tags":[],"class_list":["post-515058","post","type-post","status-publish","format-standard","has-post-thumbnail","hentry","category-canada","category-top-news"],"_links":{"self":[{"href":"https:\/\/diarioelpopular.com\/index.php\/wp-json\/wp\/v2\/posts\/515058","targetHints":{"allow":["GET"]}}],"collection":[{"href":"https:\/\/diarioelpopular.com\/index.php\/wp-json\/wp\/v2\/posts"}],"about":[{"href":"https:\/\/diarioelpopular.com\/index.php\/wp-json\/wp\/v2\/types\/post"}],"author":[{"embeddable":true,"href":"https:\/\/diarioelpopular.com\/index.php\/wp-json\/wp\/v2\/users\/99"}],"replies":[{"embeddable":true,"href":"https:\/\/diarioelpopular.com\/index.php\/wp-json\/wp\/v2\/comments?post=515058"}],"version-history":[{"count":1,"href":"https:\/\/diarioelpopular.com\/index.php\/wp-json\/wp\/v2\/posts\/515058\/revisions"}],"predecessor-version":[{"id":515060,"href":"https:\/\/diarioelpopular.com\/index.php\/wp-json\/wp\/v2\/posts\/515058\/revisions\/515060"}],"wp:featuredmedia":[{"embeddable":true,"href":"https:\/\/diarioelpopular.com\/index.php\/wp-json\/wp\/v2\/media\/515059"}],"wp:attachment":[{"href":"https:\/\/diarioelpopular.com\/index.php\/wp-json\/wp\/v2\/media?parent=515058"}],"wp:term":[{"taxonomy":"category","embeddable":true,"href":"https:\/\/diarioelpopular.com\/index.php\/wp-json\/wp\/v2\/categories?post=515058"},{"taxonomy":"post_tag","embeddable":true,"href":"https:\/\/diarioelpopular.com\/index.php\/wp-json\/wp\/v2\/tags?post=515058"}],"curies":[{"name":"wp","href":"https:\/\/api.w.org\/{rel}","templated":true}]}}