{"id":515091,"date":"2023-12-31T13:43:47","date_gmt":"2023-12-31T17:43:47","guid":{"rendered":"https:\/\/diarioelpopular.com\/?p=515091"},"modified":"2023-12-31T13:43:47","modified_gmt":"2023-12-31T17:43:47","slug":"por-que-el-ano-no-termina-realmente-a-la-medianoche-del-31-diciembre-y-no-siempre-dura-lo-mismo","status":"publish","type":"post","link":"https:\/\/diarioelpopular.com\/index.php\/2023\/12\/31\/por-que-el-ano-no-termina-realmente-a-la-medianoche-del-31-diciembre-y-no-siempre-dura-lo-mismo\/","title":{"rendered":"Por qu\u00e9 el a\u00f1o no termina realmente a la medianoche del 31 diciembre (y no siempre dura lo mismo)"},"content":{"rendered":"<p><img loading=\"lazy\" decoding=\"async\" class=\"alignnone size-custom-big-size wp-image-515092\" src=\"https:\/\/diarioelpopular.com\/wp-content\/uploads\/2023\/12\/Screen-Shot-2023-12-31-at-12.42.47-PM-1200x637.png\" alt=\"\" width=\"1200\" height=\"637\" srcset=\"https:\/\/diarioelpopular.com\/wp-content\/uploads\/2023\/12\/Screen-Shot-2023-12-31-at-12.42.47-PM-1200x637.png 1200w, https:\/\/diarioelpopular.com\/wp-content\/uploads\/2023\/12\/Screen-Shot-2023-12-31-at-12.42.47-PM-300x159.png 300w, https:\/\/diarioelpopular.com\/wp-content\/uploads\/2023\/12\/Screen-Shot-2023-12-31-at-12.42.47-PM-768x408.png 768w, https:\/\/diarioelpopular.com\/wp-content\/uploads\/2023\/12\/Screen-Shot-2023-12-31-at-12.42.47-PM-636x338.png 636w, https:\/\/diarioelpopular.com\/wp-content\/uploads\/2023\/12\/Screen-Shot-2023-12-31-at-12.42.47-PM-137x73.png 137w, https:\/\/diarioelpopular.com\/wp-content\/uploads\/2023\/12\/Screen-Shot-2023-12-31-at-12.42.47-PM.png 1024w\" sizes=\"auto, (max-width: 1200px) 100vw, 1200px\" \/><\/p>\n<p>&nbsp;<\/p>\n<div class=\"bbc-19j92fr ebmt73l0\" dir=\"ltr\">\n<p class=\"bbc-hhl7in e17g058b0\" dir=\"ltr\"><b>Brindis y uvas, bailes, resoluciones y rituales\u2026 la medianoche del 31 de diciembre es un momento de festejo, esperanza y recuento para millones de personas en todo el planeta.<\/b><\/p>\n<\/div>\n<div class=\"bbc-19j92fr ebmt73l0\" dir=\"ltr\">\n<p class=\"bbc-hhl7in e17g058b0\" dir=\"ltr\">Un a\u00f1o &#8220;termina&#8221; y otro &#8220;comienza&#8221; y, con \u00e9l, las aspiraciones de un mejor tiempo y de innumerables prop\u00f3sitos y nuevas metas.<\/p>\n<\/div>\n<div class=\"bbc-19j92fr ebmt73l0\" dir=\"ltr\">\n<p class=\"bbc-hhl7in e17g058b0\" dir=\"ltr\">Es el \u00faltimo d\u00eda del calendario gregoriano, el patr\u00f3n de 365 d\u00edas (m\u00e1s uno en bisiesto) que ha regido en Occidente desde que se dej\u00f3 de usar el calendario juliano en 1582.<\/p>\n<\/div>\n<div class=\"bbc-19j92fr ebmt73l0\" dir=\"ltr\">\n<p class=\"bbc-hhl7in e17g058b0\" dir=\"ltr\">Su paso celebra el fin de un ciclo que ha marcado las cuentas del tiempo para diversas culturas desde hace milenios: una vuelta completa de la Tierra alrededor de su estrella.<\/p>\n<p dir=\"ltr\">&#8220;Lo que entendemos tradicionalmente por a\u00f1o, tanto en astronom\u00eda como en muchas culturas, es ese lapso que tarda nuestro planeta en darle la vuelta al Sol&#8221;, indica el astr\u00f3nomo y acad\u00e9mico Eduard Larra\u00f1aga, del Observatorio Astron\u00f3mico Nacional de la Universidad Nacional de Colombia.<\/p>\n<div class=\"bbc-19j92fr ebmt73l0\" dir=\"ltr\">\n<p class=\"bbc-hhl7in e17g058b0\" dir=\"ltr\">Sin embargo, seg\u00fan explica el tambi\u00e9n f\u00edsico te\u00f3rico a BBC Mundo, la fecha en la que comienza y termina un a\u00f1o no tiene su base en la ciencia, sino que es una\u00a0<b>convenci\u00f3n<\/b>; o sea, un sistema, a la larga, &#8220;inventado&#8221;.<\/p>\n<\/div>\n<div class=\"bbc-19j92fr ebmt73l0\" dir=\"ltr\">\n<p class=\"bbc-hhl7in e17g058b0\" dir=\"ltr\">&#8220;Asumir que el a\u00f1o termina a la medianoche del 31 de diciembre y empieza el 1 de enero es una construcci\u00f3n social, una definici\u00f3n que se hizo en un momento de la historia&#8221;, dice.<\/p>\n<\/div>\n<div class=\"bbc-19j92fr ebmt73l0\" dir=\"ltr\">\n<p class=\"bbc-hhl7in e17g058b0\" dir=\"ltr\">De acuerdo con Larra\u00f1aga, dado que la base para la medici\u00f3n de un a\u00f1o es el tiempo que tarda la Tierra en darle la vuelta al Sol, el conteo de cu\u00e1ndo empieza y termina ese ciclo puede ocurrir, en la pr\u00e1ctica, en cualquier momento.<\/p>\n<div class=\"bbc-19j92fr ebmt73l0\" dir=\"ltr\">\n<p class=\"bbc-hhl7in e17g058b0\" dir=\"ltr\">&#8220;Desde el punto de vista astron\u00f3mico, no ocurre nada especial el 31 de diciembre para decir que es ah\u00ed donde termina el a\u00f1o, ni ocurre nada especial el 1 de enero para decir que ah\u00ed es cuando comienza&#8221;, se\u00f1ala.<\/p>\n<\/div>\n<div class=\"bbc-19j92fr ebmt73l0\" dir=\"ltr\">\n<p class=\"bbc-hhl7in e17g058b0\" dir=\"ltr\">&#8220;En realidad, a lo largo de la \u00f3rbita de la Tierra no hay nada especial ni fuera de lo com\u00fan que ocurra para marcar el cambio de un a\u00f1o&#8221;, agrega.<\/p>\n<\/div>\n<div class=\"bbc-19j92fr ebmt73l0\" dir=\"ltr\">\n<p class=\"bbc-hhl7in e17g058b0\" dir=\"ltr\">Pero no termina ah\u00ed.<\/p>\n<\/div>\n<div class=\"bbc-19j92fr ebmt73l0\" dir=\"ltr\">\n<p class=\"bbc-hhl7in e17g058b0\" dir=\"ltr\">La duraci\u00f3n exacta que le damos al a\u00f1o de 365 d\u00edas (o 366 en los bisiestos, como ser\u00e1 2024) es otra convenci\u00f3n social.<\/p>\n<\/div>\n<div class=\"bbc-19j92fr ebmt73l0\" dir=\"ltr\">\n<p class=\"bbc-hhl7in e17g058b0\" dir=\"ltr\">&#8220;En realidad, hay muchas formas de medir la duraci\u00f3n de un a\u00f1o&#8221; y si se hace de una u otra forma, la duraci\u00f3n no es la misma, indica Larra\u00f1aga.<\/p>\n<\/div>\n<div class=\"bbc-19j92fr ebmt73l0\" dir=\"ltr\">\n<p class=\"bbc-hhl7in e17g058b0\" dir=\"ltr\">Pero \u00bfc\u00f3mo es posible?<\/p>\n<\/div>\n<div class=\"bbc-19j92fr ebmt73l0\" dir=\"ltr\">\n<h2 id=\"La-duraci\u00f3n-del-a\u00f1o\" class=\"bbc-1f03ibc eglt09e0\" tabindex=\"-1\">La duraci\u00f3n del a\u00f1o<\/h2>\n<\/div>\n<div class=\"bbc-19j92fr ebmt73l0\" dir=\"ltr\">\n<p class=\"bbc-hhl7in e17g058b0\" dir=\"ltr\">Desde que fue introducido por el emperador Julio C\u00e9sar en el a\u00f1o 46 a. C., el calendario juliano sirvi\u00f3 para contar el paso de los a\u00f1os y la historia en Europa hasta finales del siglo XVI.<\/p>\n<\/div>\n<div class=\"bbc-19j92fr ebmt73l0\" dir=\"ltr\">\n<p class=\"bbc-hhl7in e17g058b0\" dir=\"ltr\">Sin embargo, desde entrada la Edad Media, varios astr\u00f3nomos se dieron cuenta de que con esa manera de medir el tiempo se produc\u00eda un\u00a0<b>error acumulado de aproximadamente 11 minutos y 14 segundos cada a\u00f1o<\/b>.<\/p>\n<\/div>\n<div class=\"bbc-19j92fr ebmt73l0\" dir=\"ltr\">\n<p class=\"bbc-hhl7in e17g058b0\" dir=\"ltr\">Fue entonces cuando en 1582 el papa Gregorio XIII promovi\u00f3 la reforma del calendario que usamos hasta el d\u00eda de hoy e introdujo los bisiestos para corregir los errores de c\u00e1lculo del calendario juliano.<\/p>\n<div class=\"bbc-19j92fr ebmt73l0\" dir=\"ltr\">\n<p class=\"bbc-hhl7in e17g058b0\" dir=\"ltr\">Larra\u00f1aga explica que, desde el punto de vista de la astronom\u00eda, base para la definici\u00f3n de lo que es un a\u00f1o, no existe una \u00fanica unidad de medida, sino\u00a0<b>al menos cuatro<\/b>\u00a0para contar el tiempo que tarda la Tierra en darle una vuelta al Sol.<\/p>\n<\/div>\n<div class=\"etpldq00 bbc-oa9drk ebmt73l0\" dir=\"ltr\">\n<ul class=\"bbc-1q9yy8j evvt9po1\" dir=\"ltr\" role=\"list\">\n<li class=\"bbc-acwcvw evvt9po0\" role=\"listitem\"><b>A\u00f1o juliano o calendario:<\/b>\u00a0&#8220;Es una convenci\u00f3n y se usa en astronom\u00eda como una unidad de medida en la que se considera que la Tierra le da la vuelta al Sol en 365,25 d\u00edas&#8221;.<\/li>\n<li class=\"bbc-acwcvw evvt9po0\" role=\"listitem\"><b>A\u00f1o sideral<\/b>: &#8220;Es el que tarda la Tierra en dar una vuelta al Sol respecto a un sistema de referencia fijo. En este caso, se toma como referencia el grupo de las estrellas fijas y ese a\u00f1o tiene una duraci\u00f3n de 365,25636&#8221;.<\/li>\n<li class=\"bbc-acwcvw evvt9po0\" role=\"listitem\"><b>A\u00f1o tr\u00f3pico medio<\/b>: &#8220;En este se toma en cuenta longitud de la ecl\u00edptica del Sol, es decir, la trayectoria del Sol en el cielo con respecto a la Tierra a lo largo del a\u00f1o, principalmente en los equinoccios. Y este dura un poco menos que el a\u00f1o sideral, 365,242189 d\u00edas&#8221;.<\/li>\n<li class=\"bbc-acwcvw evvt9po0\" role=\"listitem\"><b>A\u00f1o anomal\u00edstico<\/b>: &#8220;La Tierra, al igual que los otros planetas, se mueve en elipsis. Esa elipsis hace que el Sol en algunas ocasiones est\u00e9 m\u00e1s cerca y m\u00e1s lejos de la Tierra. Pero hay un punto donde ambos est\u00e1n lo m\u00e1s cerca posible, el llamado perihelio&#8221;. Y el a\u00f1o anomal\u00edstico es el tiempo transcurrido entre dos pasos consecutivos de la Tierra por su perihelio. Dura 365,2596 d\u00edas&#8221;.<\/li>\n<\/ul>\n<\/div>\n<div class=\"bbc-19j92fr ebmt73l0\" dir=\"ltr\">\n<p class=\"bbc-hhl7in e17g058b0\" dir=\"ltr\">Si bien Larra\u00f1aga se\u00f1ala que todos est\u00e1n sobre el orden de los 365 d\u00edas, asumir que este es el periodo exacto de la duraci\u00f3n de un a\u00f1o se vuelve una simplificaci\u00f3n.<\/p>\n<\/div>\n<div class=\"bbc-19j92fr ebmt73l0\" dir=\"ltr\">\n<p class=\"bbc-hhl7in e17g058b0\" dir=\"ltr\">Pero adem\u00e1s, no tiene en cuenta otro factor.<\/p>\n<\/div>\n<div class=\"bbc-19j92fr ebmt73l0\" dir=\"ltr\">\n<p class=\"bbc-hhl7in e17g058b0\" dir=\"ltr\">&#8220;Hay otra cuesti\u00f3n, y es que, aunque tenemos esos c\u00e1lculos, no todos los a\u00f1os duran lo mismo, no tienen la misma duraci\u00f3n cada vez&#8221;, dice.<\/p>\n<\/div>\n<div class=\"bbc-19j92fr ebmt73l0\" dir=\"ltr\">\n<h2 id=\"El-largo-de-los-a\u00f1os\" class=\"bbc-1f03ibc eglt09e0\" tabindex=\"-1\">El largo de los a\u00f1os<\/h2>\n<\/div>\n<div class=\"bbc-19j92fr ebmt73l0\" dir=\"ltr\">\n<p class=\"bbc-hhl7in e17g058b0\" dir=\"ltr\">De acuerdo con el experto, si bien los astr\u00f3nomos han tratado de calcular con precisi\u00f3n a trav\u00e9s de los siglos el tiempo que tarda la Tierra en darle una vuelta al Sol, existe un problema b\u00e1sico que les impide obtener un n\u00famero definitivo.<\/p>\n<\/div>\n<div class=\"bbc-19j92fr ebmt73l0\" dir=\"ltr\">\n<p class=\"bbc-hhl7in e17g058b0\" dir=\"ltr\">&#8220;Hay que tener en cuenta que la duraci\u00f3n de los a\u00f1os nunca es igual debido a que\u00a0<b>en el Sistema Solar todo cambia<\/b>. Tomemos el a\u00f1o anomal\u00edstico: mientras la Tierra se mueve alrededor del Sol, el perihelio cambia como resultado de la acci\u00f3n gravitatoria de otros planetas, como J\u00fapiter&#8221;, dice.<\/p>\n<div class=\"bbc-19j92fr ebmt73l0\" dir=\"ltr\">\n<p class=\"bbc-hhl7in e17g058b0\" dir=\"ltr\">El f\u00edsico te\u00f3rico se\u00f1ala que algo similar ocurre con el llamado a\u00f1o tr\u00f3pico medio, que mide el intervalo de tiempo entre dos pasos consecutivos del Sol por el punto Aries o equinoccio de primavera, o con el sideral.<\/p>\n<\/div>\n<div class=\"bbc-19j92fr ebmt73l0\" dir=\"ltr\">\n<p class=\"bbc-hhl7in e17g058b0\" dir=\"ltr\">&#8220;El a\u00f1o tr\u00f3pico medio tambi\u00e9n cambia, dado que depende del eje de la Tierra, que est\u00e1 torcido. Es como un trompo que va balance\u00e1ndose. Entonces, la fecha y el momento del equinoccio tambi\u00e9n es diferente&#8221;, dice.<\/p>\n<\/div>\n<div class=\"bbc-19j92fr ebmt73l0\" dir=\"ltr\">\n<p class=\"bbc-hhl7in e17g058b0\" dir=\"ltr\">&#8220;Y si comparamos cu\u00e1nto duraba el a\u00f1o sideral en 2020 con cu\u00e1nto dur\u00f3 en el 1300 seguramente notaremos una diferencia. Siempre estar\u00eda en torno a los 365 d\u00edas, pero no ser\u00eda la misma duraci\u00f3n exacta, porque el movimiento de la Tierra no es siempre el mismo&#8221;, agrega.<\/p>\n<\/div>\n<\/div>\n<\/div>\n<\/div>\n<\/div>\n","protected":false},"excerpt":{"rendered":"<p>&nbsp; Brindis y uvas, bailes, resoluciones y rituales\u2026 la medianoche del 31 de diciembre es un momento de festejo, esperanza y recuento para millones de&hellip;<\/p>\n","protected":false},"author":99,"featured_media":515092,"comment_status":"open","ping_status":"open","sticky":false,"template":"","format":"standard","meta":{"footnotes":""},"categories":[24],"tags":[],"class_list":["post-515091","post","type-post","status-publish","format-standard","has-post-thumbnail","hentry","category-mundo"],"_links":{"self":[{"href":"https:\/\/diarioelpopular.com\/index.php\/wp-json\/wp\/v2\/posts\/515091","targetHints":{"allow":["GET"]}}],"collection":[{"href":"https:\/\/diarioelpopular.com\/index.php\/wp-json\/wp\/v2\/posts"}],"about":[{"href":"https:\/\/diarioelpopular.com\/index.php\/wp-json\/wp\/v2\/types\/post"}],"author":[{"embeddable":true,"href":"https:\/\/diarioelpopular.com\/index.php\/wp-json\/wp\/v2\/users\/99"}],"replies":[{"embeddable":true,"href":"https:\/\/diarioelpopular.com\/index.php\/wp-json\/wp\/v2\/comments?post=515091"}],"version-history":[{"count":1,"href":"https:\/\/diarioelpopular.com\/index.php\/wp-json\/wp\/v2\/posts\/515091\/revisions"}],"predecessor-version":[{"id":515093,"href":"https:\/\/diarioelpopular.com\/index.php\/wp-json\/wp\/v2\/posts\/515091\/revisions\/515093"}],"wp:featuredmedia":[{"embeddable":true,"href":"https:\/\/diarioelpopular.com\/index.php\/wp-json\/wp\/v2\/media\/515092"}],"wp:attachment":[{"href":"https:\/\/diarioelpopular.com\/index.php\/wp-json\/wp\/v2\/media?parent=515091"}],"wp:term":[{"taxonomy":"category","embeddable":true,"href":"https:\/\/diarioelpopular.com\/index.php\/wp-json\/wp\/v2\/categories?post=515091"},{"taxonomy":"post_tag","embeddable":true,"href":"https:\/\/diarioelpopular.com\/index.php\/wp-json\/wp\/v2\/tags?post=515091"}],"curies":[{"name":"wp","href":"https:\/\/api.w.org\/{rel}","templated":true}]}}