{"id":515101,"date":"2024-01-01T13:31:52","date_gmt":"2024-01-01T17:31:52","guid":{"rendered":"https:\/\/diarioelpopular.com\/?p=515101"},"modified":"2024-01-01T13:31:52","modified_gmt":"2024-01-01T17:31:52","slug":"el-papa-denuncia-la-violencia-contra-las-mujeres-y-reclama-mas-espacio-para-ellas-en-la-iglesia","status":"publish","type":"post","link":"https:\/\/diarioelpopular.com\/index.php\/2024\/01\/01\/el-papa-denuncia-la-violencia-contra-las-mujeres-y-reclama-mas-espacio-para-ellas-en-la-iglesia\/","title":{"rendered":"El Papa denuncia la violencia contra las mujeres y reclama m\u00e1s \u201cespacio\u201d para ellas en la Iglesia"},"content":{"rendered":"<p><img loading=\"lazy\" decoding=\"async\" class=\"alignnone size-custom-big-size wp-image-515102\" src=\"https:\/\/diarioelpopular.com\/wp-content\/uploads\/2024\/01\/Screen-Shot-2024-01-01-at-12.31.09-PM-1200x803.png\" alt=\"\" width=\"1200\" height=\"803\" srcset=\"https:\/\/diarioelpopular.com\/wp-content\/uploads\/2024\/01\/Screen-Shot-2024-01-01-at-12.31.09-PM-1200x803.png 1200w, https:\/\/diarioelpopular.com\/wp-content\/uploads\/2024\/01\/Screen-Shot-2024-01-01-at-12.31.09-PM-300x201.png 300w, https:\/\/diarioelpopular.com\/wp-content\/uploads\/2024\/01\/Screen-Shot-2024-01-01-at-12.31.09-PM-768x514.png 768w, https:\/\/diarioelpopular.com\/wp-content\/uploads\/2024\/01\/Screen-Shot-2024-01-01-at-12.31.09-PM-636x426.png 636w, https:\/\/diarioelpopular.com\/wp-content\/uploads\/2024\/01\/Screen-Shot-2024-01-01-at-12.31.09-PM-80x55.png 80w, https:\/\/diarioelpopular.com\/wp-content\/uploads\/2024\/01\/Screen-Shot-2024-01-01-at-12.31.09-PM-109x73.png 109w, https:\/\/diarioelpopular.com\/wp-content\/uploads\/2024\/01\/Screen-Shot-2024-01-01-at-12.31.09-PM.png 1024w\" sizes=\"auto, (max-width: 1200px) 100vw, 1200px\" \/><\/p>\n<h5><em>El papa Francisco, en el Vaticano, este 1 de enero.<span class=\"a_m_m\">REMO CASILLI (REUTERS)<\/span><\/em><\/h5>\n<p>&nbsp;<\/p>\n<p>&nbsp;<\/p>\n<div class=\"a_e_txt _df\">\n<h4 class=\"a_st\"><em>&#8211; \u201cQuien lastima a una mujer profana a Dios\u201d, ha se\u00f1alado Francisco en la misa de A\u00f1o Nuevo<\/em><\/h4>\n<\/div>\n<div class=\"a_e_m\"><\/div>\n<div><\/div>\n<div>\n<p class=\"\">El\u00a0<a href=\"https:\/\/elpais.com\/noticias\/francisco-i\/\" target=\"_blank\" rel=\"noopener\" data-link-track-dtm=\"\" data-mrf-link=\"https:\/\/elpais.com\/noticias\/francisco-i\/\">papa Francisco<\/a>\u00a0ha denunciado la violencia contra\u00a0<a href=\"https:\/\/elpais.com\/sociedad\/mujeres\/\" target=\"_blank\" rel=\"noopener\" data-link-track-dtm=\"\" data-mrf-link=\"https:\/\/elpais.com\/sociedad\/mujeres\/\">las mujeres\u00a0<\/a>en la misa del d\u00eda de A\u00f1o Nuevo, y ha defendido que la Iglesia debe darle m\u00e1s espacio a ellas y \u201credescubrir su rostro femenino\u201d. \u201cQuien lastima a una mujer profana a Dios, nacido de mujer\u201d, conden\u00f3 Bergoglio. Y record\u00f3: \u201cToda sociedad necesita acoger el don de la mujer, de cada mujer: respetarla, cuidarla, valorarla\u201d.<\/p>\n<p class=\"\">El d\u00eda 1 de enero el cristianismo dedica el d\u00eda a la Virgen, por eso el Pont\u00edfice abri\u00f3 el a\u00f1o con una misa en la bas\u00edlica en la que ensalz\u00f3 el papel de Mar\u00eda y de la mujer en la Iglesia. Francisco hizo referencia en su discurso a textos papales, como la enc\u00edclica\u00a0<a href=\"https:\/\/www.vatican.va\/archive\/hist_councils\/ii_vatican_council\/documents\/vat-ii_const_19641121_lumen-gentium_sp.html\" target=\"_blank\" rel=\"noopener\" data-link-track-dtm=\"\" data-mrf-link=\"https:\/\/www.vatican.va\/archive\/hist_councils\/ii_vatican_council\/documents\/vat-ii_const_19641121_lumen-gentium_sp.html\"><i>Lumen gentium<\/i><\/a>\u00a0(1964) que Pablo VI escribi\u00f3 en el revolucionario Concilio Vaticano II, y se\u00f1al\u00f3 que \u201cla Iglesia necesita de Mar\u00eda para redescubrir su propio rostro femenino, para asemejarse m\u00e1s a ella que, como mujer, Virgen y Madre, representa su modelo y su figura perfecta; para dar espacio a las mujeres y para ser generativa a trav\u00e9s de una pastoral hecha de cuidado y solicitud, de paciencia y valent\u00eda materna\u201d.<\/p>\n<p class=\"\">El Pont\u00edfice habl\u00f3 tambi\u00e9n del resto del mundo durante la misa solemne y ante la plana mayor de la curia romana, otras autoridades y los miles de fieles congregados en el templo: \u201cTambi\u00e9n el mundo necesita mirar a las madres y a las mujeres para encontrar la paz, para escapar de las espirales de violencia y odio, y volver a tener miradas humanas y corazones que ven\u201d.<\/p>\n<p class=\"\">\u201cNuestro tiempo, vac\u00edo de paz, necesita de una Madre que vuelva a reunir a la familia humana. Miremos a Mar\u00eda para ser constructores de unidad\u201d, insisti\u00f3 Francisco.<\/p>\n<p>&nbsp;<\/p>\n<h5 class=\"a_m a_m-h \"><span class=\"_db a_m_w _pr lb_btn\"><img loading=\"lazy\" decoding=\"async\" class=\"_re lazyload a_m-h\" src=\"https:\/\/imagenes.elpais.com\/resizer\/JkLjbEdFc1XID9sq26p3c2PIEDs=\/414x0\/cloudfront-eu-central-1.images.arcpublishing.com\/prisa\/BIL6F6XXBACFYNHAVX2ZOCOSEQ.jpg\" sizes=\"auto, (min-width:1199px) 1155px,(min-width:1001px) calc(100vw - 44px),(min-width:768px) 767px, 100vw\" srcset=\"https:\/\/imagenes.elpais.com\/resizer\/JkLjbEdFc1XID9sq26p3c2PIEDs=\/414x0\/cloudfront-eu-central-1.images.arcpublishing.com\/prisa\/BIL6F6XXBACFYNHAVX2ZOCOSEQ.jpg 414w,https:\/\/imagenes.elpais.com\/resizer\/m8Fd7C3Gs8V3fjrnTvvjbmJZUGE=\/828x0\/cloudfront-eu-central-1.images.arcpublishing.com\/prisa\/BIL6F6XXBACFYNHAVX2ZOCOSEQ.jpg 640w,https:\/\/imagenes.elpais.com\/resizer\/WHNzIcW3oEQGf0KR75aRXzysPnM=\/980x0\/cloudfront-eu-central-1.images.arcpublishing.com\/prisa\/BIL6F6XXBACFYNHAVX2ZOCOSEQ.jpg 1000w,https:\/\/imagenes.elpais.com\/resizer\/lnNglL-P5FtOBIpCm4-bbvJe644=\/1960x0\/cloudfront-eu-central-1.images.arcpublishing.com\/prisa\/BIL6F6XXBACFYNHAVX2ZOCOSEQ.jpg 1960w\" alt=\"El papa Francisco, durante el rezo del \u00c1ngelus desde el Palacio Apost\u00f3lico Vaticano, este lunes.\" width=\"414\" height=\"277\" \/><\/span>El papa Francisco, durante el rezo del \u00c1ngelus desde el Palacio Apost\u00f3lico Vaticano, este lunes.<span class=\"a_m_m\"><span class=\"a_m_m\">REMO CASILLI (REUTERS)<\/p>\n<p><\/span><\/span>&nbsp;<\/p>\n<p class=\"\">Durante su pontificado, Francisco ha dado pasos para ampliar las responsabilidades de la mujer en la Iglesia y ha nombrado a varias mujeres en puestos de direcci\u00f3n en la curia. Por ejemplo, la religiosa italiana Alessandra Smerilli fue nombrada en 2021 subsecretaria del dicasterio para el Servicio del Desarrollo Humano Integral, el cargo m\u00e1s alto ocupado por una mujer en la Santa Sede.<\/p>\n<p class=\"\">Este a\u00f1o adem\u00e1s se ha celebrado la asamblea del\u00a0<a href=\"https:\/\/eur01.safelinks.protection.outlook.com\/?url=https%3A%2F%2Felpais.com%2Fsociedad%2F2023-10-04%2Fel-papa-inaugura-el-primer-sinodo-de-la-iglesia-en-el-que-votaran-las-mujeres.html&amp;data=05%7C02%7CCAlvarezA%40elpais.es%7Cfb761acdb8e946749e9308dc0acd9b48%7Cc4fd49f3e15a44d882e2c909735d2e45%7C0%7C0%7C638397125398538189%7CUnknown%7CTWFpbGZsb3d8eyJWIjoiMC4wLjAwMDAiLCJQIjoiV2luMzIiLCJBTiI6Ik1haWwiLCJXVCI6Mn0%3D%7C3000%7C%7C%7C&amp;sdata=PrMI16dgs2UyLb6Qu%2FgJg6N8ZoE1BEsQjrdpcfWq4mY%3D&amp;reserved=0\" data-link-track-dtm=\"\" data-mrf-link=\"https:\/\/eur01.safelinks.protection.outlook.com\/?url=https%3A%2F%2Felpais.com%2Fsociedad%2F2023-10-04%2Fel-papa-inaugura-el-primer-sinodo-de-la-iglesia-en-el-que-votaran-las-mujeres.html&amp;data=05%7C02%7CCAlvarezA%40elpais.es%7Cfb761acdb8e946749e9308dc0acd9b48%7Cc4fd49f3e15a44d882e2c909735d2e45%7C0%7C0%7C638397125398538189%7CUnknown%7CTWFpbGZsb3d8eyJWIjoiMC4wLjAwMDAiLCJQIjoiV2luMzIiLCJBTiI6Ik1haWwiLCJXVCI6Mn0%3D%7C3000%7C%7C%7C&amp;sdata=PrMI16dgs2UyLb6Qu%2FgJg6N8ZoE1BEsQjrdpcfWq4mY%3D&amp;reserved=0\">primer s\u00ednodo de la Iglesia en el que las mujeres y los laicos tienen derecho a voto<\/a>. El encuentro concluy\u00f3 con\u00a0<a href=\"https:\/\/eur01.safelinks.protection.outlook.com\/?url=https%3A%2F%2Felpais.com%2Fsociedad%2F2023-10-28%2Fel-sinodo-de-los-obispos-desafia-a-la-iglesia-para-que-se-pronuncie-sobre-el-papel-de-la-mujer.html&amp;data=05%7C02%7CCAlvarezA%40elpais.es%7Cfb761acdb8e946749e9308dc0acd9b48%7Cc4fd49f3e15a44d882e2c909735d2e45%7C0%7C0%7C638397125398538189%7CUnknown%7CTWFpbGZsb3d8eyJWIjoiMC4wLjAwMDAiLCJQIjoiV2luMzIiLCJBTiI6Ik1haWwiLCJXVCI6Mn0%3D%7C3000%7C%7C%7C&amp;sdata=fj6cAowzSeY%2F0G%2BfN7UoKhrtmWrQn%2BH8SCVk%2B8KUR6I%3D&amp;reserved=0\" data-link-track-dtm=\"\" data-mrf-link=\"https:\/\/eur01.safelinks.protection.outlook.com\/?url=https%3A%2F%2Felpais.com%2Fsociedad%2F2023-10-28%2Fel-sinodo-de-los-obispos-desafia-a-la-iglesia-para-que-se-pronuncie-sobre-el-papel-de-la-mujer.html&amp;data=05%7C02%7CCAlvarezA%40elpais.es%7Cfb761acdb8e946749e9308dc0acd9b48%7Cc4fd49f3e15a44d882e2c909735d2e45%7C0%7C0%7C638397125398538189%7CUnknown%7CTWFpbGZsb3d8eyJWIjoiMC4wLjAwMDAiLCJQIjoiV2luMzIiLCJBTiI6Ik1haWwiLCJXVCI6Mn0%3D%7C3000%7C%7C%7C&amp;sdata=fj6cAowzSeY%2F0G%2BfN7UoKhrtmWrQn%2BH8SCVk%2B8KUR6I%3D&amp;reserved=0\">un documento que reclama m\u00e1s puestos de poder para ellas y con el compromiso de presentar en un a\u00f1o conclusiones sobre el diaconado femenino<\/a>.<\/p>\n<p class=\"\">Francisco ha denunciado la violencia contra las mujeres numerosas veces, pero en esta ocasi\u00f3n en Italia se ha acogido de una forma particular, ya que en este\u00a0<a href=\"https:\/\/eur01.safelinks.protection.outlook.com\/?url=https%3A%2F%2Felpais.com%2Fsociedad%2F2023-11-26%2Fel-asesinato-machista-que-puede-cambiar-italia.html&amp;data=05%7C02%7CCAlvarezA%40elpais.es%7Cfb761acdb8e946749e9308dc0acd9b48%7Cc4fd49f3e15a44d882e2c909735d2e45%7C0%7C0%7C638397125398538189%7CUnknown%7CTWFpbGZsb3d8eyJWIjoiMC4wLjAwMDAiLCJQIjoiV2luMzIiLCJBTiI6Ik1haWwiLCJXVCI6Mn0%3D%7C3000%7C%7C%7C&amp;sdata=Rr1xj94eSHgAI5Xsvl9jpADOu3z%2F56JCJfPHIuWsRv0%3D&amp;reserved=0\" data-link-track-dtm=\"\" data-mrf-link=\"https:\/\/eur01.safelinks.protection.outlook.com\/?url=https%3A%2F%2Felpais.com%2Fsociedad%2F2023-11-26%2Fel-asesinato-machista-que-puede-cambiar-italia.html&amp;data=05%7C02%7CCAlvarezA%40elpais.es%7Cfb761acdb8e946749e9308dc0acd9b48%7Cc4fd49f3e15a44d882e2c909735d2e45%7C0%7C0%7C638397125398538189%7CUnknown%7CTWFpbGZsb3d8eyJWIjoiMC4wLjAwMDAiLCJQIjoiV2luMzIiLCJBTiI6Ik1haWwiLCJXVCI6Mn0%3D%7C3000%7C%7C%7C&amp;sdata=Rr1xj94eSHgAI5Xsvl9jpADOu3z%2F56JCJfPHIuWsRv0%3D&amp;reserved=0\">momento el pa\u00eds se encuentra en pleno examen de conciencia sobre c\u00f3mo neutralizar una arraigada cultura machista<\/a>\u00a0que en ocasiones desemboca en feminicidios. El brutal asesinato de una universitaria de 22 a\u00f1os a manos de su expareja ha activado una ins\u00f3lita toma de conciencia en la sociedad. El crimen ha provocado protestas en todo el pa\u00eds y ha abierto el debate sobre la necesidad de legislar y poner en marcha iniciativas en las escuelas para atajar la violencia machista.<\/p>\n<p class=\"\">Seg\u00fan el Ministerio del Interior italiano, m\u00e1s de un centenar de mujeres fueron asesinadas en 2023, de ellas, 96 a manos de su pareja o expareja. El feminicidio se ha convertido en una palabra habitual en los titulares de los peri\u00f3dicos los \u00faltimos meses.<\/p>\n<p>&nbsp;<\/h5>\n<figure class=\"a_m a_m-h \"><span class=\"_db a_m_w _pr lb_btn\"><img loading=\"lazy\" decoding=\"async\" class=\"_re lazyload a_m-h\" src=\"https:\/\/imagenes.elpais.com\/resizer\/WQE81nJTeqZcZrZKroFFPeaa8QU=\/414x0\/cloudfront-eu-central-1.images.arcpublishing.com\/prisa\/4ARYAUF2ZAV3NZ3PP3N6XUV6PM.jpg\" sizes=\"auto, (min-width:1199px) 1155px,(min-width:1001px) calc(100vw - 44px),(min-width:768px) 767px, 100vw\" srcset=\"https:\/\/imagenes.elpais.com\/resizer\/WQE81nJTeqZcZrZKroFFPeaa8QU=\/414x0\/cloudfront-eu-central-1.images.arcpublishing.com\/prisa\/4ARYAUF2ZAV3NZ3PP3N6XUV6PM.jpg 414w,https:\/\/imagenes.elpais.com\/resizer\/Tnh1ECXJsD4G2ygXGCzyySYpXqk=\/828x0\/cloudfront-eu-central-1.images.arcpublishing.com\/prisa\/4ARYAUF2ZAV3NZ3PP3N6XUV6PM.jpg 640w,https:\/\/imagenes.elpais.com\/resizer\/iLdnaKdqeEm_FBWvqBKvXsV-4ww=\/980x0\/cloudfront-eu-central-1.images.arcpublishing.com\/prisa\/4ARYAUF2ZAV3NZ3PP3N6XUV6PM.jpg 1000w,https:\/\/imagenes.elpais.com\/resizer\/UhkcuBAW2iwMAyxFWqt8CaUtuWg=\/1960x0\/cloudfront-eu-central-1.images.arcpublishing.com\/prisa\/4ARYAUF2ZAV3NZ3PP3N6XUV6PM.jpg 1960w\" alt=\"Asistentes durante el rezo del \u00c1ngelus, este en la plaza de San Pedro en el Vaticano. \" width=\"414\" height=\"277\" \/><\/span><figcaption class=\"a_m_p\"><em>Asistentes durante el rezo del \u00c1ngelus, este en la plaza de San Pedro en el Vaticano.<\/em><span class=\"a_m_m\"><em>VATICAN MEDIA (VIA REUTERS)<\/em><\/p>\n<p><\/span><\/figcaption><\/figure>\n<p class=\"\">En Italia se vive un clima de concienciaci\u00f3n tambi\u00e9n favorecido indirectamente por el estreno de la comedia dram\u00e1tica\u00a0<i>C\u2019\u00e8 ancora domani<\/i>, sobre la emancipaci\u00f3n de las mujeres y el sufragio femenino en el a\u00f1o 1946. La cinta va camino de convertirse en la pel\u00edcula m\u00e1s vista de la historia del pa\u00eds y ya se utiliza como herramienta did\u00e1ctica en las escuelas de todo el pa\u00eds.<\/p>\n<p>La Iglesia celebra en A\u00f1o Nuevo desde 1967 tambi\u00e9n la Jornada Mundial de la Paz. El Papa publica algunas semanas antes un mensaje especial para este d\u00eda, que en esta ocasi\u00f3n abordaba los riesgos de la inteligencia artificial. \u201cLa inteligencia artificial debe ser entendida como una galaxia de realidades distintas y no podemos presumir\u00a0<i>a priori<\/i>\u00a0que su desarrollo aporte una contribuci\u00f3n ben\u00e9fica al futuro de la humanidad y a la paz entre los pueblos. Tal resultado positivo s\u00f3lo ser\u00e1 posible si somos capaces de actuar de forma responsable\u201d, se\u00f1al\u00f3 el Pont\u00edfice. Seg\u00fan Francisco, los progresos tecnol\u00f3gicos y cient\u00edficos est\u00e1n permitiendo \u201cun control sobre la realidad nunca visto hasta ahora\u201d y \u201cponiendo en las manos del hombre una vasta gama de posibilidades, algunas de las cuales representan un riesgo para la supervivencia humana y un peligro para la casa com\u00fan\u201d.<\/p>\n<h5 class=\"a_m a_m-h \"><\/h5>\n<\/div>\n","protected":false},"excerpt":{"rendered":"<p>El papa Francisco, en el Vaticano, este 1 de enero.REMO CASILLI (REUTERS) &nbsp; &nbsp; &#8211; \u201cQuien lastima a una mujer profana a Dios\u201d, ha se\u00f1alado&hellip;<\/p>\n","protected":false},"author":99,"featured_media":515102,"comment_status":"open","ping_status":"open","sticky":false,"template":"","format":"standard","meta":{"footnotes":""},"categories":[24],"tags":[],"class_list":["post-515101","post","type-post","status-publish","format-standard","has-post-thumbnail","hentry","category-mundo"],"_links":{"self":[{"href":"https:\/\/diarioelpopular.com\/index.php\/wp-json\/wp\/v2\/posts\/515101","targetHints":{"allow":["GET"]}}],"collection":[{"href":"https:\/\/diarioelpopular.com\/index.php\/wp-json\/wp\/v2\/posts"}],"about":[{"href":"https:\/\/diarioelpopular.com\/index.php\/wp-json\/wp\/v2\/types\/post"}],"author":[{"embeddable":true,"href":"https:\/\/diarioelpopular.com\/index.php\/wp-json\/wp\/v2\/users\/99"}],"replies":[{"embeddable":true,"href":"https:\/\/diarioelpopular.com\/index.php\/wp-json\/wp\/v2\/comments?post=515101"}],"version-history":[{"count":1,"href":"https:\/\/diarioelpopular.com\/index.php\/wp-json\/wp\/v2\/posts\/515101\/revisions"}],"predecessor-version":[{"id":515103,"href":"https:\/\/diarioelpopular.com\/index.php\/wp-json\/wp\/v2\/posts\/515101\/revisions\/515103"}],"wp:featuredmedia":[{"embeddable":true,"href":"https:\/\/diarioelpopular.com\/index.php\/wp-json\/wp\/v2\/media\/515102"}],"wp:attachment":[{"href":"https:\/\/diarioelpopular.com\/index.php\/wp-json\/wp\/v2\/media?parent=515101"}],"wp:term":[{"taxonomy":"category","embeddable":true,"href":"https:\/\/diarioelpopular.com\/index.php\/wp-json\/wp\/v2\/categories?post=515101"},{"taxonomy":"post_tag","embeddable":true,"href":"https:\/\/diarioelpopular.com\/index.php\/wp-json\/wp\/v2\/tags?post=515101"}],"curies":[{"name":"wp","href":"https:\/\/api.w.org\/{rel}","templated":true}]}}