{"id":515106,"date":"2024-01-01T13:42:01","date_gmt":"2024-01-01T17:42:01","guid":{"rendered":"https:\/\/diarioelpopular.com\/?p=515106"},"modified":"2024-01-01T13:42:01","modified_gmt":"2024-01-01T17:42:01","slug":"que-queda-del-zapatismo-30-anos-despues-del-levantamiento-armado-del-ezln-en-mexico-y-que-fue-del-subcomandante-marcos","status":"publish","type":"post","link":"https:\/\/diarioelpopular.com\/index.php\/2024\/01\/01\/que-queda-del-zapatismo-30-anos-despues-del-levantamiento-armado-del-ezln-en-mexico-y-que-fue-del-subcomandante-marcos\/","title":{"rendered":"Qu\u00e9 queda del zapatismo 30 a\u00f1os despu\u00e9s del levantamiento armado del EZLN en M\u00e9xico (y qu\u00e9 fue del subcomandante Marcos)"},"content":{"rendered":"<p><img loading=\"lazy\" decoding=\"async\" class=\"alignnone size-custom-big-size wp-image-515107\" src=\"https:\/\/diarioelpopular.com\/wp-content\/uploads\/2024\/01\/Screen-Shot-2024-01-01-at-12.41.23-PM-1200x638.png\" alt=\"\" width=\"1200\" height=\"638\" srcset=\"https:\/\/diarioelpopular.com\/wp-content\/uploads\/2024\/01\/Screen-Shot-2024-01-01-at-12.41.23-PM-1200x638.png 1200w, https:\/\/diarioelpopular.com\/wp-content\/uploads\/2024\/01\/Screen-Shot-2024-01-01-at-12.41.23-PM-300x160.png 300w, https:\/\/diarioelpopular.com\/wp-content\/uploads\/2024\/01\/Screen-Shot-2024-01-01-at-12.41.23-PM-768x408.png 768w, https:\/\/diarioelpopular.com\/wp-content\/uploads\/2024\/01\/Screen-Shot-2024-01-01-at-12.41.23-PM-636x338.png 636w, https:\/\/diarioelpopular.com\/wp-content\/uploads\/2024\/01\/Screen-Shot-2024-01-01-at-12.41.23-PM-137x73.png 137w, https:\/\/diarioelpopular.com\/wp-content\/uploads\/2024\/01\/Screen-Shot-2024-01-01-at-12.41.23-PM.png 1024w\" sizes=\"auto, (max-width: 1200px) 100vw, 1200px\" \/><\/p>\n<h5><em>Miles de campesinos tomaron las principales ciudades de Chiapas el 1 de enero de 1994.<\/em><\/h5>\n<p>&nbsp;<\/p>\n<p>&nbsp;<\/p>\n<div class=\"bbc-19j92fr ebmt73l0\" dir=\"ltr\">\n<ul>\n<li class=\"bbc-hhl7in e17g058b0\" dir=\"ltr\"><em><b>El d\u00eda que el Ej\u00e9rcito Zapatista de Liberaci\u00f3n Nacional (EZLN) entr\u00f3 en San Crist\u00f3bal de las Casas, Rosa Elvira sali\u00f3 con su uniforme de enfermera hacia el hospital como todos los d\u00edas.<\/b><\/em><\/li>\n<\/ul>\n<\/div>\n<div class=\"bbc-19j92fr ebmt73l0\" dir=\"ltr\">\n<p dir=\"ltr\">\n<p class=\"bbc-hhl7in e17g058b0\" dir=\"ltr\">Era 1 de enero de 1994, las radios locales dec\u00edan que unos\u00a0900 campesinos armados hab\u00edan tomado esta ciudad\u00a0del sur de M\u00e9xico. Exig\u00edan la renuncia del presidente Carlos Salinas de Gortari, al que llamaban &#8220;dictador&#8221;.<\/p>\n<\/div>\n<div class=\"bbc-19j92fr ebmt73l0\" dir=\"ltr\">\n<p class=\"bbc-hhl7in e17g058b0\" dir=\"ltr\">La emisora Xeoch repet\u00eda un mensaje grabado en tzeltal por los zapatistas en el que ped\u00edan\u00a0&#8220;pan, salud, educaci\u00f3n y autonom\u00eda&#8221;\u00a0para los ind\u00edgenas.<\/p>\n<\/div>\n<div class=\"bbc-19j92fr ebmt73l0\" dir=\"ltr\">\n<p class=\"bbc-hhl7in e17g058b0\" dir=\"ltr\">Rosa Elvira recuerda que aquel d\u00eda no pudo salir de San Crist\u00f3bal. Dej\u00f3 su casa, pero solo avanz\u00f3 unos metros.<\/p>\n<\/div>\n<section class=\"bbc-geybui\" role=\"region\" aria-label=\"Publicidad 2\" aria-hidden=\"true\" data-e2e=\"advertisement\"><\/section>\n<div class=\"bbc-19j92fr ebmt73l0\" dir=\"ltr\">\n<p class=\"bbc-hhl7in e17g058b0\" dir=\"ltr\">Fue en el Parque Central de la ciudad, en el coraz\u00f3n hist\u00f3rico de la antigua capital de Chiapas, donde tom\u00f3 dimensi\u00f3n de lo que realmente estaba pasando.<\/p>\n<\/div>\n<div class=\"bbc-1n4f7vm ebmt73l0\" dir=\"ltr\"><\/div>\n<div class=\"bbc-19j92fr ebmt73l0\" dir=\"ltr\">\n<p class=\"bbc-hhl7in e17g058b0\" dir=\"ltr\">Los helic\u00f3pteros del ej\u00e9rcito sobrevolaban la plaza.<\/p>\n<\/div>\n<div class=\"bbc-19j92fr ebmt73l0\" dir=\"ltr\">\n<p class=\"bbc-hhl7in e17g058b0\" dir=\"ltr\">El Palacio Municipal hab\u00eda sido tomado por\u00a0ind\u00edgenas armados\u00a0que andaban con la mitad del rostro cubierto con &#8220;paliacates&#8221; rojos y pasamonta\u00f1as negros.<\/p>\n<\/div>\n<div class=\"bbc-19j92fr ebmt73l0\" dir=\"ltr\">\n<p class=\"bbc-hhl7in e17g058b0\" dir=\"ltr\">Los archivos p\u00fablicos que no hab\u00edan sido quemados volaban por las galer\u00edas de la sede del poder pol\u00edtico.<\/p>\n<\/div>\n<div class=\"bbc-19j92fr ebmt73l0\" dir=\"ltr\">\n<p class=\"bbc-hhl7in e17g058b0\" dir=\"ltr\">Los medicamentos hab\u00edan desaparecido de las farmacias saqueadas por los zapatistas.<\/p>\n<\/div>\n<div class=\"bbc-19j92fr ebmt73l0\" dir=\"ltr\">\n<p class=\"bbc-hhl7in e17g058b0\" dir=\"ltr\">Ese fue el\u00a0primer d\u00eda que Rosa Elvira escuch\u00f3 hablar del EZLN.<\/p>\n<p dir=\"ltr\">\n<\/div>\n<div class=\"bbc-18qcclp\"><picture><img loading=\"lazy\" decoding=\"async\" class=\"bbc-1uwua2r\" src=\"https:\/\/ichef.bbci.co.uk\/news\/640\/cpsprodpb\/37b4\/live\/0c4460b0-a518-11ee-8d8d-51d09b0c1d66.jpg\" sizes=\"auto, (min-width: 1008px) 760px, 100vw\" srcset=\"https:\/\/ichef.bbci.co.uk\/news\/240\/cpsprodpb\/37b4\/live\/0c4460b0-a518-11ee-8d8d-51d09b0c1d66.jpg 240w, https:\/\/ichef.bbci.co.uk\/news\/320\/cpsprodpb\/37b4\/live\/0c4460b0-a518-11ee-8d8d-51d09b0c1d66.jpg 320w, https:\/\/ichef.bbci.co.uk\/news\/480\/cpsprodpb\/37b4\/live\/0c4460b0-a518-11ee-8d8d-51d09b0c1d66.jpg 480w, https:\/\/ichef.bbci.co.uk\/news\/624\/cpsprodpb\/37b4\/live\/0c4460b0-a518-11ee-8d8d-51d09b0c1d66.jpg 624w, https:\/\/ichef.bbci.co.uk\/news\/800\/cpsprodpb\/37b4\/live\/0c4460b0-a518-11ee-8d8d-51d09b0c1d66.jpg 800w\" alt=\"Rosa Elvira G\u00f3mez Castillo.\" width=\"1536\" height=\"864\" \/><\/picture><\/div>\n<h5 class=\"bbc-1qn0xuy\"><em>Rosa Elvira G\u00f3mez Castillo, una enfermera de San Crist\u00f3bal, delante del antiguo Palacio Municipal tomado por el EZLN en 1994.<\/em><\/h5>\n<div class=\"bbc-19j92fr ebmt73l0\" dir=\"ltr\">\n<p dir=\"ltr\">\n<p dir=\"ltr\">\n<p class=\"bbc-hhl7in e17g058b0\" dir=\"ltr\">Treinta a\u00f1os despu\u00e9s, las paredes del antiguo Palacio Municipal devenido en museo lucen pintadas de un pulcro amarillo pastel.<\/p>\n<\/div>\n<div class=\"bbc-19j92fr ebmt73l0\" dir=\"ltr\">\n<p class=\"bbc-hhl7in e17g058b0\" dir=\"ltr\">En el gablete de la fachada, en lugar de alguna bala perdida, unas luces blancas y doradas dicen &#8220;Feliz Navidad&#8221;.<\/p>\n<\/div>\n<div class=\"bbc-19j92fr ebmt73l0\" dir=\"ltr\">\n<p class=\"bbc-hhl7in e17g058b0\" dir=\"ltr\">En el Parque Central,\u00a0no quedan registros de aquellos d\u00edas.<\/p>\n<\/div>\n<div class=\"bbc-19j92fr ebmt73l0\" dir=\"ltr\">\n<p class=\"bbc-hhl7in e17g058b0\" dir=\"ltr\">No se escuchan los helic\u00f3pteros, sino el sonido de una marimba. Las bailarinas agitan sus polleras y dan zapatazos al ritmo de &#8220;Monterrey de mis amores&#8221; de la regi\u00f3n de Nueva Le\u00f3n, importado del norte de M\u00e9xico.<\/p>\n<\/div>\n<div class=\"bbc-19j92fr ebmt73l0\" dir=\"ltr\">\n<p class=\"bbc-hhl7in e17g058b0\" dir=\"ltr\">Gabriela, vestida con una falda chiapaneca bordada con flores de mil colores, se pierde en la explicaci\u00f3n sobre las &#8220;polleras peludas&#8221;, que sirven para identificar a las mujeres m\u00e1s adineradas de San Juan Chamula.<\/p>\n<\/div>\n<div class=\"bbc-19j92fr ebmt73l0\" dir=\"ltr\">\n<p class=\"bbc-hhl7in e17g058b0\" dir=\"ltr\">Interrumpe su relato solo para espiar la caravana navide\u00f1a que marcha por la calle Diego de Mazariegos al ritmo de las trompetas y sirve de im\u00e1n para los m\u00e1s chicos, en una ciudad repleta de ni\u00f1os.<\/p>\n<\/div>\n<div class=\"bbc-19j92fr ebmt73l0\" dir=\"ltr\">\n<p class=\"bbc-hhl7in e17g058b0\" dir=\"ltr\">Tal vez solo unos pocos de todos ellos recuerden lo que pasaba en esa misma plaza hace tres d\u00e9cadas.<\/p>\n<\/div>\n<div class=\"bbc-19j92fr ebmt73l0\" dir=\"ltr\">\n<p class=\"bbc-hhl7in e17g058b0\" dir=\"ltr\">La prensa visit\u00f3 el lugar para ver\u00a0qu\u00e9 queda del zapatismo\u00a0en el sur de M\u00e9xico, pero antes, volvamos a esos d\u00edas.<\/p>\n<\/div>\n<div class=\"bbc-19j92fr ebmt73l0\" dir=\"ltr\">\n<h2 id=\"Las-horas-del-levantamiento\" class=\"bbc-1f03ibc eglt09e0\" tabindex=\"-1\">Las horas del levantamiento<\/h2>\n<\/div>\n<div class=\"bbc-19j92fr ebmt73l0\" dir=\"ltr\">\n<p class=\"bbc-hhl7in e17g058b0\" dir=\"ltr\">La guerrilla se hab\u00eda preparado por m\u00e1s de diez a\u00f1os para el levantamiento. Pero los &#8220;coletos&#8221; -como llaman a los habitantes de San Crist\u00f3bal que no son ind\u00edgenas- se enteraron ese d\u00eda.<\/p>\n<\/div>\n<div class=\"bbc-19j92fr ebmt73l0\" dir=\"ltr\">\n<p class=\"bbc-hhl7in e17g058b0\" dir=\"ltr\">Hab\u00eda algunos indicios de lo que pasar\u00eda. Aunque solo ten\u00edan acceso aquellos que recorr\u00edan en silencio las rutas en forma de espiral de los\u00a0Altos de Chiapas\u00a0o la fragosidad de la\u00a0Selva Lacandona.<\/p>\n<\/div>\n<div class=\"bbc-19j92fr ebmt73l0\" dir=\"ltr\">\n<p class=\"bbc-hhl7in e17g058b0\" dir=\"ltr\">El periodista Gaspar Morquecho del peri\u00f3dico local El Tiempo, el primer medio en dar a conocer la insurrecci\u00f3n armada, fue uno de ellos.<\/p>\n<\/div>\n<div class=\"bbc-19j92fr ebmt73l0\" dir=\"ltr\">\n<p class=\"bbc-hhl7in e17g058b0\" dir=\"ltr\">Mientras visitaba la localidad de Adolfo L\u00f3pez Mateos, un peque\u00f1o pueblo rural de menos de 500 habitantes a 2.100 metros de altura y a una hora de distancia de San Crist\u00f3bal, el reportero registr\u00f3 el adelanto de lo que pasar\u00eda.<\/p>\n<\/div>\n<div class=\"bbc-19j92fr ebmt73l0\" dir=\"ltr\">\n<p class=\"bbc-hhl7in e17g058b0\" dir=\"ltr\">&#8220;Se viene la guerra, Don Gaspar&#8221;, le dijo una mujer ind\u00edgena al periodista.<\/p>\n<\/div>\n<div class=\"bbc-19j92fr ebmt73l0\" dir=\"ltr\">\n<p class=\"bbc-hhl7in e17g058b0\" dir=\"ltr\">Morquecho pens\u00f3 que entonces s\u00ed, que el rumor de una insurrecci\u00f3n armada que pocos cre\u00edan posible en plena d\u00e9cada de 1990, finalmente pod\u00eda suceder.<\/p>\n<\/div>\n<div class=\"bbc-19j92fr ebmt73l0\" dir=\"ltr\">\n<p class=\"bbc-hhl7in e17g058b0\" dir=\"ltr\">A las pocas horas del levantamiento, empez\u00f3 a llegar m\u00e1s informaci\u00f3n a la antigua capital del estado.<\/p>\n<\/div>\n<div class=\"bbc-19j92fr ebmt73l0\" dir=\"ltr\">\n<p class=\"bbc-hhl7in e17g058b0\" dir=\"ltr\">Adem\u00e1s de San Crist\u00f3bal, las ciudades chiapanecas de Ocosingo, Chanal, Altamirano, Las Margaritas hab\u00edan amanecido tomadas por el EZLN. M\u00e1s adelante se sumar\u00edan Oxchuc, Huixtan, Simojovel, entre otras.<\/p>\n<p dir=\"ltr\">\n<\/div>\n<figure class=\"bbc-1qn0xuy\">\n<div class=\"bbc-18qcclp\"><picture><img loading=\"lazy\" decoding=\"async\" class=\"bbc-1uwua2r\" src=\"https:\/\/ichef.bbci.co.uk\/news\/640\/cpsprodpb\/8469\/live\/6dd222b0-a5ac-11ee-beb5-e1400df560f2.png\" sizes=\"auto, (min-width: 1008px) 760px, 100vw\" srcset=\"https:\/\/ichef.bbci.co.uk\/news\/240\/cpsprodpb\/8469\/live\/6dd222b0-a5ac-11ee-beb5-e1400df560f2.png 240w, https:\/\/ichef.bbci.co.uk\/news\/320\/cpsprodpb\/8469\/live\/6dd222b0-a5ac-11ee-beb5-e1400df560f2.png 320w, https:\/\/ichef.bbci.co.uk\/news\/480\/cpsprodpb\/8469\/live\/6dd222b0-a5ac-11ee-beb5-e1400df560f2.png 480w, https:\/\/ichef.bbci.co.uk\/news\/624\/cpsprodpb\/8469\/live\/6dd222b0-a5ac-11ee-beb5-e1400df560f2.png 624w, https:\/\/ichef.bbci.co.uk\/news\/800\/cpsprodpb\/8469\/live\/6dd222b0-a5ac-11ee-beb5-e1400df560f2.png 800w\" alt=\"Mapa de las ciudades tomadas por el EZLN\" width=\"1280\" height=\"1622\" \/><\/picture><\/div>\n<\/figure>\n<div class=\"bbc-19j92fr ebmt73l0\" dir=\"ltr\">\n<p dir=\"ltr\">\n<p class=\"bbc-hhl7in e17g058b0\" dir=\"ltr\">&#8221;El prop\u00f3sito de las tomas era\u00a0desencadenar la insurrecci\u00f3n en M\u00e9xico&#8221;, escribi\u00f3 Carlos Tello Diaz en su libro &#8221;La rebeli\u00f3n de las Ca\u00f1adas&#8221;.<\/p>\n<\/div>\n<div class=\"bbc-19j92fr ebmt73l0\" dir=\"ltr\">\n<p class=\"bbc-hhl7in e17g058b0\" dir=\"ltr\">Rosa Elvira quer\u00eda entender qu\u00e9 estaba pasando, qu\u00e9 era aquella bandera negra con una estrella roja, por qu\u00e9 andaban con el rostro tapado. Pero los campesinos no hablaban.<\/p>\n<\/div>\n<div class=\"bbc-19j92fr ebmt73l0\" dir=\"ltr\">\n<p class=\"bbc-hhl7in e17g058b0\" dir=\"ltr\">Hasta que un hombre m\u00e1s alto que el resto, con una pipa y un pasamonta\u00f1as que proteg\u00eda su identidad, le dio una respuesta.<\/p>\n<\/div>\n<div class=\"bbc-19j92fr ebmt73l0\" dir=\"ltr\">\n<p class=\"bbc-hhl7in e17g058b0\" dir=\"ltr\">&#8220;El problema no es con la poblaci\u00f3n sino con el gobierno, se\u00f1ora&#8221;, recuerda que le dijo el subcomandante Marcos, el mismo que le recomend\u00f3 que volviera a su casa, ya que no tendr\u00eda forma de salir de la ciudad.<\/p>\n<\/div>\n<div class=\"bbc-19j92fr ebmt73l0\" dir=\"ltr\">\n<p class=\"bbc-hhl7in e17g058b0\" dir=\"ltr\">&#8220;Era m\u00e1s alto que el resto, caminaba con autoridad, era el \u00fanico que hablaba&#8221;, as\u00ed recuerda a quien reci\u00e9n un a\u00f1o m\u00e1s tarde se sabr\u00eda que era\u00a0Rafael Sebasti\u00e1n Guill\u00e9n Vicente, licenciado en Filosof\u00eda de la UNAM, vocero y m\u00e1ximo referente del movimiento.<\/p>\n<\/div>\n<div class=\"bbc-19j92fr ebmt73l0\" dir=\"ltr\">\n<p class=\"bbc-hhl7in e17g058b0\" dir=\"ltr\">Ese d\u00eda, los zapatistas empapelaron los muros de la ciudad con la\u00a0Declaraci\u00f3n de la Selva Lacandona, una declaraci\u00f3n de guerra al ej\u00e9rcito, al que consideraba &#8220;pilar b\u00e1sico de la dictadura&#8221;.<\/p>\n<\/div>\n<div class=\"bbc-19j92fr ebmt73l0\" dir=\"ltr\">\n<p class=\"bbc-hhl7in e17g058b0\" dir=\"ltr\">&#8220;Estamos conscientes de que la guerra que declaramos es una\u00a0medida \u00faltima pero justa&#8221;, dec\u00edan los zapatistas desde Chiapas despertando la atenci\u00f3n del mundo entero.<\/p>\n<p dir=\"ltr\">\n<\/div>\n<figure class=\"bbc-1qn0xuy\">\n<div class=\"bbc-18qcclp\"><picture><img loading=\"lazy\" decoding=\"async\" class=\"bbc-1uwua2r\" src=\"https:\/\/ichef.bbci.co.uk\/news\/640\/cpsprodpb\/e59b\/live\/dec04ad0-a51e-11ee-bc44-515ae481217a.jpg\" sizes=\"auto, (min-width: 1008px) 760px, 100vw\" srcset=\"https:\/\/ichef.bbci.co.uk\/news\/240\/cpsprodpb\/e59b\/live\/dec04ad0-a51e-11ee-bc44-515ae481217a.jpg 240w, https:\/\/ichef.bbci.co.uk\/news\/320\/cpsprodpb\/e59b\/live\/dec04ad0-a51e-11ee-bc44-515ae481217a.jpg 320w, https:\/\/ichef.bbci.co.uk\/news\/480\/cpsprodpb\/e59b\/live\/dec04ad0-a51e-11ee-bc44-515ae481217a.jpg 480w, https:\/\/ichef.bbci.co.uk\/news\/624\/cpsprodpb\/e59b\/live\/dec04ad0-a51e-11ee-bc44-515ae481217a.jpg 624w, https:\/\/ichef.bbci.co.uk\/news\/685\/cpsprodpb\/e59b\/live\/dec04ad0-a51e-11ee-bc44-515ae481217a.jpg 685w\" alt=\"Rafael Sebasti\u00e1n Guill\u00e9n Vicente.\" width=\"685\" height=\"385\" \/><\/picture><\/div><figcaption class=\"bbc-1jsyunq e6i104o0\" dir=\"ltr\">\n<h5><em>El subcomandante Marcos cautiv\u00f3 la atenci\u00f3n de los medios y de la poblaci\u00f3n de M\u00e9xico.<\/em><\/h5>\n<\/figcaption><\/figure>\n<div class=\"bbc-19j92fr ebmt73l0\" dir=\"ltr\">\n<p dir=\"ltr\">\n<p dir=\"ltr\">\n<p class=\"bbc-hhl7in e17g058b0\" dir=\"ltr\">Esa ma\u00f1ana, Marcos Gir\u00f3n, en aquel momento estudiante de Antropolog\u00eda, despeg\u00f3 una de las copias de la Declaraci\u00f3n. Empez\u00f3 a leerla, pero no pudo terminarla.<\/p>\n<\/div>\n<div class=\"bbc-19j92fr ebmt73l0\" dir=\"ltr\">\n<p class=\"bbc-hhl7in e17g058b0\" dir=\"ltr\">El recuerdo infantil del miedo a haber estado a un paso de la muerte, por la falta de medicamentos en una &#8220;comunidad olvidada&#8221;, lo hizo indentificarse con el reclamo.<\/p>\n<\/div>\n<div class=\"bbc-19j92fr ebmt73l0\" dir=\"ltr\">\n<p class=\"bbc-hhl7in e17g058b0\" dir=\"ltr\">&#8220;Yo no me mor\u00ed de pura suerte. \u00a1Tienen raz\u00f3n! Esto tiene que cambiar&#8221;, pens\u00f3.<\/p>\n<\/div>\n<div class=\"bbc-19j92fr ebmt73l0\" dir=\"ltr\">\n<p class=\"bbc-hhl7in e17g058b0\" dir=\"ltr\">El EZLN apareci\u00f3 en Chiapas el mismo d\u00eda que entr\u00f3 en vigor el\u00a0Tratado de Libre Comercio de Am\u00e9rica del Norte.<\/p>\n<\/div>\n<div class=\"bbc-19j92fr ebmt73l0\" dir=\"ltr\">\n<p class=\"bbc-hhl7in e17g058b0\" dir=\"ltr\">Lo hac\u00eda desde el estado m\u00e1s pobre del pa\u00eds a pesar de la inmensa riqueza de sus recursos naturales, en un lugar donde casi el 70% de la poblaci\u00f3n vive con un ingreso mensual que no le alcanza para cubrir sus alimentos.<\/p>\n<\/div>\n<div class=\"bbc-19j92fr ebmt73l0\" dir=\"ltr\">\n<p class=\"bbc-hhl7in e17g058b0\" dir=\"ltr\">En la madrugada del 2 de enero de 1994, los rebeldes del EZLN abandonaron la ciudad.<\/p>\n<\/div>\n<div class=\"bbc-19j92fr ebmt73l0\" dir=\"ltr\">\n<p class=\"bbc-hhl7in e17g058b0\" dir=\"ltr\">&#8220;Gracias por todo a todos. Nos fuimos a Rancho Nuevo. Despu\u00e9s a Tuxtla.\u00a0Ya no habr\u00e1 descanso&#8221;, dec\u00edan las pintadas escritas por el subcomandante Marcos en San Crist\u00f3bal, seg\u00fan rescata Tello Diaz.<\/p>\n<\/div>\n<div class=\"bbc-19j92fr ebmt73l0\" dir=\"ltr\">\n<p class=\"bbc-hhl7in e17g058b0\" dir=\"ltr\">Unas horas despu\u00e9s, el ej\u00e9rcito mexicano entr\u00f3 en la ciudad iniciando una nueva etapa en el proceso.<\/p>\n<\/div>\n<div class=\"bbc-19j92fr ebmt73l0\" dir=\"ltr\">\n<p class=\"bbc-hhl7in e17g058b0\" dir=\"ltr\">Las acciones guerrilleras continuaron hasta que el gobierno anunci\u00f3 el 12 de enero un\u00a0alto al fuego unilateral del ej\u00e9rcito\u00a0en Chiapas. El EZLN pasar\u00eda ahora a actuar monte adentro.<\/p>\n<\/div>\n<div class=\"bbc-19j92fr ebmt73l0\" dir=\"ltr\">\n<p class=\"bbc-hhl7in e17g058b0\" dir=\"ltr\">A finales de 1994 eran casi 40 los nuevos municipios de Chiapas declarados\u00a0&#8220;territorios rebeldes&#8221;.<\/p>\n<\/div>\n<div class=\"bbc-19j92fr ebmt73l0\" dir=\"ltr\">\n<p class=\"bbc-hhl7in e17g058b0\" dir=\"ltr\">El 1 de enero de 1994 cambi\u00f3 para siempre la historia de San Crist\u00f3bal de las Casas, seg\u00fan recuerdan los habitantes del lugar, pero tambi\u00e9n de todo M\u00e9xico.<\/p>\n<\/div>\n<div class=\"bbc-19j92fr ebmt73l0\" dir=\"ltr\">\n<p class=\"bbc-hhl7in e17g058b0\" dir=\"ltr\">&#8220;El levantamiento zapatista\u00a0visibiliz\u00f3 a los pueblos ind\u00edgenas\u00a0de este pa\u00eds\u00a0como nunca antes&#8221;, dice Morquecho.<\/p>\n<\/div>\n<div class=\"bbc-19j92fr ebmt73l0\" dir=\"ltr\">\n<h2 id=\"El-zapatismo-ahora\" class=\"bbc-1f03ibc eglt09e0\" tabindex=\"-1\">El zapatismo ahora<\/h2>\n<\/div>\n<div class=\"bbc-19j92fr ebmt73l0\" dir=\"ltr\">\n<p class=\"bbc-hhl7in e17g058b0\" dir=\"ltr\">En estas tres d\u00e9cadas,\u00a0el camino no ha ido en l\u00ednea recta para el EZLN.<\/p>\n<\/div>\n<div class=\"bbc-19j92fr ebmt73l0\" dir=\"ltr\">\n<p class=\"bbc-hhl7in e17g058b0\" dir=\"ltr\">&#8220;Mantener los territorios ha demostrado ser un reto&#8221;, dice Mar\u00eda Incl\u00e1n, doctora en Ciencia Pol\u00edtica y autora de &#8220;El movimiento zapatista y la transici\u00f3n democr\u00e1tica en M\u00e9xico&#8221;.<\/p>\n<\/div>\n<div class=\"bbc-19j92fr ebmt73l0\" dir=\"ltr\">\n<p class=\"bbc-hhl7in e17g058b0\" dir=\"ltr\">Para Incl\u00e1n, la supervivencia del movimiento zapatista est\u00e1 relacionada con la capacidad de las comunidades ind\u00edgenas de conservar las tierras que lograron controlar en 1994.<\/p>\n<\/div>\n<div class=\"bbc-19j92fr ebmt73l0\" dir=\"ltr\">\n<p class=\"bbc-hhl7in e17g058b0\" dir=\"ltr\">Hace 20 a\u00f1os, el EZLN anunci\u00f3 un\u00a0modo de organizaci\u00f3n\u00a0que reemplaz\u00f3 a la anterior forma de organizaci\u00f3n zapatista, los Aguascalientes, y que dio lugar a dos de las principales instituciones que funcionaron hasta estos d\u00edas en los &#8220;territorios aut\u00f3nomos zapatistas&#8221;: las &#8220;Juntas de Buen Gobierno&#8221; (JBG) y los &#8220;caracoles&#8221;.<\/p>\n<\/div>\n<div class=\"bbc-19j92fr ebmt73l0\" dir=\"ltr\">\n<p class=\"bbc-hhl7in e17g058b0\" dir=\"ltr\">Los &#8220;caracoles&#8221; son los lugares de reuni\u00f3n de las comunidades, donde est\u00e1n las escuelas y los centros de salud propios.<\/p>\n<\/div>\n<div class=\"bbc-19j92fr ebmt73l0\" dir=\"ltr\">\n<p class=\"bbc-hhl7in e17g058b0\" dir=\"ltr\">A una hora de San Crist\u00f3bal, en el\u00a0caracol de Oventic, un cartel blanco con letras negras dice &#8220;cerrado&#8221;.<\/p>\n<\/div>\n<div class=\"bbc-19j92fr ebmt73l0\" dir=\"ltr\">\n<p class=\"bbc-hhl7in e17g058b0\" dir=\"ltr\">El cierre &#8220;hasta nuevo aviso&#8221; para los visitantes ha llevado a muchos a especular con su desaparici\u00f3n, a pesar de que el EZLN inform\u00f3 en noviembre que se mantienen.<\/p>\n<\/div>\n<div class=\"bbc-19j92fr ebmt73l0\" dir=\"ltr\">\n<p class=\"bbc-hhl7in e17g058b0\" dir=\"ltr\">Pero, en su interior, al\u00a0zapatismo parece vivo.<\/p>\n<p dir=\"ltr\">\n<\/div>\n<div class=\"bbc-18qcclp\"><picture><img loading=\"lazy\" decoding=\"async\" class=\"bbc-1uwua2r\" src=\"https:\/\/ichef.bbci.co.uk\/news\/640\/cpsprodpb\/184c\/live\/7b096b30-a522-11ee-9927-7dd849d51c7e.jpg\" sizes=\"auto, (min-width: 1008px) 760px, 100vw\" srcset=\"https:\/\/ichef.bbci.co.uk\/news\/240\/cpsprodpb\/184c\/live\/7b096b30-a522-11ee-9927-7dd849d51c7e.jpg 240w, https:\/\/ichef.bbci.co.uk\/news\/320\/cpsprodpb\/184c\/live\/7b096b30-a522-11ee-9927-7dd849d51c7e.jpg 320w, https:\/\/ichef.bbci.co.uk\/news\/480\/cpsprodpb\/184c\/live\/7b096b30-a522-11ee-9927-7dd849d51c7e.jpg 480w, https:\/\/ichef.bbci.co.uk\/news\/624\/cpsprodpb\/184c\/live\/7b096b30-a522-11ee-9927-7dd849d51c7e.jpg 624w, https:\/\/ichef.bbci.co.uk\/news\/800\/cpsprodpb\/184c\/live\/7b096b30-a522-11ee-9927-7dd849d51c7e.jpg 800w\" alt=\"Territorio aut\u00f3nomo zapatista de Oventic.\" width=\"1920\" height=\"1080\" \/><\/picture><\/div>\n<h5 class=\"bbc-1qn0xuy\"><em>Las puertas de Oventic dos semanas antes de cumplirse 30 del levantamiento.<\/em><\/h5>\n<div class=\"bbc-19j92fr ebmt73l0\" dir=\"ltr\">\n<p dir=\"ltr\">\n<p dir=\"ltr\">\n<p class=\"bbc-hhl7in e17g058b0\" dir=\"ltr\">En la calle interna de Oventic, unos chicos de 15 a\u00f1os salen de la escuela a toda velocidad.<\/p>\n<\/div>\n<div class=\"bbc-19j92fr ebmt73l0\" dir=\"ltr\">\n<p class=\"bbc-hhl7in e17g058b0\" dir=\"ltr\">Hablan tzotzil, aunque manejan bien el castellano, se r\u00eden y mantienen la misma\u00a0mirada vigilante de sus padres, aunque suavizada por el paso de las generaciones. Est\u00e1n contentos porque vuelven a sus casas a pasar las fiestas.<\/p>\n<\/div>\n<div class=\"bbc-19j92fr ebmt73l0\" dir=\"ltr\">\n<p class=\"bbc-hhl7in e17g058b0\" dir=\"ltr\">En el mismo momento que cerraron las puertas de los caracoles, el EZLN empez\u00f3 a hacer p\u00fablica una serie de 20 comunicados \u2013que terminaron de publicarse esta semana\u2013 donde anuncian un\u00a0proceso de cambio.<\/p>\n<\/div>\n<div class=\"bbc-19j92fr ebmt73l0\" dir=\"ltr\">\n<p class=\"bbc-hhl7in e17g058b0\" dir=\"ltr\">El EZLN inform\u00f3 unos d\u00edas antes de Navidad que las tierras zapatistas pasar\u00edan a ser una\u00a0&#8220;no propiedad&#8221;,\u00a0es decir, &#8220;tierras del com\u00fan&#8221;. Y agregaron que como parte de su nueva etapa habr\u00e1 extensiones de tierra que podr\u00e1n ser trabajadas de manera colectiva incluso por habitantes\u00a0no-zapatistas, lo que representa una novedad.<\/p>\n<\/div>\n<div class=\"bbc-19j92fr ebmt73l0\" dir=\"ltr\">\n<p class=\"bbc-hhl7in e17g058b0\" dir=\"ltr\">&#8220;En varias comunidades cercanas a las bases de apoyo zapatistas, el EZLN est\u00e1 promoviendo una\u00a0serie de alianzas y acercamientos\u00a0con comunidades que no son zapatistas&#8221;, anticipa Morquecho, quien espera que esta nueva etapa sirva para &#8220;dinamizar&#8221; el movimiento.<\/p>\n<\/div>\n<div class=\"bbc-19j92fr ebmt73l0\" dir=\"ltr\">\n<p class=\"bbc-hhl7in e17g058b0\" dir=\"ltr\">La nueva etapa no puede entenderse sin el enorme problema por los\u00a0t\u00edtulos de propiedad de las tierras\u00a0que vive el estado de Chiapas.<\/p>\n<\/div>\n<div class=\"bbc-19j92fr ebmt73l0\" dir=\"ltr\">\n<p class=\"bbc-hhl7in e17g058b0\" dir=\"ltr\">La magnitud del asunto puede constatarse cada ma\u00f1ana, al mirar los medios locales y ver c\u00f3mo las noticias hablan de la &#8220;invasi\u00f3n&#8221; de territorios, las denuncias de &#8220;usurpaciones violentas&#8221; y los operativos de desalojos.<\/p>\n<\/div>\n<div class=\"bbc-19j92fr ebmt73l0\" dir=\"ltr\">\n<p class=\"bbc-hhl7in e17g058b0\" dir=\"ltr\">En la ruta que conecta San Crist\u00f3bal de las Casas con Oventic la tierra parece viva.<\/p>\n<\/div>\n<div class=\"bbc-19j92fr ebmt73l0\" dir=\"ltr\">\n<p class=\"bbc-hhl7in e17g058b0\" dir=\"ltr\">Al costado de la ruta, decenas de ranchos de madera crecen al lado de las casas de estilo chamula, unas edificaciones altaneras repletas de ornamentos hechos de l\u00ednea sinuosas y colores brillantes.<\/p>\n<\/div>\n<div class=\"bbc-19j92fr ebmt73l0\" dir=\"ltr\">\n<p class=\"bbc-hhl7in e17g058b0\" dir=\"ltr\">Las mujeres cuidan la milpas, aunque sus plantas de ma\u00edz ahora est\u00e9n secas porque ya no es la \u00e9poca, mientras los hombres cortan le\u00f1a.<\/p>\n<\/div>\n<div class=\"bbc-19j92fr ebmt73l0\" dir=\"ltr\">\n<p class=\"bbc-hhl7in e17g058b0\" dir=\"ltr\">\u00d3scar, el hombre de 29 a\u00f1os que vigila la entrada de Oventic, proveniente de una familia rural en los Altos de Chiapas, no hab\u00eda nacido cuando el EZLN se levant\u00f3 en armas. Para \u00d3scar, las cosas no van a cambiar demasiado.<\/p>\n<\/div>\n<div class=\"bbc-19j92fr ebmt73l0\" dir=\"ltr\">\n<p class=\"bbc-hhl7in e17g058b0\" dir=\"ltr\">&#8220;Ya tendremos m\u00e1s informaci\u00f3n&#8221;, dice con una sonrisa amable a modo de respuesta en referencia a las celebraciones de estos d\u00edas en el caracol Resistencia y Rebeld\u00eda, en Dolores Hidalgo.<\/p>\n<\/div>\n<div class=\"bbc-19j92fr ebmt73l0\" dir=\"ltr\">\n<h2 id=\"El-crimen-organizado\" class=\"bbc-1f03ibc eglt09e0\" tabindex=\"-1\">El crimen organizado<\/h2>\n<\/div>\n<div class=\"bbc-18qcclp\"><picture><img loading=\"lazy\" decoding=\"async\" class=\"bbc-1uwua2r\" src=\"https:\/\/ichef.bbci.co.uk\/news\/640\/cpsprodpb\/7ee0\/live\/acc8a8d0-a512-11ee-b82a-176324cbff07.jpg\" sizes=\"auto, (min-width: 1008px) 760px, 100vw\" srcset=\"https:\/\/ichef.bbci.co.uk\/news\/240\/cpsprodpb\/7ee0\/live\/acc8a8d0-a512-11ee-b82a-176324cbff07.jpg 240w, https:\/\/ichef.bbci.co.uk\/news\/320\/cpsprodpb\/7ee0\/live\/acc8a8d0-a512-11ee-b82a-176324cbff07.jpg 320w, https:\/\/ichef.bbci.co.uk\/news\/480\/cpsprodpb\/7ee0\/live\/acc8a8d0-a512-11ee-b82a-176324cbff07.jpg 480w, https:\/\/ichef.bbci.co.uk\/news\/624\/cpsprodpb\/7ee0\/live\/acc8a8d0-a512-11ee-b82a-176324cbff07.jpg 624w, https:\/\/ichef.bbci.co.uk\/news\/800\/cpsprodpb\/7ee0\/live\/acc8a8d0-a512-11ee-b82a-176324cbff07.jpg 800w\" alt=\"Ni\u00f1os esperan el transporte en una caseta.\" width=\"1574\" height=\"886\" \/><\/picture><\/div>\n<h5 class=\"bbc-1qn0xuy\"><em>El EZLN anunci\u00f3 que los territorios zapatistas pasar\u00edan a ser una &#8220;no propiedad&#8221;.<\/em><\/h5>\n<div class=\"bbc-19j92fr ebmt73l0\" dir=\"ltr\">\n<p dir=\"ltr\">\n<p dir=\"ltr\">\n<p class=\"bbc-hhl7in e17g058b0\" dir=\"ltr\">Los cambios en el modo de organizaci\u00f3n previstos para 2024 nacen del reto de protegerse.<\/p>\n<\/div>\n<div class=\"bbc-19j92fr ebmt73l0\" dir=\"ltr\">\n<p class=\"bbc-hhl7in e17g058b0\" dir=\"ltr\">Ya no del ej\u00e9rcito, sino del avance del\u00a0crimen organizado.<\/p>\n<\/div>\n<div class=\"bbc-19j92fr ebmt73l0\" dir=\"ltr\">\n<p class=\"bbc-hhl7in e17g058b0\" dir=\"ltr\">Nadie se sorprende ya del paso, en todo momento, de los veh\u00edculos blindados que circulan por la ruta que conecta Tuxtla con San Crist\u00f3bal de las Casas con miembros del ejercito al descubierto, que apuntan con sus armas al cielo.<\/p>\n<\/div>\n<div class=\"bbc-19j92fr ebmt73l0\" dir=\"ltr\">\n<p class=\"bbc-hhl7in e17g058b0\" dir=\"ltr\">&#8220;Las principales ciudades del suroriental estado mexicano de Chiapas est\u00e1n en un completo caos&#8221;, dicen los zapatistas.<\/p>\n<\/div>\n<div class=\"bbc-19j92fr ebmt73l0\" dir=\"ltr\">\n<p class=\"bbc-hhl7in e17g058b0\" dir=\"ltr\">&#8220;Hay\u00a0bloqueos, asaltos, secuestros, cobro de piso, reclutamiento forzado, balaceras. Esto es efecto del padrinazgo del gobierno del estado y la disputa por los cargos que est\u00e1 en proceso&#8221;.<\/p>\n<\/div>\n<div class=\"bbc-19j92fr ebmt73l0\" dir=\"ltr\">\n<p class=\"bbc-hhl7in e17g058b0\" dir=\"ltr\">En su diagn\u00f3stico, las principales ciudades de Chiapas est\u00e1n en manos de\u00a0carteles del crimen organizado, que se encuentran en disputa entre s\u00ed.<\/p>\n<\/div>\n<div class=\"bbc-19j92fr ebmt73l0\" dir=\"ltr\">\n<p class=\"bbc-hhl7in e17g058b0\" dir=\"ltr\">Donde antes controlaba el Chapo Guzm\u00e1n, ahora no solo hay una pelea entre bandas sino una mir\u00edada de peque\u00f1os grupos delictivos vinculados al crimen organizado que van del tr\u00e1fico de drogas al de personas, seg\u00fan denuncian los periodistas locales.<\/p>\n<\/div>\n<div class=\"bbc-19j92fr ebmt73l0\" dir=\"ltr\">\n<p class=\"bbc-hhl7in e17g058b0\" dir=\"ltr\">Fue en ese contexto que el subcomandante Mois\u00e9s, quien ocupa desde 2014 el lugar de Marcos, anunci\u00f3 la\u00a0disoluci\u00f3n\u00a0de sus &#8220;municipios aut\u00f3nomos rebeldes&#8221; y las JBG.<\/p>\n<\/div>\n<div class=\"bbc-19j92fr ebmt73l0\" dir=\"ltr\">\n<p class=\"bbc-hhl7in e17g058b0\" dir=\"ltr\">&#8220;Hoy vemos que a la presi\u00f3n econ\u00f3mica sobre las comunidades, se a\u00f1ade el cerco de\u00a0la violencia criminal. Pens\u00e1bamos que estas comunidades alejadas se hab\u00edan salvado de la violencia del narcotr\u00e1fico, pero no es as\u00ed&#8221;, dice la especialista en movimientos ind\u00edgenas.<\/p>\n<\/div>\n<div class=\"bbc-19j92fr ebmt73l0\" dir=\"ltr\">\n<p class=\"bbc-hhl7in e17g058b0\" dir=\"ltr\">Para Incl\u00e1n, las comunidades reaccionan con una serie de cambios en un intento por defenderse ante la ausencia de garant\u00edas que ofrece el estado.<\/p>\n<\/div>\n<div class=\"bbc-19j92fr ebmt73l0\" dir=\"ltr\">\n<h2 id=\"Desconfianza-hacia-la-pol\u00edtica\" class=\"bbc-1f03ibc eglt09e0\" tabindex=\"-1\">Desconfianza hacia la pol\u00edtica<\/h2>\n<\/div>\n<figure class=\"bbc-1qn0xuy\">\n<div class=\"bbc-18qcclp\"><picture><img loading=\"lazy\" decoding=\"async\" class=\"bbc-1uwua2r\" src=\"https:\/\/ichef.bbci.co.uk\/news\/640\/cpsprodpb\/d7db\/live\/2508dc80-a5b7-11ee-ada6-910e302db66d.jpg\" sizes=\"auto, (min-width: 1008px) 760px, 100vw\" srcset=\"https:\/\/ichef.bbci.co.uk\/news\/240\/cpsprodpb\/d7db\/live\/2508dc80-a5b7-11ee-ada6-910e302db66d.jpg 240w, https:\/\/ichef.bbci.co.uk\/news\/320\/cpsprodpb\/d7db\/live\/2508dc80-a5b7-11ee-ada6-910e302db66d.jpg 320w, https:\/\/ichef.bbci.co.uk\/news\/480\/cpsprodpb\/d7db\/live\/2508dc80-a5b7-11ee-ada6-910e302db66d.jpg 480w, https:\/\/ichef.bbci.co.uk\/news\/624\/cpsprodpb\/d7db\/live\/2508dc80-a5b7-11ee-ada6-910e302db66d.jpg 624w, https:\/\/ichef.bbci.co.uk\/news\/800\/cpsprodpb\/d7db\/live\/2508dc80-a5b7-11ee-ada6-910e302db66d.jpg 800w\" alt=\"Unas ni\u00f1as esperan el bus en las puertas Oventic.\" width=\"1920\" height=\"1080\" \/><\/picture><\/div>\n<\/figure>\n<div class=\"bbc-19j92fr ebmt73l0\" dir=\"ltr\">\n<p dir=\"ltr\">\n<p class=\"bbc-hhl7in e17g058b0\" dir=\"ltr\">En relaci\u00f3n con el estado, el EZLN mantiene una hist\u00f3rica distancia.<\/p>\n<\/div>\n<div class=\"bbc-19j92fr ebmt73l0\" dir=\"ltr\">\n<p class=\"bbc-hhl7in e17g058b0\" dir=\"ltr\">La desconfianza de base, que qued\u00f3 sellada en numerosas oportunidades incluyendo el incumplimiento de los\u00a0Acuerdos de San Andr\u00e9s de 1996\u00a0que buscaban modificar la Constituci\u00f3n e incluir la autonom\u00eda de los pueblos ind\u00edgenas, hace del estado un actor poco confiable para el EZLN.<\/p>\n<\/div>\n<div class=\"bbc-19j92fr ebmt73l0\" dir=\"ltr\">\n<p class=\"bbc-hhl7in e17g058b0\" dir=\"ltr\">El levantamiento de 1994 se dio en plena administraci\u00f3n del Partido Revolucionario Institucional (PRI), una fuerza pol\u00edtica que gobern\u00f3 el pa\u00eds por 70 a\u00f1os (1930-2000).<\/p>\n<\/div>\n<div class=\"bbc-19j92fr ebmt73l0\" dir=\"ltr\">\n<p class=\"bbc-hhl7in e17g058b0\" dir=\"ltr\">Le siguieron los gobiernos conservadores del Partido Acci\u00f3n Nacional (PAN) con Vicente Fox y Felipe Calder\u00f3n.<\/p>\n<\/div>\n<div class=\"bbc-19j92fr ebmt73l0\" dir=\"ltr\">\n<p class=\"bbc-hhl7in e17g058b0\" dir=\"ltr\">El recelo se mantiene con\u00a0Andr\u00e9s Manuel L\u00f3pez Obrador.\u00a0El d\u00eda de la asunci\u00f3n del l\u00edder de Morena, Mois\u00e9s expres\u00f3 el rechazo a su programa de gobierno al que denominaron\u00a0&#8220;programa de destrucci\u00f3n&#8221;, sobre todo, en el plano ambiental.<\/p>\n<\/div>\n<div class=\"bbc-19j92fr ebmt73l0\" dir=\"ltr\">\n<p class=\"bbc-hhl7in e17g058b0\" dir=\"ltr\">La disputa entre\u00a0L\u00f3pez Obrador y el EZLN\u00a0se remonta a la d\u00e9cada de 1990, seg\u00fan dice Incl\u00e1n, cuando el actual presidente estaba al frente del Partido de la Revoluci\u00f3n Democr\u00e1tica (PRD), y sigui\u00f3 con los a\u00f1os.<\/p>\n<\/div>\n<div class=\"bbc-19j92fr ebmt73l0\" dir=\"ltr\">\n<p class=\"bbc-hhl7in e17g058b0\" dir=\"ltr\">L\u00f3pez Obrador decidi\u00f3 no confrontar con ellos, sino intentar resaltar los puntos en com\u00fan que podr\u00edan, desde su perspectiva, acercarlos al gobierno, al menos para no perder el respaldo de parte de su electorado que simpatiza con el movimiento.<\/p>\n<p dir=\"ltr\">\n<\/div>\n<figure class=\"bbc-1qn0xuy\">\n<div class=\"bbc-18qcclp\"><picture><img loading=\"lazy\" decoding=\"async\" class=\"bbc-1uwua2r\" src=\"https:\/\/ichef.bbci.co.uk\/news\/640\/cpsprodpb\/1f54\/live\/7bbcb360-a5d7-11ee-92e1-b576e2a6783c.jpg\" sizes=\"auto, (min-width: 1008px) 760px, 100vw\" srcset=\"https:\/\/ichef.bbci.co.uk\/news\/240\/cpsprodpb\/1f54\/live\/7bbcb360-a5d7-11ee-92e1-b576e2a6783c.jpg 240w, https:\/\/ichef.bbci.co.uk\/news\/320\/cpsprodpb\/1f54\/live\/7bbcb360-a5d7-11ee-92e1-b576e2a6783c.jpg 320w, https:\/\/ichef.bbci.co.uk\/news\/480\/cpsprodpb\/1f54\/live\/7bbcb360-a5d7-11ee-92e1-b576e2a6783c.jpg 480w, https:\/\/ichef.bbci.co.uk\/news\/624\/cpsprodpb\/1f54\/live\/7bbcb360-a5d7-11ee-92e1-b576e2a6783c.jpg 624w, https:\/\/ichef.bbci.co.uk\/news\/800\/cpsprodpb\/1f54\/live\/7bbcb360-a5d7-11ee-92e1-b576e2a6783c.jpg 800w\" alt=\"Dos ni\u00f1as zapatistas.\" width=\"1024\" height=\"576\" \/><\/picture><\/div><figcaption class=\"bbc-1jsyunq e6i104o0\" dir=\"ltr\">\n<h5><em>El EZLN no se ha casado pol\u00edticamente con ning\u00fan partido tradicional.<\/em><\/h5>\n<\/figcaption><\/figure>\n<div class=\"bbc-19j92fr ebmt73l0\" dir=\"ltr\">\n<p dir=\"ltr\">\n<p dir=\"ltr\">\n<p class=\"bbc-hhl7in e17g058b0\" dir=\"ltr\">La\u00a0desconfianza hacia la pol\u00edtica electoral\u00a0\u2013incluso hacia los partidos de izquierda\u2013 ha estado presente en el discurso del EZLN desde el inicio del movimiento, como han indicado varios autores.<\/p>\n<\/div>\n<div class=\"bbc-19j92fr ebmt73l0\" dir=\"ltr\">\n<p class=\"bbc-hhl7in e17g058b0\" dir=\"ltr\">En 2017, por primera vez en la historia, el EZLN present\u00f3 la candidatura de la ind\u00edgena Mar\u00eda de Jes\u00fas Patricio Mart\u00ednez, apodada Marichuy, a las elecciones presidenciales de 2018. Pero Marichuy no consigui\u00f3 las firmas necesarias para llegar a presentarse.<\/p>\n<\/div>\n<div class=\"bbc-19j92fr ebmt73l0\" dir=\"ltr\">\n<p class=\"bbc-hhl7in e17g058b0\" dir=\"ltr\">La incapacidad de alcanzar apoyos suficientes ha sido, seg\u00fan dice el periodista Morquecho, una muestra de los\u00a0l\u00edmites que atraviesa el movimiento\u00a0desde hace unos a\u00f1os\u00a0y que explican los motivos que lo llevaron a embarcarse en un proceso de cambio despu\u00e9s de 30 a\u00f1os.<\/p>\n<\/div>\n<div class=\"bbc-19j92fr ebmt73l0\" dir=\"ltr\">\n<p class=\"bbc-hhl7in e17g058b0\" dir=\"ltr\">M\u00e9xico votar\u00e1 presidente en 2024. Todav\u00eda no est\u00e1 claro qu\u00e9 camino elegir\u00e1 el EZLN en estas elecciones.<\/p>\n<\/div>\n<div class=\"bbc-19j92fr ebmt73l0\" dir=\"ltr\">\n<p class=\"bbc-hhl7in e17g058b0\" dir=\"ltr\">&#8220;Pienso que, aun sin saber bajo qu\u00e9 modalidad, es posible que participen del\u00a0proceso pol\u00edtico electoral\u00a0no solo a nivel federal sino municipal&#8221;, arriesga Morquecho.<\/p>\n<\/div>\n<div class=\"bbc-19j92fr ebmt73l0\" dir=\"ltr\">\n<p class=\"bbc-hhl7in e17g058b0\" dir=\"ltr\">Para otros, es imposible imaginar que repitan una jugada electoral, mucho menos, como la de 2017.<\/p>\n<\/div>\n<div class=\"bbc-19j92fr ebmt73l0\" dir=\"ltr\">\n<p class=\"bbc-hhl7in e17g058b0\" dir=\"ltr\">Por lo pronto, el subcomandante Mois\u00e9s orden\u00f3 prohibir toda exhibici\u00f3n de propaganda de cualquier partido pol\u00edtico para las celebraciones de este 1 de enero.<\/p>\n<\/div>\n<div class=\"bbc-19j92fr ebmt73l0\" dir=\"ltr\">\n<h2 id=\"El-holograma-encapuchado\" class=\"bbc-1f03ibc eglt09e0\" tabindex=\"-1\">El &#8220;holograma&#8221; encapuchado<\/h2>\n<\/div>\n<div class=\"bbc-19j92fr ebmt73l0\" dir=\"ltr\">\n<p class=\"bbc-hhl7in e17g058b0\" dir=\"ltr\">\u00bfY qu\u00e9 pas\u00f3 con el subcomandante Marcos, cuya figura atrajo la atenci\u00f3n de los medios y la poblaci\u00f3n global?<\/p>\n<\/div>\n<div class=\"bbc-19j92fr ebmt73l0\" dir=\"ltr\">\n<p class=\"bbc-hhl7in e17g058b0\" dir=\"ltr\">&#8220;Hemos decidido que Marcos deje de existir hoy&#8221;, dec\u00eda el subcomandante Marcos en un comunicado el 24 de mayo del 2014. &#8220;Mi nombre es Galeano, subcomandante Insurgente Galeano&#8221;.<\/p>\n<\/div>\n<div class=\"bbc-19j92fr ebmt73l0\" dir=\"ltr\">\n<p class=\"bbc-hhl7in e17g058b0\" dir=\"ltr\">Poco menos de un d\u00e9cada despu\u00e9s, en octubre de este a\u00f1o, Galeano sum\u00f3 al anuncio su propia muerte: &#8220;Muri\u00f3 el SupGaleano. Muri\u00f3 como vivi\u00f3: infeliz&#8221;. Y dijo que a partir de ahora se llamar\u00e1 Capit\u00e1n Marcos, es decir, retoma su nombre original aunque cambia de grado.<\/p>\n<\/div>\n<div class=\"bbc-19j92fr ebmt73l0\" dir=\"ltr\">\n<p class=\"bbc-hhl7in e17g058b0\" dir=\"ltr\">Para los analistas, estas son decisiones que no han sido m\u00e1s que teatro en lugar de una definici\u00f3n pol\u00edtica.<\/p>\n<\/div>\n<div class=\"bbc-19j92fr ebmt73l0\" dir=\"ltr\">\n<p class=\"bbc-hhl7in e17g058b0\" dir=\"ltr\">Y as\u00ed lo demuestra el paso del tiempo.<\/p>\n<\/div>\n<div class=\"bbc-19j92fr ebmt73l0\" dir=\"ltr\">\n<p class=\"bbc-hhl7in e17g058b0\" dir=\"ltr\">A pesar del cambio de nombres,\u00a0Rafael Sebasti\u00e1n Guill\u00e9n Vicente,\u00a0el profesor llegado del noreste de M\u00e9xico, de un humor corrosivo, convertido en el rostro cubierto parad\u00f3jicamente m\u00e1s visible del movimiento, no ha dejado de estar presente en los mensajes ni en la estructura del EZLN.<\/p>\n<p dir=\"ltr\">\n<\/div>\n<figure class=\"bbc-1qn0xuy\">\n<div class=\"bbc-18qcclp\"><picture><img loading=\"lazy\" decoding=\"async\" class=\"bbc-1uwua2r\" src=\"https:\/\/ichef.bbci.co.uk\/news\/640\/cpsprodpb\/efd7\/live\/b1e22e80-a60d-11ee-a52b-611e63498477.jpg\" sizes=\"auto, (min-width: 1008px) 760px, 100vw\" srcset=\"https:\/\/ichef.bbci.co.uk\/news\/240\/cpsprodpb\/efd7\/live\/b1e22e80-a60d-11ee-a52b-611e63498477.jpg 240w, https:\/\/ichef.bbci.co.uk\/news\/320\/cpsprodpb\/efd7\/live\/b1e22e80-a60d-11ee-a52b-611e63498477.jpg 320w, https:\/\/ichef.bbci.co.uk\/news\/480\/cpsprodpb\/efd7\/live\/b1e22e80-a60d-11ee-a52b-611e63498477.jpg 480w, https:\/\/ichef.bbci.co.uk\/news\/624\/cpsprodpb\/efd7\/live\/b1e22e80-a60d-11ee-a52b-611e63498477.jpg 624w, https:\/\/ichef.bbci.co.uk\/news\/800\/cpsprodpb\/efd7\/live\/b1e22e80-a60d-11ee-a52b-611e63498477.jpg 800w\" alt=\"El subcomandante Marcos rodeado de zapatistas. \" width=\"1024\" height=\"576\" \/><\/picture><\/div><figcaption class=\"bbc-1jsyunq e6i104o0\" dir=\"ltr\">\n<h5><em>El subcomandante Marcos, ahora capit\u00e1n, no ha dejado de estar presente en el zapatismo.<\/em><\/h5>\n<\/figcaption><\/figure>\n<div class=\"bbc-19j92fr ebmt73l0\" dir=\"ltr\">\n<p dir=\"ltr\">\n<p dir=\"ltr\">\n<p class=\"bbc-hhl7in e17g058b0\" dir=\"ltr\">Para los zapatistas, Marcos siempre fue un personaje creado con el objetivo de visibilizar las demandas ind\u00edgenas, un\u00a0&#8220;holograma&#8221;\u00a0nacido para desaparecer.<\/p>\n<\/div>\n<div class=\"bbc-19j92fr ebmt73l0\" dir=\"ltr\">\n<p class=\"bbc-hhl7in e17g058b0\" dir=\"ltr\">&#8220;Ahora sus creadores, los zapatistas y las zapatistas, lo destruimos&#8221;, dijeron. &#8220;Vimos que la botarga, el personaje, el holograma pues, ya no era necesario&#8221;.<\/p>\n<\/div>\n<div class=\"bbc-19j92fr ebmt73l0\" dir=\"ltr\">\n<p class=\"bbc-hhl7in e17g058b0\" dir=\"ltr\">Desde entonces, sus intervenciones p\u00fablicas han sido pocas.<\/p>\n<\/div>\n<div class=\"bbc-19j92fr ebmt73l0\" dir=\"ltr\">\n<p class=\"bbc-hhl7in e17g058b0\" dir=\"ltr\">En su lugar, como jefe militar y vocero zapatista fue designado el\u00a0subcomandante Mois\u00e9s, un ind\u00edgena tojolabal de la frontera con Guatemala y uno de los mandos insurgentes m\u00e1s conocidos en la vida p\u00fablica del EZLN.<\/p>\n<\/div>\n<div class=\"bbc-19j92fr ebmt73l0\" dir=\"ltr\">\n<p class=\"bbc-hhl7in e17g058b0\" dir=\"ltr\">Gloria Mu\u00f1oz Ramirez, autora de &#8220;El fuego y la palabra&#8221;, defini\u00f3 hace unos a\u00f1os a Mois\u00e9s como un &#8220;hombre de baja estatura, enorme coraz\u00f3n y visi\u00f3n pol\u00edtica, ataviado siempre con su sombrero militar negro&#8221;.<\/p>\n<\/div>\n<div class=\"bbc-19j92fr ebmt73l0\" dir=\"ltr\">\n<p class=\"bbc-hhl7in e17g058b0\" dir=\"ltr\">Aunque, tal vez, sin la habilitad del liderazgo de Marcos.<\/p>\n<\/div>\n<div class=\"bbc-19j92fr ebmt73l0\" dir=\"ltr\">\n<p class=\"bbc-hhl7in e17g058b0\" dir=\"ltr\">A 30 a\u00f1os del levantamiento zapatista, el hombre que protege las puertas de Oventic dice que hace tiempo que no lo ve.<\/p>\n<\/div>\n<div class=\"bbc-19j92fr ebmt73l0\" dir=\"ltr\">\n<p class=\"bbc-hhl7in e17g058b0\" dir=\"ltr\">Lo hace con una sonrisa indescifrable, que esconde o restringe informaci\u00f3n.<\/p>\n<\/div>\n<div class=\"bbc-19j92fr ebmt73l0\" dir=\"ltr\">\n<p class=\"bbc-hhl7in e17g058b0\" dir=\"ltr\">\u00d3scar practica el\u00a0elegante juego del enigma\u00a0que aprendi\u00f3 de Marcos.<\/p>\n<\/div>\n<div class=\"bbc-19j92fr ebmt73l0\" dir=\"ltr\">\n<p class=\"bbc-hhl7in e17g058b0\" dir=\"ltr\">Lo hace para no mostrar las cartas de una partida que quiz\u00e1 la sociedad del sur de M\u00e9xico llegue a entender m\u00e1s tarde.<\/p>\n<\/div>\n<div class=\"bbc-19j92fr ebmt73l0\" dir=\"ltr\">\n<p class=\"bbc-hhl7in e17g058b0\" dir=\"ltr\">Esa parte de la sociedad que recuerda con respeto el arrojo del zapatismo de los primeros d\u00edas y que ahora mira con indiferencia ese tiempo.<\/p>\n<\/div>\n","protected":false},"excerpt":{"rendered":"<p>Miles de campesinos tomaron las principales ciudades de Chiapas el 1 de enero de 1994. &nbsp; &nbsp; El d\u00eda que el Ej\u00e9rcito Zapatista de Liberaci\u00f3n&hellip;<\/p>\n","protected":false},"author":99,"featured_media":515107,"comment_status":"open","ping_status":"open","sticky":false,"template":"","format":"standard","meta":{"footnotes":""},"categories":[23],"tags":[],"class_list":["post-515106","post","type-post","status-publish","format-standard","has-post-thumbnail","hentry","category-latinoamerica"],"_links":{"self":[{"href":"https:\/\/diarioelpopular.com\/index.php\/wp-json\/wp\/v2\/posts\/515106","targetHints":{"allow":["GET"]}}],"collection":[{"href":"https:\/\/diarioelpopular.com\/index.php\/wp-json\/wp\/v2\/posts"}],"about":[{"href":"https:\/\/diarioelpopular.com\/index.php\/wp-json\/wp\/v2\/types\/post"}],"author":[{"embeddable":true,"href":"https:\/\/diarioelpopular.com\/index.php\/wp-json\/wp\/v2\/users\/99"}],"replies":[{"embeddable":true,"href":"https:\/\/diarioelpopular.com\/index.php\/wp-json\/wp\/v2\/comments?post=515106"}],"version-history":[{"count":1,"href":"https:\/\/diarioelpopular.com\/index.php\/wp-json\/wp\/v2\/posts\/515106\/revisions"}],"predecessor-version":[{"id":515108,"href":"https:\/\/diarioelpopular.com\/index.php\/wp-json\/wp\/v2\/posts\/515106\/revisions\/515108"}],"wp:featuredmedia":[{"embeddable":true,"href":"https:\/\/diarioelpopular.com\/index.php\/wp-json\/wp\/v2\/media\/515107"}],"wp:attachment":[{"href":"https:\/\/diarioelpopular.com\/index.php\/wp-json\/wp\/v2\/media?parent=515106"}],"wp:term":[{"taxonomy":"category","embeddable":true,"href":"https:\/\/diarioelpopular.com\/index.php\/wp-json\/wp\/v2\/categories?post=515106"},{"taxonomy":"post_tag","embeddable":true,"href":"https:\/\/diarioelpopular.com\/index.php\/wp-json\/wp\/v2\/tags?post=515106"}],"curies":[{"name":"wp","href":"https:\/\/api.w.org\/{rel}","templated":true}]}}