{"id":515110,"date":"2024-01-01T13:47:44","date_gmt":"2024-01-01T17:47:44","guid":{"rendered":"https:\/\/diarioelpopular.com\/?p=515110"},"modified":"2024-01-01T13:47:44","modified_gmt":"2024-01-01T17:47:44","slug":"el-2024-sera-un-ano-duro-para-los-argentinos-afirmo-javier-milei-en-su-discurso-de-fin-de-ano","status":"publish","type":"post","link":"https:\/\/diarioelpopular.com\/index.php\/2024\/01\/01\/el-2024-sera-un-ano-duro-para-los-argentinos-afirmo-javier-milei-en-su-discurso-de-fin-de-ano\/","title":{"rendered":"El 2024 ser\u00e1 un a\u00f1o duro para los argentinos, afirm\u00f3 Javier Milei en su discurso de fin de a\u00f1o"},"content":{"rendered":"<p><img loading=\"lazy\" decoding=\"async\" class=\"alignnone size-custom-big-size wp-image-515111\" src=\"https:\/\/diarioelpopular.com\/wp-content\/uploads\/2024\/01\/Screen-Shot-2024-01-01-at-12.45.20-PM-1200x804.png\" alt=\"\" width=\"1200\" height=\"804\" srcset=\"https:\/\/diarioelpopular.com\/wp-content\/uploads\/2024\/01\/Screen-Shot-2024-01-01-at-12.45.20-PM-1200x804.png 1200w, https:\/\/diarioelpopular.com\/wp-content\/uploads\/2024\/01\/Screen-Shot-2024-01-01-at-12.45.20-PM-300x201.png 300w, https:\/\/diarioelpopular.com\/wp-content\/uploads\/2024\/01\/Screen-Shot-2024-01-01-at-12.45.20-PM-768x515.png 768w, https:\/\/diarioelpopular.com\/wp-content\/uploads\/2024\/01\/Screen-Shot-2024-01-01-at-12.45.20-PM-636x426.png 636w, https:\/\/diarioelpopular.com\/wp-content\/uploads\/2024\/01\/Screen-Shot-2024-01-01-at-12.45.20-PM-80x55.png 80w, https:\/\/diarioelpopular.com\/wp-content\/uploads\/2024\/01\/Screen-Shot-2024-01-01-at-12.45.20-PM-109x73.png 109w, https:\/\/diarioelpopular.com\/wp-content\/uploads\/2024\/01\/Screen-Shot-2024-01-01-at-12.45.20-PM.png 1024w\" sizes=\"auto, (max-width: 1200px) 100vw, 1200px\" \/><\/p>\n<p>&nbsp;<\/p>\n<p>&nbsp;<\/p>\n<h4 class=\"lead cita\"><em>&#8211; El mandatario ha convocado a los distintos partidos pol\u00edticos de Argentina a apoyar sus novedosas reformas econ\u00f3micas.<\/em><\/h4>\n<p>&nbsp;<\/p>\n<p>El presidente argentino\u00a0Javier Milei\u00a0se ha dirigido a las distintas fuerzas pol\u00edticas del pa\u00eds para pedirles que apoyen el proyecto de \u2018ley \u00f3mnibus\u2019 presentado la semana pasada para afrontar \u201csituaci\u00f3n de emergencia nacional\u201d que atraviesa Argentina y que \u201crequiere una actuaci\u00f3n inmediata y contundente\u201d para evitar una \u201ccat\u00e1strofe\u201d.<\/p>\n<p>Durante un mensaje a los argentinos emitido desde la\u00a0Casa Rosada, Milei ha invitado \u201ca la dirigencia pol\u00edtica\u201d a abandonar \u201clas anteojeras ideol\u00f3gicas\u201d y \u201clos intereses personales\u201d, augurando que 2024 ser\u00e1 un a\u00f1o \u201cduro para todos\u201d\u00a0debido a \u201clas irresponsables decisiones adoptadas por los anteriores gobiernos\u201d.\u00a0\u201cEspero que est\u00e9n a la altura de las circunstancias para avanzar r\u00e1pidamente en los cambios que el pa\u00eds necesita\u201d, ha agregado el mandatario.<\/p>\n<p>A este respecto, Milei ha se\u00f1alado que \u201ccuando llegue la hora de la verdad los diputados y senadores de la naci\u00f3n se van a encontrar ante dos opciones: rechazar la ley y continuar con el modelo\u201d que, a su juicio, ha \u201cempobrecido\u201d a Argentina o \u201caprobarla para hacer un cambio profundo y abrazar las ideas de la libertad\u201d.<\/p>\n<p>La consecuencia de que el programa presentado por el nuevo Ejecutivo argentino\u00a0fuera \u201cobstruido por los mismos de siempre, que no quieren que nada cambie\u201d\u00a0ser\u00eda, en palabras del presidente, \u201cuna cat\u00e1strofe social de proporciones b\u00edblicas\u201d.<\/p>\n<div class=\"teads-inread teads-display sm-screen\">\n<div>\n<div class=\"teads-ui-components-adchoices\">Tras \u201cdesearle a todos los argentinos un feliz a\u00f1o\u201d, el l\u00edder del Ejecutivo ha anticipado que 2024 \u201cpuede ser el a\u00f1o en que se d\u00e9 la vuelta a un siglo de fracaso, dejando atr\u00e1s el modelo colectivista que nos hizo pobres y abrazando el modelo de la libertad nuevamente\u201d.<\/div>\n<div>Estas declaraciones llegan despu\u00e9s de otro mensaje publicado este mismo s\u00e1bado en el que Miliei ha asegurado que el pa\u00eds va por \u201cel buen camino\u201d y que no dejar\u00e1 que la casta delincuente que busca coimas y\/o perpetuar el status quo decadente\u201d en Argentina \u201cse (le) interponga\u201d.<\/div>\n<div><\/div>\n<\/div>\n<\/div>\n","protected":false},"excerpt":{"rendered":"<p>&nbsp; &nbsp; &#8211; El mandatario ha convocado a los distintos partidos pol\u00edticos de Argentina a apoyar sus novedosas reformas econ\u00f3micas. &nbsp; El presidente argentino\u00a0Javier Milei\u00a0se&hellip;<\/p>\n","protected":false},"author":99,"featured_media":515111,"comment_status":"open","ping_status":"open","sticky":false,"template":"","format":"standard","meta":{"footnotes":""},"categories":[23],"tags":[],"class_list":["post-515110","post","type-post","status-publish","format-standard","has-post-thumbnail","hentry","category-latinoamerica"],"_links":{"self":[{"href":"https:\/\/diarioelpopular.com\/index.php\/wp-json\/wp\/v2\/posts\/515110","targetHints":{"allow":["GET"]}}],"collection":[{"href":"https:\/\/diarioelpopular.com\/index.php\/wp-json\/wp\/v2\/posts"}],"about":[{"href":"https:\/\/diarioelpopular.com\/index.php\/wp-json\/wp\/v2\/types\/post"}],"author":[{"embeddable":true,"href":"https:\/\/diarioelpopular.com\/index.php\/wp-json\/wp\/v2\/users\/99"}],"replies":[{"embeddable":true,"href":"https:\/\/diarioelpopular.com\/index.php\/wp-json\/wp\/v2\/comments?post=515110"}],"version-history":[{"count":1,"href":"https:\/\/diarioelpopular.com\/index.php\/wp-json\/wp\/v2\/posts\/515110\/revisions"}],"predecessor-version":[{"id":515112,"href":"https:\/\/diarioelpopular.com\/index.php\/wp-json\/wp\/v2\/posts\/515110\/revisions\/515112"}],"wp:featuredmedia":[{"embeddable":true,"href":"https:\/\/diarioelpopular.com\/index.php\/wp-json\/wp\/v2\/media\/515111"}],"wp:attachment":[{"href":"https:\/\/diarioelpopular.com\/index.php\/wp-json\/wp\/v2\/media?parent=515110"}],"wp:term":[{"taxonomy":"category","embeddable":true,"href":"https:\/\/diarioelpopular.com\/index.php\/wp-json\/wp\/v2\/categories?post=515110"},{"taxonomy":"post_tag","embeddable":true,"href":"https:\/\/diarioelpopular.com\/index.php\/wp-json\/wp\/v2\/tags?post=515110"}],"curies":[{"name":"wp","href":"https:\/\/api.w.org\/{rel}","templated":true}]}}