{"id":515113,"date":"2024-01-01T13:53:51","date_gmt":"2024-01-01T17:53:51","guid":{"rendered":"https:\/\/diarioelpopular.com\/?p=515113"},"modified":"2024-01-01T13:53:51","modified_gmt":"2024-01-01T17:53:51","slug":"que-elecciones-tiene-america-latina-en-2024-y-como-pueden-cambiar-una-tendencia-firme","status":"publish","type":"post","link":"https:\/\/diarioelpopular.com\/index.php\/2024\/01\/01\/que-elecciones-tiene-america-latina-en-2024-y-como-pueden-cambiar-una-tendencia-firme\/","title":{"rendered":"Qu\u00e9 elecciones tiene Am\u00e9rica Latina en 2024 y c\u00f3mo pueden cambiar una tendencia firme"},"content":{"rendered":"<p><img loading=\"lazy\" decoding=\"async\" class=\"alignnone size-custom-big-size wp-image-515114\" src=\"https:\/\/diarioelpopular.com\/wp-content\/uploads\/2024\/01\/Screen-Shot-2024-01-01-at-12.53.18-PM-1200x639.png\" alt=\"\" width=\"1200\" height=\"639\" srcset=\"https:\/\/diarioelpopular.com\/wp-content\/uploads\/2024\/01\/Screen-Shot-2024-01-01-at-12.53.18-PM-1200x639.png 1200w, https:\/\/diarioelpopular.com\/wp-content\/uploads\/2024\/01\/Screen-Shot-2024-01-01-at-12.53.18-PM-300x160.png 300w, https:\/\/diarioelpopular.com\/wp-content\/uploads\/2024\/01\/Screen-Shot-2024-01-01-at-12.53.18-PM-768x409.png 768w, https:\/\/diarioelpopular.com\/wp-content\/uploads\/2024\/01\/Screen-Shot-2024-01-01-at-12.53.18-PM-636x339.png 636w, https:\/\/diarioelpopular.com\/wp-content\/uploads\/2024\/01\/Screen-Shot-2024-01-01-at-12.53.18-PM-137x73.png 137w, https:\/\/diarioelpopular.com\/wp-content\/uploads\/2024\/01\/Screen-Shot-2024-01-01-at-12.53.18-PM.png 1024w\" sizes=\"auto, (max-width: 1200px) 100vw, 1200px\" \/><\/p>\n<p>&nbsp;<\/p>\n<p>&nbsp;<\/p>\n<div class=\"bbc-19j92fr ebmt73l0\" dir=\"ltr\">\n<ul>\n<li class=\"bbc-hhl7in e17g058b0\" dir=\"ltr\"><em><b>Millones de latinoamericanos en 2024 ser\u00e1n parte de un fen\u00f3meno que se espera marque un r\u00e9cord hist\u00f3rico: el a\u00f1o en que m\u00e1s votantes asistan a las urnas alrededor del mundo.<\/b><\/em><\/li>\n<\/ul>\n<\/div>\n<div class=\"bbc-19j92fr ebmt73l0\" dir=\"ltr\">\n<p dir=\"ltr\">\n<p class=\"bbc-hhl7in e17g058b0\" dir=\"ltr\">Est\u00e1 previsto que seis pa\u00edses de Am\u00e9rica Latina celebren elecciones presidenciales durante el a\u00f1o pr\u00f3ximo, mientras otros dos tienen agendados comicios municipales.<\/p>\n<\/div>\n<div class=\"bbc-19j92fr ebmt73l0\" dir=\"ltr\">\n<p class=\"bbc-hhl7in e17g058b0\" dir=\"ltr\">Integran una lista de decenas de naciones que re\u00fanen cerca de la mitad de la poblaci\u00f3n mundial y preparan alg\u00fan tipo de elecci\u00f3n durante 2024, desde Estados Unidos a India, Rusia o Indonesia.<\/p>\n<\/div>\n<div class=\"bbc-19j92fr ebmt73l0\" dir=\"ltr\">\n<p class=\"bbc-hhl7in e17g058b0\" dir=\"ltr\">El ciclo electoral del a\u00f1o entrante plantea adem\u00e1s una pregunta especial para Am\u00e9rica Latina:\u00a0\u00bfser\u00e1 el quiebre de una tendencia por la que en los \u00faltimos a\u00f1os casi siempre ganan opositores en la regi\u00f3n?<\/p>\n<\/div>\n<section class=\"bbc-geybui\" role=\"region\" aria-label=\"Publicidad 2\" aria-hidden=\"true\" data-e2e=\"advertisement\"><\/section>\n<div class=\"bbc-19j92fr ebmt73l0\" dir=\"ltr\">\n<h2 id=\"El-caso-Bukele\" class=\"bbc-1f03ibc eglt09e0\" tabindex=\"-1\">El caso Bukele<\/h2>\n<\/div>\n<div class=\"bbc-19j92fr ebmt73l0\" dir=\"ltr\">\n<p class=\"bbc-hhl7in e17g058b0\" dir=\"ltr\">Las elecciones latinoamericanas de 2024 se estrenan con los comicios generales del 4 de febrero en El Salvador, donde el presidente en uso de licencia, Nayib Bukele, buscar\u00e1 ser reelecto.<\/p>\n<\/div>\n<div class=\"bbc-1n4f7vm ebmt73l0\" dir=\"ltr\"><\/div>\n<div class=\"bbc-19j92fr ebmt73l0\" dir=\"ltr\">\n<p class=\"bbc-hhl7in e17g058b0\" dir=\"ltr\">Se trata de una postulaci\u00f3n pol\u00e9mica, ya que\u00a0la Constituci\u00f3n salvadore\u00f1a proh\u00edbe a los presidentes buscar un nuevo mandato consecutivo\u00a0de cinco a\u00f1os, pese a lo cual la Corte Suprema de Justicia lo aval\u00f3 en 2021 y el Congreso aprob\u00f3 en noviembre una licencia de seis meses en el cargo pedida por Bukele para abocarse a su campa\u00f1a.<\/p>\n<p dir=\"ltr\">\n<\/div>\n<figure class=\"bbc-1qn0xuy\">\n<div class=\"bbc-18qcclp\"><picture><img loading=\"lazy\" decoding=\"async\" class=\"bbc-1uwua2r\" src=\"https:\/\/ichef.bbci.co.uk\/news\/640\/cpsprodpb\/98ad\/live\/28e6aea0-a4d5-11ee-b9a7-c91b9dfa91e5.jpg\" sizes=\"auto, (min-width: 1008px) 760px, 100vw\" srcset=\"https:\/\/ichef.bbci.co.uk\/news\/240\/cpsprodpb\/98ad\/live\/28e6aea0-a4d5-11ee-b9a7-c91b9dfa91e5.jpg 240w, https:\/\/ichef.bbci.co.uk\/news\/320\/cpsprodpb\/98ad\/live\/28e6aea0-a4d5-11ee-b9a7-c91b9dfa91e5.jpg 320w, https:\/\/ichef.bbci.co.uk\/news\/480\/cpsprodpb\/98ad\/live\/28e6aea0-a4d5-11ee-b9a7-c91b9dfa91e5.jpg 480w, https:\/\/ichef.bbci.co.uk\/news\/624\/cpsprodpb\/98ad\/live\/28e6aea0-a4d5-11ee-b9a7-c91b9dfa91e5.jpg 624w, https:\/\/ichef.bbci.co.uk\/news\/800\/cpsprodpb\/98ad\/live\/28e6aea0-a4d5-11ee-b9a7-c91b9dfa91e5.jpg 800w\" alt=\"Nayib Bukele gesticula al lado de la bandera de El Salvador\" width=\"5000\" height=\"3333\" \/><\/picture><\/div><figcaption class=\"bbc-1jsyunq e6i104o0\" dir=\"ltr\">\n<h5><em>Nayib Bukele puede ser el primer presidente latinoamericano en 2024 que logre su reelecci\u00f3n, aunque pol\u00e9mica.<\/em><\/h5>\n<\/figcaption><\/figure>\n<div class=\"bbc-19j92fr ebmt73l0\" dir=\"ltr\">\n<p dir=\"ltr\">\n<p dir=\"ltr\">\n<p class=\"bbc-hhl7in e17g058b0\" dir=\"ltr\">Bukele es acusado por cr\u00edticos de haber concentrado el poder del Estado en su figura, controlando a la Justicia y al Congreso, y de violar derechos humanos para aplastar a las pandillas que sembraban terror en el pa\u00eds.<\/p>\n<\/div>\n<div class=\"bbc-19j92fr ebmt73l0\" dir=\"ltr\">\n<p class=\"bbc-hhl7in e17g058b0\" dir=\"ltr\">Pero esa estrategia de \u201cmano dura\u201d contra el crimen derrumb\u00f3 la alt\u00edsima tasa de homicidios que ten\u00eda El Salvador y permiti\u00f3 recuperar el control de barrios otrora dominados por pandillas, lo que ha vuelto a Bukele uno de los presidentes m\u00e1s populares del mundo.<\/p>\n<\/div>\n<div class=\"bbc-19j92fr ebmt73l0\" dir=\"ltr\">\n<p class=\"bbc-hhl7in e17g058b0\" dir=\"ltr\">Las encuestas lo muestran ahora a \u00e9l y su partido Nuevas Ideas como claro favorito para ser reelecto, con intenciones de voto superiores a 60%, mientras las de rivales suyos como Manuel Flores (FMLN) o Joel S\u00e1nchez (Arena) son de apenas un d\u00edgito.<\/p>\n<\/div>\n<div class=\"bbc-19j92fr ebmt73l0\" dir=\"ltr\">\n<p class=\"bbc-hhl7in e17g058b0\" dir=\"ltr\">Por eso, Bukele podr\u00eda ser el primer l\u00edder latinoamericano en lograr la reelecci\u00f3n personal o de su partido en el gobierno durante 2024, algo extraordinario en los \u00faltimos tiempos para la regi\u00f3n.<\/p>\n<\/div>\n<div class=\"bbc-19j92fr ebmt73l0\" dir=\"ltr\">\n<p class=\"bbc-hhl7in e17g058b0\" dir=\"ltr\">Parad\u00f3jicamente, fue con la elecci\u00f3n del propio Bukele en 2019 que comenz\u00f3 una serie de\u00a017 triunfosde la oposici\u00f3n en 19 comicios presidenciales completados hasta ahora.<\/p>\n<\/div>\n<div class=\"bbc-19j92fr ebmt73l0\" dir=\"ltr\">\n<p class=\"bbc-hhl7in e17g058b0\" dir=\"ltr\">Las dos excepciones han sido la reelecci\u00f3n de Daniel Ortega en Nicaragua en 2021, considerada una \u201cfarsa\u201d en Occidente ya que sus posibles rivales fueron encarcelados, y la victoria en abril del Partido Colorado paraguayo, que s\u00f3lo ha perdido una elecci\u00f3n presidencial en 76 a\u00f1os.<\/p>\n<p dir=\"ltr\">\n<\/div>\n<figure class=\"bbc-1qn0xuy\">\n<div class=\"bbc-18qcclp\"><picture><img loading=\"lazy\" decoding=\"async\" class=\"bbc-1uwua2r\" src=\"https:\/\/ichef.bbci.co.uk\/news\/640\/cpsprodpb\/1798\/live\/545a1350-a4d6-11ee-91bf-230bfab3fcba.jpg\" sizes=\"auto, (min-width: 1008px) 760px, 100vw\" srcset=\"https:\/\/ichef.bbci.co.uk\/news\/240\/cpsprodpb\/1798\/live\/545a1350-a4d6-11ee-91bf-230bfab3fcba.jpg 240w, https:\/\/ichef.bbci.co.uk\/news\/320\/cpsprodpb\/1798\/live\/545a1350-a4d6-11ee-91bf-230bfab3fcba.jpg 320w, https:\/\/ichef.bbci.co.uk\/news\/480\/cpsprodpb\/1798\/live\/545a1350-a4d6-11ee-91bf-230bfab3fcba.jpg 480w, https:\/\/ichef.bbci.co.uk\/news\/624\/cpsprodpb\/1798\/live\/545a1350-a4d6-11ee-91bf-230bfab3fcba.jpg 624w, https:\/\/ichef.bbci.co.uk\/news\/800\/cpsprodpb\/1798\/live\/545a1350-a4d6-11ee-91bf-230bfab3fcba.jpg 800w\" alt=\"Protesta callejera en Panam\u00e1\" width=\"4000\" height=\"2669\" \/><\/picture><\/div><figcaption class=\"bbc-1jsyunq e6i104o0\" dir=\"ltr\">\n<h5><em>Protestas como las que hubo recientemente en Panam\u00e1 contra un acuerdo minero han reflejado un alto descontento popular en la regi\u00f3n.<\/em><\/h5>\n<\/figcaption><\/figure>\n<div class=\"bbc-19j92fr ebmt73l0\" dir=\"ltr\">\n<p dir=\"ltr\">\n<p dir=\"ltr\">\n<p class=\"bbc-hhl7in e17g058b0\" dir=\"ltr\">La polit\u00f3loga Victoria Murillo, directora del Instituto de Estudios Latinoamericanos en la Universidad de Columbia, observa que en la regi\u00f3n en general \u201cla gente est\u00e1 descontenta con lo que tiene y vota a otro, a uno que no se parece\u201d al que gobierna.<\/p>\n<\/div>\n<div class=\"bbc-19j92fr ebmt73l0\" dir=\"ltr\">\n<p class=\"bbc-hhl7in e17g058b0\" dir=\"ltr\">\u201cTodo es una especie de c\u00f3mo nos sacamos al que tenemos encima que no est\u00e1 haciendo las cosas que queremos\u201d, dice Murillo.\u00a0\u201cLo que la gente denomina ola de derecha o de izquierda, en realidad es ola de recambio\u201d.<\/p>\n<\/div>\n<div class=\"bbc-19j92fr ebmt73l0\" dir=\"ltr\">\n<p class=\"bbc-hhl7in e17g058b0\" dir=\"ltr\">Sin embargo, en 2024 podr\u00eda haber otras excepciones a esta regla aparte de la probable reelecci\u00f3n de Bukele.<\/p>\n<\/div>\n<div class=\"bbc-19j92fr ebmt73l0\" dir=\"ltr\">\n<h2 id=\"Voto-hist\u00f3rico-en-M\u00e9xico\" class=\"bbc-1f03ibc eglt09e0\" tabindex=\"-1\">\u00bfVoto hist\u00f3rico en M\u00e9xico?<\/h2>\n<\/div>\n<div class=\"bbc-19j92fr ebmt73l0\" dir=\"ltr\">\n<p class=\"bbc-hhl7in e17g058b0\" dir=\"ltr\">En Am\u00e9rica Latina tambi\u00e9n est\u00e1n previstas elecciones presidenciales en Panam\u00e1 (5 de mayo), Rep\u00fablica Dominicana (19 de mayo), M\u00e9xico (2 de junio), Uruguay (27 de octubre) y Venezuela (pactadas para el segundo semestre del a\u00f1o).<\/p>\n<\/div>\n<div class=\"bbc-19j92fr ebmt73l0\" dir=\"ltr\">\n<p class=\"bbc-hhl7in e17g058b0\" dir=\"ltr\">El oficialismo aparece con claras posibilidades de ganar en al menos dos de esos casos.<\/p>\n<\/div>\n<div class=\"bbc-19j92fr ebmt73l0\" dir=\"ltr\">\n<p class=\"bbc-hhl7in e17g058b0\" dir=\"ltr\">En M\u00e9xico, si bien faltan cinco meses para elegir al sucesor del presidente Andr\u00e9s Manuel L\u00f3pez Obrador y mucho puede cambiar,\u00a0las encuestas de intenci\u00f3n de voto dan una holgada ventaja a la exjefa de gobierno de la capital, Claudia Sheinbaum, del partido Morena del mandatario y candidata por la coalici\u00f3n Seguimos Haciendo Historia.<\/p>\n<\/div>\n<div class=\"bbc-19j92fr ebmt73l0\" dir=\"ltr\">\n<p class=\"bbc-hhl7in e17g058b0\" dir=\"ltr\">Como su principal rival aparece X\u00f3chitl G\u00e1lvez, una senadora en uso de licencia que contra todo pron\u00f3stico logr\u00f3 ser candidata de la principal coalici\u00f3n opositora, Frente Amplio por M\u00e9xico, formada por los partidos tradicionales PAN, PRI y PRD.<\/p>\n<p dir=\"ltr\">\n<\/div>\n<figure class=\"bbc-1qn0xuy\">\n<div class=\"bbc-18qcclp\"><picture><img loading=\"lazy\" decoding=\"async\" class=\"bbc-1uwua2r\" src=\"https:\/\/ichef.bbci.co.uk\/news\/640\/cpsprodpb\/4e9c\/live\/beceeca0-a4d7-11ee-91bf-230bfab3fcba.png\" sizes=\"auto, (min-width: 1008px) 760px, 100vw\" srcset=\"https:\/\/ichef.bbci.co.uk\/news\/240\/cpsprodpb\/4e9c\/live\/beceeca0-a4d7-11ee-91bf-230bfab3fcba.png 240w, https:\/\/ichef.bbci.co.uk\/news\/320\/cpsprodpb\/4e9c\/live\/beceeca0-a4d7-11ee-91bf-230bfab3fcba.png 320w, https:\/\/ichef.bbci.co.uk\/news\/480\/cpsprodpb\/4e9c\/live\/beceeca0-a4d7-11ee-91bf-230bfab3fcba.png 480w, https:\/\/ichef.bbci.co.uk\/news\/624\/cpsprodpb\/4e9c\/live\/beceeca0-a4d7-11ee-91bf-230bfab3fcba.png 624w, https:\/\/ichef.bbci.co.uk\/news\/800\/cpsprodpb\/4e9c\/live\/beceeca0-a4d7-11ee-91bf-230bfab3fcba.png 800w\" alt=\"Sheinbaum y G\u00e1lvez \" width=\"800\" height=\"449\" \/><\/picture><\/div><figcaption class=\"bbc-1jsyunq e6i104o0\" dir=\"ltr\">\n<h5><em>Sheinbaum y G\u00e1lvez competir\u00e1n por la presidencia de M\u00e9xico.<\/em><\/h5>\n<\/figcaption><\/figure>\n<div class=\"bbc-19j92fr ebmt73l0\" dir=\"ltr\">\n<p dir=\"ltr\">\n<p dir=\"ltr\">\n<p class=\"bbc-hhl7in e17g058b0\" dir=\"ltr\">Los analistas consideran improbable que surja una tercera opci\u00f3n con chances de ganar y anticipan que estos comicios podr\u00edan ser hist\u00f3ricos si consagrasen a la primera mujer electa presidenta en la historia de M\u00e9xico.<\/p>\n<\/div>\n<div class=\"bbc-19j92fr ebmt73l0\" dir=\"ltr\">\n<p class=\"bbc-hhl7in e17g058b0\" dir=\"ltr\">En las urnas se renovar\u00e1n adem\u00e1s cargos de senadores, diputados, gubernaturas y otras autoridades locales.<\/p>\n<\/div>\n<div class=\"bbc-19j92fr ebmt73l0\" dir=\"ltr\">\n<p class=\"bbc-hhl7in e17g058b0\" dir=\"ltr\">Por otro lado, en Rep\u00fablica Dominicana, el presidente en procura de ser reelecto, Luis Abinader, aparece como favorito\u00a0con m\u00e1s de 50% de intenciones de voto en algunas encuestas para los comicios que lo enfrentar\u00e1n al exmandatario Leonel Fern\u00e1ndez entre otros candidatos.<\/p>\n<\/div>\n<div class=\"bbc-19j92fr ebmt73l0\" dir=\"ltr\">\n<p class=\"bbc-hhl7in e17g058b0\" dir=\"ltr\">Si ninguno obtuviera la mitad m\u00e1s uno de los votos v\u00e1lidos en mayo, habr\u00eda una segunda vuelta entre los dos primeros el 30 de junio.<\/p>\n<\/div>\n<div class=\"bbc-19j92fr ebmt73l0\" dir=\"ltr\">\n<h2 id=\"Alternancias-en-el-poder\" class=\"bbc-1f03ibc eglt09e0\" tabindex=\"-1\">\u00bfAlternancias en el poder?<\/h2>\n<\/div>\n<div class=\"bbc-19j92fr ebmt73l0\" dir=\"ltr\">\n<p class=\"bbc-hhl7in e17g058b0\" dir=\"ltr\">El panorama luce m\u00e1s complicado para el oficialismo en Panam\u00e1 y Uruguay, e incierto en Venezuela.<\/p>\n<\/div>\n<div class=\"bbc-19j92fr ebmt73l0\" dir=\"ltr\">\n<p class=\"bbc-hhl7in e17g058b0\" dir=\"ltr\">En el pa\u00eds centroamericano, tras recientes protestas masivas por un contrato minero que al final fue declarado inconstitucional por la Corte Suprema paname\u00f1a, el expresidente Ricardo Martinelli parece capitalizar parte del descontento con el gobierno de Laurentino Cortizo y asoma como candidato favorito seg\u00fan las encuestas.<\/p>\n<\/div>\n<div class=\"bbc-19j92fr ebmt73l0\" dir=\"ltr\">\n<p class=\"bbc-hhl7in e17g058b0\" dir=\"ltr\">Pero una condena reciente contra Martinelli a 10 a\u00f1os de prisi\u00f3n por lavado de dinero\u00a0podr\u00eda sacarlo de la disputa electoral si la Corte Suprema ratificara el fallo, lo cual mejorar\u00eda las posibilidades de otros candidatos como el expresidente Mart\u00edn Torrijos y Ricardo Lombana contra el actual vicepresidente y postulante oficialista Jos\u00e9 Carrizo, quien no despega en las encuestas.<\/p>\n<\/div>\n<div class=\"bbc-19j92fr ebmt73l0\" dir=\"ltr\">\n<p class=\"bbc-hhl7in e17g058b0\" dir=\"ltr\">En Uruguay, los sondeos de intenci\u00f3n de voto dan a la coalici\u00f3n de izquierda Frente Amplio una leve ventaja para recuperar el poder frente a los partidos que integran el gobierno de Luis Lacalle Pou (Partido Nacional), a quien la Constituci\u00f3n proh\u00edbe la reelecci\u00f3n inmediata.<\/p>\n<p dir=\"ltr\">\n<\/div>\n<figure class=\"bbc-1qn0xuy\">\n<div class=\"bbc-18qcclp\"><picture><img loading=\"lazy\" decoding=\"async\" class=\"bbc-1uwua2r\" src=\"https:\/\/ichef.bbci.co.uk\/news\/640\/cpsprodpb\/28a3\/live\/64fdb0b0-a4d9-11ee-8df3-1d2983d8814f.jpg\" sizes=\"auto, (min-width: 1008px) 760px, 100vw\" srcset=\"https:\/\/ichef.bbci.co.uk\/news\/240\/cpsprodpb\/28a3\/live\/64fdb0b0-a4d9-11ee-8df3-1d2983d8814f.jpg 240w, https:\/\/ichef.bbci.co.uk\/news\/320\/cpsprodpb\/28a3\/live\/64fdb0b0-a4d9-11ee-8df3-1d2983d8814f.jpg 320w, https:\/\/ichef.bbci.co.uk\/news\/480\/cpsprodpb\/28a3\/live\/64fdb0b0-a4d9-11ee-8df3-1d2983d8814f.jpg 480w, https:\/\/ichef.bbci.co.uk\/news\/624\/cpsprodpb\/28a3\/live\/64fdb0b0-a4d9-11ee-8df3-1d2983d8814f.jpg 624w, https:\/\/ichef.bbci.co.uk\/news\/800\/cpsprodpb\/28a3\/live\/64fdb0b0-a4d9-11ee-8df3-1d2983d8814f.jpg 800w\" alt=\"Manifestantes con la bandera de Uruguay en Montevideo.\" width=\"5568\" height=\"3712\" \/><\/picture><\/div><figcaption class=\"bbc-1jsyunq e6i104o0\" dir=\"ltr\">\n<h5><em>Una de las democracias mejor calificadas de la regi\u00f3n, Uruguay celebrar\u00e1 en 2024 unas elecciones presidenciales que podr\u00edan tener dos vueltas.<\/em><\/h5>\n<\/figcaption><\/figure>\n<div class=\"bbc-19j92fr ebmt73l0\" dir=\"ltr\">\n<p dir=\"ltr\">\n<p dir=\"ltr\">\n<p class=\"bbc-hhl7in e17g058b0\" dir=\"ltr\">Pero la carrera electoral uruguaya tendr\u00e1 m\u00e1s claridad despu\u00e9s que los partidos nominen a sus candidatos en elecciones internas marcadas para junio.<\/p>\n<\/div>\n<div class=\"bbc-19j92fr ebmt73l0\" dir=\"ltr\">\n<p class=\"bbc-hhl7in e17g058b0\" dir=\"ltr\">Si ninguno lograse la mitad m\u00e1s uno de los votos en octubre, habr\u00eda un balotaje entre los dos m\u00e1s votados en noviembre.<\/p>\n<\/div>\n<div class=\"bbc-19j92fr ebmt73l0\" dir=\"ltr\">\n<p class=\"bbc-hhl7in e17g058b0\" dir=\"ltr\">Uno de escenarios electorales m\u00e1s indefinidos del a\u00f1o en la regi\u00f3n lo presenta Venezuela, donde se espera que el presidente Nicol\u00e1s Maduro busque ser reelecto en el cargo que ejerce desde hace m\u00e1s de una d\u00e9cada, aunque la legitimidad de su segundo mandato fue cuestionada por buena parte de la comunidad tras unos comicios de 2018 en los que la oposici\u00f3n evit\u00f3 participar por considerarlos fraudulentos.<\/p>\n<\/div>\n<div class=\"bbc-19j92fr ebmt73l0\" dir=\"ltr\">\n<p class=\"bbc-hhl7in e17g058b0\" dir=\"ltr\">Tras largas negociaciones, el gobierno y la oposici\u00f3n acordaron en octubre en Barbados celebrar elecciones durante el segundo semestre de 2024 a cambio de que se levantaran algunas sanciones internacionales a Venezuela impulsadas por Estados Unidos.<\/p>\n<\/div>\n<div class=\"bbc-19j92fr ebmt73l0\" dir=\"ltr\">\n<p class=\"bbc-hhl7in e17g058b0\" dir=\"ltr\">Una de las grandes interrogantes es\u00a0qu\u00e9 ocurrir\u00e1 con la candidatura de Mar\u00eda Corina Machado, quien en octubre gan\u00f3 por amplio margen las primarias de la oposici\u00f3n y se dispone a enfrentar al gobierno en las urnas, pero ha sido inhabilitada para ejercer cargos p\u00fablicos.<\/p>\n<p dir=\"ltr\">\n<\/div>\n<figure class=\"bbc-1qn0xuy\">\n<div class=\"bbc-18qcclp\"><picture><img loading=\"lazy\" decoding=\"async\" class=\"bbc-1uwua2r\" src=\"https:\/\/ichef.bbci.co.uk\/news\/640\/cpsprodpb\/423c\/live\/712797b0-a4da-11ee-b9a7-c91b9dfa91e5.jpg\" sizes=\"auto, (min-width: 1008px) 760px, 100vw\" srcset=\"https:\/\/ichef.bbci.co.uk\/news\/240\/cpsprodpb\/423c\/live\/712797b0-a4da-11ee-b9a7-c91b9dfa91e5.jpg 240w, https:\/\/ichef.bbci.co.uk\/news\/320\/cpsprodpb\/423c\/live\/712797b0-a4da-11ee-b9a7-c91b9dfa91e5.jpg 320w, https:\/\/ichef.bbci.co.uk\/news\/480\/cpsprodpb\/423c\/live\/712797b0-a4da-11ee-b9a7-c91b9dfa91e5.jpg 480w, https:\/\/ichef.bbci.co.uk\/news\/624\/cpsprodpb\/423c\/live\/712797b0-a4da-11ee-b9a7-c91b9dfa91e5.jpg 624w, https:\/\/ichef.bbci.co.uk\/news\/800\/cpsprodpb\/423c\/live\/712797b0-a4da-11ee-b9a7-c91b9dfa91e5.jpg 800w\" alt=\"Una persona deposita su voto en una urna en venezuela. \" width=\"6123\" height=\"4082\" \/><\/picture><\/div><figcaption class=\"bbc-1jsyunq e6i104o0\" dir=\"ltr\">\n<h5><em>En Venezuela a\u00fan hay importantes dudas a despejar de cara a las elecciones pactadas para la segunda mitad de 2024.<\/em><\/h5>\n<\/figcaption><\/figure>\n<div class=\"bbc-19j92fr ebmt73l0\" dir=\"ltr\">\n<p dir=\"ltr\">\n<p dir=\"ltr\">\n<p class=\"bbc-hhl7in e17g058b0\" dir=\"ltr\">Con el tel\u00f3n de fondo de un desmoronamiento econ\u00f3mico que ha hecho emigrar a m\u00e1s de siete millones de venezolanos, las encuestas sugieren que Machado podr\u00eda derrotar al socialismo chavista que lleva 24 a\u00f1os en el poder.<\/p>\n<\/div>\n<div class=\"bbc-19j92fr ebmt73l0\" dir=\"ltr\">\n<p class=\"bbc-hhl7in e17g058b0\" dir=\"ltr\">Pero los analistas dudan que las autoridades la habiliten a competir en las urnas y advierten que el asunto puede volver a tensar el clima pol\u00edtico en un pa\u00eds donde las fuerzas de seguridad han reprimido con dureza protestas antigubernamentales en el pasado.<\/p>\n<\/div>\n<div class=\"bbc-19j92fr ebmt73l0\" dir=\"ltr\">\n<p class=\"bbc-hhl7in e17g058b0\" dir=\"ltr\">La agenda electoral de 2024 en Am\u00e9rica Latina, que incluye adem\u00e1s comicios municipales en Brasil y Chile en octubre,\u00a0modificar\u00e1 el mapa de poder en la regi\u00f3n, aunque esta vez quiz\u00e1s menos de lo que aspiran algunos opositores.<\/p>\n<\/div>\n","protected":false},"excerpt":{"rendered":"<p>&nbsp; &nbsp; Millones de latinoamericanos en 2024 ser\u00e1n parte de un fen\u00f3meno que se espera marque un r\u00e9cord hist\u00f3rico: el a\u00f1o en que m\u00e1s votantes&hellip;<\/p>\n","protected":false},"author":99,"featured_media":515114,"comment_status":"open","ping_status":"open","sticky":false,"template":"","format":"standard","meta":{"footnotes":""},"categories":[23],"tags":[],"class_list":["post-515113","post","type-post","status-publish","format-standard","has-post-thumbnail","hentry","category-latinoamerica"],"_links":{"self":[{"href":"https:\/\/diarioelpopular.com\/index.php\/wp-json\/wp\/v2\/posts\/515113","targetHints":{"allow":["GET"]}}],"collection":[{"href":"https:\/\/diarioelpopular.com\/index.php\/wp-json\/wp\/v2\/posts"}],"about":[{"href":"https:\/\/diarioelpopular.com\/index.php\/wp-json\/wp\/v2\/types\/post"}],"author":[{"embeddable":true,"href":"https:\/\/diarioelpopular.com\/index.php\/wp-json\/wp\/v2\/users\/99"}],"replies":[{"embeddable":true,"href":"https:\/\/diarioelpopular.com\/index.php\/wp-json\/wp\/v2\/comments?post=515113"}],"version-history":[{"count":1,"href":"https:\/\/diarioelpopular.com\/index.php\/wp-json\/wp\/v2\/posts\/515113\/revisions"}],"predecessor-version":[{"id":515115,"href":"https:\/\/diarioelpopular.com\/index.php\/wp-json\/wp\/v2\/posts\/515113\/revisions\/515115"}],"wp:featuredmedia":[{"embeddable":true,"href":"https:\/\/diarioelpopular.com\/index.php\/wp-json\/wp\/v2\/media\/515114"}],"wp:attachment":[{"href":"https:\/\/diarioelpopular.com\/index.php\/wp-json\/wp\/v2\/media?parent=515113"}],"wp:term":[{"taxonomy":"category","embeddable":true,"href":"https:\/\/diarioelpopular.com\/index.php\/wp-json\/wp\/v2\/categories?post=515113"},{"taxonomy":"post_tag","embeddable":true,"href":"https:\/\/diarioelpopular.com\/index.php\/wp-json\/wp\/v2\/tags?post=515113"}],"curies":[{"name":"wp","href":"https:\/\/api.w.org\/{rel}","templated":true}]}}