{"id":515135,"date":"2024-01-03T10:17:36","date_gmt":"2024-01-03T14:17:36","guid":{"rendered":"https:\/\/diarioelpopular.com\/?p=515135"},"modified":"2024-01-03T10:17:36","modified_gmt":"2024-01-03T14:17:36","slug":"hipotecas-inflacion-e-inmigracion-entre-las-principales-preocupaciones-en-2024-encuestas","status":"publish","type":"post","link":"https:\/\/diarioelpopular.com\/index.php\/2024\/01\/03\/hipotecas-inflacion-e-inmigracion-entre-las-principales-preocupaciones-en-2024-encuestas\/","title":{"rendered":"Hipotecas, inflaci\u00f3n e inmigraci\u00f3n entre las principales preocupaciones en 2024: encuestas"},"content":{"rendered":"<p><img loading=\"lazy\" decoding=\"async\" class=\"alignnone size-custom-full-size wp-image-515136\" src=\"https:\/\/diarioelpopular.com\/wp-content\/uploads\/2024\/01\/Screen-Shot-2024-01-03-at-9.17.05-AM-636x422.png\" alt=\"\" width=\"636\" height=\"422\" srcset=\"https:\/\/diarioelpopular.com\/wp-content\/uploads\/2024\/01\/Screen-Shot-2024-01-03-at-9.17.05-AM-636x422.png 636w, https:\/\/diarioelpopular.com\/wp-content\/uploads\/2024\/01\/Screen-Shot-2024-01-03-at-9.17.05-AM-300x199.png 300w, https:\/\/diarioelpopular.com\/wp-content\/uploads\/2024\/01\/Screen-Shot-2024-01-03-at-9.17.05-AM-768x510.png 768w, https:\/\/diarioelpopular.com\/wp-content\/uploads\/2024\/01\/Screen-Shot-2024-01-03-at-9.17.05-AM-85x55.png 85w, https:\/\/diarioelpopular.com\/wp-content\/uploads\/2024\/01\/Screen-Shot-2024-01-03-at-9.17.05-AM-110x73.png 110w, https:\/\/diarioelpopular.com\/wp-content\/uploads\/2024\/01\/Screen-Shot-2024-01-03-at-9.17.05-AM.png 1024w\" sizes=\"auto, (max-width: 636px) 100vw, 636px\" \/><\/p>\n<p><em><strong>&#8211; A medida que comienza el nuevo a\u00f1o, las principales preocupaciones para 2024 son el costo de vida y la inmigraci\u00f3n, seg\u00fan una encuesta reciente de Nanos Research.<\/strong><\/em><\/p>\n<p>&nbsp;<\/p>\n<p><em><strong>OTTAWA.-<\/strong><\/em> Las encuestas encontraron que la mitad de las personas que tienen una hipoteca est\u00e1n &#8220;preocupados&#8221; o &#8220;algo preocupados&#8221; por hacer los pagos, el 35 por ciento de los encuestados quiere que la C\u00e1mara de los Comunes d\u00e9 prioridad al costo de vida, y hasta el 61 por ciento de los encuestados quiere Canad\u00e1 \u201caceptar\u00e1 menos inmigrantes\u201d.<\/p>\n<p>M\u00e1s de 1.000 personas de 18 a\u00f1os o m\u00e1s fueron encuestados del 27 al 29 de diciembre de 2023.<\/p>\n<p><em><strong>PAGOS DE HIPOTECA<\/strong><\/em><br \/>\nNanos descubri\u00f3 que uno de cada dos personas con una hipoteca dice estar preocupado (24 por ciento) o algo preocupado (28 por ciento) por su capacidad de realizar los pagos de su hipoteca cuando \u00e9sta se renueve.<\/p>\n<p>Los datos muestran que los canadienses m\u00e1s j\u00f3venes entre 18 y 35 a\u00f1os tienen m\u00e1s probabilidades de estar preocupados (29 por ciento) o algo preocupados (34 por ciento) por los pagos de la hipoteca.<\/p>\n<p>Los canadienses de 55 a\u00f1os o m\u00e1s demostraron estar notablemente menos preocupados: s\u00f3lo el 16 por ciento expres\u00f3 su preocupaci\u00f3n y el 20 por ciento dijo que estaba algo preocupado por las facturas hipotecarias.<\/p>\n<p>Los datos tambi\u00e9n muestran una disparidad de preocupaci\u00f3n entre hombres y mujeres. El veintis\u00e9is por ciento de las mujeres expresaron estar preocupadas y el 33 por ciento dijo estar algo preocupadas por los pagos de la hipoteca. Por otro lado, el 22 por ciento de los hombres expres\u00f3 estar preocupado y el 33 por ciento dijo estar algo preocupado.<\/p>\n<p><em><strong>ESPERANZA PRIORITARIA DE LA CASA DE LOS COMUNES<\/strong><\/em><br \/>\nCuando se pregunt\u00f3 qu\u00e9 cuestiones deber\u00eda priorizar la C\u00e1mara de los Comunes en 2024, el 35,4 por ciento de los encuestados dijo que el aumento del costo de vida.<\/p>\n<p>Entre estos encuestados, el 32 por ciento eran hombres y el 38 por ciento eran mujeres.<\/p>\n<p>Casi la mitad (44,5 por ciento) de los m\u00e1s j\u00f3venes de entre 18 y 34 a\u00f1os dijeron que abordar el creciente costo de vida era una prioridad para ellos. El 41 por ciento de los adultos de 35 a 54 a\u00f1os mantuvieron la misma prioridad, y el 25 por ciento de los adultos de 55 a\u00f1os o m\u00e1s tambi\u00e9n expresaron que el costo de vida deber\u00eda ser un foco importante.<\/p>\n<p>Otras prioridades principales incluyeron la atenci\u00f3n m\u00e9dica, con el 13,8 por ciento de los encuestados indicando que era una prioridad para ellos, la vivienda (13,1 por ciento) y el medio ambiente (10,9 por ciento).<\/p>\n<p><em><strong>INMIGRACI\u00d3N<\/strong><\/em><br \/>\nNanos tambi\u00e9n descubri\u00f3 que una proporci\u00f3n cada vez mayor de gente quiere que el pa\u00eds acepte menos inmigrantes en 2024 en comparaci\u00f3n con 2023. El sesenta y uno por ciento de los encuestados comparti\u00f3 esta opini\u00f3n, un aumento del ocho por ciento desde septiembre de 2023.<\/p>\n<p>Los datos encontraron que la proporci\u00f3n de personas que quieren aceptar m\u00e1s inmigrantes contin\u00faa disminuyendo, del 17 por ciento en 2020 al cinco por ciento en las encuestas recientes.<\/p>\n<p>La mayor\u00eda de los encuestados esperan que Canad\u00e1 acepte menos inmigrantes viven en las Praderas (68,1 por ciento) y Ontario (67,1 por ciento).<\/p>\n<p>La principal raz\u00f3n atribuida a esta opini\u00f3n es la crisis inmobiliaria: el 31 por ciento dice que es porque \u201cno hay d\u00f3nde vivir\u201d.<\/p>\n<p>Alrededor del 24 por ciento dijo que Canad\u00e1 deber\u00eda aceptar menos inmigrantes porque el pa\u00eds no tiene la infraestructura, los servicios sociales y los recursos para apoyarlos.<\/p>\n<h5><em>METODOLOG\u00cdA<\/em><br \/>\n<em>Nanos realiz\u00f3 una encuesta aleatoria h\u00edbrida por tel\u00e9fono y en l\u00ednea a 1.006 canadienses, de 18 a\u00f1os o m\u00e1s, entre el 27 y el 29 de diciembre de 2023 como parte de una encuesta general.<\/em><\/h5>\n<h5><em>Los participantes fueron reclutados aleatoriamente por tel\u00e9fono utilizando agentes reales y se les administr\u00f3 una encuesta en l\u00ednea. La muestra incluy\u00f3 l\u00edneas terrestres y celulares en todo Canad\u00e1. Los resultados fueron verificados estad\u00edsticamente y ponderados por edad y g\u00e9nero utilizando la informaci\u00f3n del censo m\u00e1s reciente y la muestra est\u00e1 estratificada geogr\u00e1ficamente para ser representativa de Canad\u00e1.<\/em><\/h5>\n","protected":false},"excerpt":{"rendered":"<p>&#8211; A medida que comienza el nuevo a\u00f1o, las principales preocupaciones para 2024 son el costo de vida y la inmigraci\u00f3n, seg\u00fan una encuesta reciente&hellip;<\/p>\n","protected":false},"author":99,"featured_media":515136,"comment_status":"open","ping_status":"open","sticky":false,"template":"","format":"standard","meta":{"footnotes":""},"categories":[21,11191],"tags":[],"class_list":["post-515135","post","type-post","status-publish","format-standard","has-post-thumbnail","hentry","category-canada","category-top-news"],"_links":{"self":[{"href":"https:\/\/diarioelpopular.com\/index.php\/wp-json\/wp\/v2\/posts\/515135","targetHints":{"allow":["GET"]}}],"collection":[{"href":"https:\/\/diarioelpopular.com\/index.php\/wp-json\/wp\/v2\/posts"}],"about":[{"href":"https:\/\/diarioelpopular.com\/index.php\/wp-json\/wp\/v2\/types\/post"}],"author":[{"embeddable":true,"href":"https:\/\/diarioelpopular.com\/index.php\/wp-json\/wp\/v2\/users\/99"}],"replies":[{"embeddable":true,"href":"https:\/\/diarioelpopular.com\/index.php\/wp-json\/wp\/v2\/comments?post=515135"}],"version-history":[{"count":1,"href":"https:\/\/diarioelpopular.com\/index.php\/wp-json\/wp\/v2\/posts\/515135\/revisions"}],"predecessor-version":[{"id":515137,"href":"https:\/\/diarioelpopular.com\/index.php\/wp-json\/wp\/v2\/posts\/515135\/revisions\/515137"}],"wp:featuredmedia":[{"embeddable":true,"href":"https:\/\/diarioelpopular.com\/index.php\/wp-json\/wp\/v2\/media\/515136"}],"wp:attachment":[{"href":"https:\/\/diarioelpopular.com\/index.php\/wp-json\/wp\/v2\/media?parent=515135"}],"wp:term":[{"taxonomy":"category","embeddable":true,"href":"https:\/\/diarioelpopular.com\/index.php\/wp-json\/wp\/v2\/categories?post=515135"},{"taxonomy":"post_tag","embeddable":true,"href":"https:\/\/diarioelpopular.com\/index.php\/wp-json\/wp\/v2\/tags?post=515135"}],"curies":[{"name":"wp","href":"https:\/\/api.w.org\/{rel}","templated":true}]}}