{"id":515164,"date":"2024-01-04T10:37:07","date_gmt":"2024-01-04T14:37:07","guid":{"rendered":"https:\/\/diarioelpopular.com\/?p=515164"},"modified":"2024-01-04T10:37:07","modified_gmt":"2024-01-04T14:37:07","slug":"los-clientes-de-rogers-y-bell-estan-a-punto-de-ver-un-aumento-en-sus-facturas-de-servicios-inalambricos","status":"publish","type":"post","link":"https:\/\/diarioelpopular.com\/index.php\/2024\/01\/04\/los-clientes-de-rogers-y-bell-estan-a-punto-de-ver-un-aumento-en-sus-facturas-de-servicios-inalambricos\/","title":{"rendered":"Los clientes de Rogers y Bell est\u00e1n a punto de ver un aumento en sus facturas de servicios inal\u00e1mbricos."},"content":{"rendered":"<p><img loading=\"lazy\" decoding=\"async\" class=\"alignnone size-custom-full-size wp-image-515165\" src=\"https:\/\/diarioelpopular.com\/wp-content\/uploads\/2024\/01\/Screen-Shot-2024-01-04-at-9.36.18-AM-636x327.png\" alt=\"\" width=\"636\" height=\"327\" srcset=\"https:\/\/diarioelpopular.com\/wp-content\/uploads\/2024\/01\/Screen-Shot-2024-01-04-at-9.36.18-AM-636x327.png 636w, https:\/\/diarioelpopular.com\/wp-content\/uploads\/2024\/01\/Screen-Shot-2024-01-04-at-9.36.18-AM-300x154.png 300w, https:\/\/diarioelpopular.com\/wp-content\/uploads\/2024\/01\/Screen-Shot-2024-01-04-at-9.36.18-AM-768x394.png 768w, https:\/\/diarioelpopular.com\/wp-content\/uploads\/2024\/01\/Screen-Shot-2024-01-04-at-9.36.18-AM-1200x616.png 1200w, https:\/\/diarioelpopular.com\/wp-content\/uploads\/2024\/01\/Screen-Shot-2024-01-04-at-9.36.18-AM-142x73.png 142w, https:\/\/diarioelpopular.com\/wp-content\/uploads\/2024\/01\/Screen-Shot-2024-01-04-at-9.36.18-AM.png 1024w\" sizes=\"auto, (max-width: 636px) 100vw, 636px\" \/><\/p>\n<p>&nbsp;<\/p>\n<p>&nbsp;<\/p>\n<ul>\n<li><em><strong>En un comunicado por correo electr\u00f3nico, un representante de Rogers declar\u00f3 que las actualizaciones de precios se aplicar\u00e1n a los clientes de Rogers y Fido. Y dependiendo de su plan, los clientes podr\u00edan ver un aumento de $7 a $9 por mes<\/strong><\/em><\/li>\n<\/ul>\n<p>&nbsp;<\/p>\n<p>Aquellos que no tienen un contrato a plazo ver\u00e1n los nuevos precios en su primera factura despu\u00e9s del 17 de enero. Sin embargo, los clientes con un contrato a plazo no experimentar\u00e1n un cambio en su tarifa de servicio mensual base durante la duraci\u00f3n de su contrato.<\/p>\n<p>Bell tambi\u00e9n aumentar\u00e1 las tarifas de sus planes inal\u00e1mbricos, seg\u00fan un informe de MobileSyrup. Un cliente comparti\u00f3 una captura de pantalla de un correo electr\u00f3nico enviado el 8 de diciembre alert\u00e1ndole sobre el pr\u00f3ximo aumento. El plan del cliente aumentar\u00e1 $6 a partir de febrero de 2024.<\/p>\n<p>En cuanto a la raz\u00f3n detr\u00e1s del aumento, el correo electr\u00f3nico afirma: &#8220;En Bell, invertimos continuamente para brindar servicios de clase mundial, conexiones confiables y respaldar la demanda de red en r\u00e1pido aumento&#8221;.<\/p>\n<p>A pesar del aumento, el precio de los planes inal\u00e1mbricos\/de Internet ha ido bajando en Canad\u00e1, seg\u00fan un portavoz de la Asociaci\u00f3n Canadiense de Telecomunicaciones (CTA).<\/p>\n<p>Se\u00f1alaron que seg\u00fan el \u00cdndice de Precios al Consumidor de StatCan, el costo de los servicios de acceso a Internet ha ca\u00eddo casi un 7 por ciento en los \u00faltimos cinco a\u00f1os. Mientras tanto, en el mismo per\u00edodo, el precio de los servicios celulares cay\u00f3 m\u00e1s del 47 por ciento.<\/p>\n<p>&#8220;Esto contrasta marcadamente con un aumento de la inflaci\u00f3n general del 19 por ciento durante el mismo per\u00edodo&#8221;, afirmaron.<\/p>\n<p>A medida que cae el \u00edndice de precios, el representante de la CTA afirm\u00f3 que &#8220;el sector de telecomunicaciones de Canad\u00e1 ha estado invirtiendo miles de millones cada a\u00f1o en expandir y mejorar sus redes para que los suscriptores disfruten de velocidades m\u00e1s r\u00e1pidas, una cobertura m\u00e1s amplia y asignaciones de datos m\u00e1s grandes&#8221;.<\/p>\n","protected":false},"excerpt":{"rendered":"<p>&nbsp; &nbsp; En un comunicado por correo electr\u00f3nico, un representante de Rogers declar\u00f3 que las actualizaciones de precios se aplicar\u00e1n a los clientes de Rogers&hellip;<\/p>\n","protected":false},"author":99,"featured_media":515165,"comment_status":"open","ping_status":"open","sticky":false,"template":"","format":"standard","meta":{"footnotes":""},"categories":[21],"tags":[],"class_list":["post-515164","post","type-post","status-publish","format-standard","has-post-thumbnail","hentry","category-canada"],"_links":{"self":[{"href":"https:\/\/diarioelpopular.com\/index.php\/wp-json\/wp\/v2\/posts\/515164","targetHints":{"allow":["GET"]}}],"collection":[{"href":"https:\/\/diarioelpopular.com\/index.php\/wp-json\/wp\/v2\/posts"}],"about":[{"href":"https:\/\/diarioelpopular.com\/index.php\/wp-json\/wp\/v2\/types\/post"}],"author":[{"embeddable":true,"href":"https:\/\/diarioelpopular.com\/index.php\/wp-json\/wp\/v2\/users\/99"}],"replies":[{"embeddable":true,"href":"https:\/\/diarioelpopular.com\/index.php\/wp-json\/wp\/v2\/comments?post=515164"}],"version-history":[{"count":1,"href":"https:\/\/diarioelpopular.com\/index.php\/wp-json\/wp\/v2\/posts\/515164\/revisions"}],"predecessor-version":[{"id":515166,"href":"https:\/\/diarioelpopular.com\/index.php\/wp-json\/wp\/v2\/posts\/515164\/revisions\/515166"}],"wp:featuredmedia":[{"embeddable":true,"href":"https:\/\/diarioelpopular.com\/index.php\/wp-json\/wp\/v2\/media\/515165"}],"wp:attachment":[{"href":"https:\/\/diarioelpopular.com\/index.php\/wp-json\/wp\/v2\/media?parent=515164"}],"wp:term":[{"taxonomy":"category","embeddable":true,"href":"https:\/\/diarioelpopular.com\/index.php\/wp-json\/wp\/v2\/categories?post=515164"},{"taxonomy":"post_tag","embeddable":true,"href":"https:\/\/diarioelpopular.com\/index.php\/wp-json\/wp\/v2\/tags?post=515164"}],"curies":[{"name":"wp","href":"https:\/\/api.w.org\/{rel}","templated":true}]}}