{"id":515259,"date":"2024-01-09T11:41:13","date_gmt":"2024-01-09T15:41:13","guid":{"rendered":"https:\/\/diarioelpopular.com\/?p=515259"},"modified":"2024-01-09T11:41:13","modified_gmt":"2024-01-09T15:41:13","slug":"5-cosas-que-no-sabemos-sobre-kim-jong-un-el-lider-supremo-de-corea-del-norte-que-cumple-40-anos","status":"publish","type":"post","link":"https:\/\/diarioelpopular.com\/index.php\/2024\/01\/09\/5-cosas-que-no-sabemos-sobre-kim-jong-un-el-lider-supremo-de-corea-del-norte-que-cumple-40-anos\/","title":{"rendered":"5 cosas que no sabemos sobre Kim Jong-un, el l\u00edder supremo de Corea del Norte que cumple 40 a\u00f1os"},"content":{"rendered":"<p><img loading=\"lazy\" decoding=\"async\" class=\"alignnone size-custom-big-size wp-image-515260\" src=\"https:\/\/diarioelpopular.com\/wp-content\/uploads\/2024\/01\/Screen-Shot-2024-01-09-at-10.40.36-AM-1200x684.png\" alt=\"\" width=\"1200\" height=\"684\" srcset=\"https:\/\/diarioelpopular.com\/wp-content\/uploads\/2024\/01\/Screen-Shot-2024-01-09-at-10.40.36-AM-1200x684.png 1200w, https:\/\/diarioelpopular.com\/wp-content\/uploads\/2024\/01\/Screen-Shot-2024-01-09-at-10.40.36-AM-300x171.png 300w, https:\/\/diarioelpopular.com\/wp-content\/uploads\/2024\/01\/Screen-Shot-2024-01-09-at-10.40.36-AM-768x438.png 768w, https:\/\/diarioelpopular.com\/wp-content\/uploads\/2024\/01\/Screen-Shot-2024-01-09-at-10.40.36-AM-636x362.png 636w, https:\/\/diarioelpopular.com\/wp-content\/uploads\/2024\/01\/Screen-Shot-2024-01-09-at-10.40.36-AM-128x73.png 128w, https:\/\/diarioelpopular.com\/wp-content\/uploads\/2024\/01\/Screen-Shot-2024-01-09-at-10.40.36-AM.png 1024w\" sizes=\"auto, (max-width: 1200px) 100vw, 1200px\" \/><\/p>\n<h5><em>Existen dudas sobre la fecha real de nacimiento de Kim.<\/em><\/h5>\n<p>&nbsp;<\/p>\n<p>&nbsp;<\/p>\n<p>&nbsp;<\/p>\n<div class=\"bbc-19j92fr ebmt73l0\" dir=\"ltr\">\n<ul>\n<li class=\"bbc-hhl7in e17g058b0\" dir=\"ltr\"><em><b>El l\u00edder de Corea del Norte, Kim Jong-un, cumpli\u00f3 este lunes 40 a\u00f1os. O al menos eso cree la mayor\u00eda de expertos y fuentes que establecen su a\u00f1o de nacimiento en 1984.<\/b><\/em><\/li>\n<\/ul>\n<\/div>\n<div class=\"bbc-19j92fr ebmt73l0\" dir=\"ltr\">\n<p dir=\"ltr\">\n<p class=\"bbc-hhl7in e17g058b0\" dir=\"ltr\">Nieto del fundador del pa\u00eds, Kim Il Sung, se convirti\u00f3 en uno de los mandatarios m\u00e1s j\u00f3venes de la historia al asumir el poder en 2011 tras la muerte de su padre, Kim Jong-il.<\/p>\n<\/div>\n<div class=\"bbc-19j92fr ebmt73l0\" dir=\"ltr\">\n<p class=\"bbc-hhl7in e17g058b0\" dir=\"ltr\">El tercero de la dinast\u00eda Kim, que desde hace m\u00e1s de siete d\u00e9cadas gobierna con mano de hierro bajo un sistema comunista, se ha afianzado desde entonces como una importante figura en la geopol\u00edtica tanto en la regi\u00f3n del noreste de Asia como a nivel global.<\/p>\n<\/div>\n<div class=\"bbc-19j92fr ebmt73l0\" dir=\"ltr\">\n<p class=\"bbc-hhl7in e17g058b0\" dir=\"ltr\">Continuista de la pol\u00edtica \u201csongun\u201d de su padre, que prioriza el desarrollo militar, cuenta con un arsenal nuclear\u00a0que el r\u00e9gimen considera su garant\u00eda de supervivencia y trata de usar como moneda de cambio en la diplomacia internacional.<\/p>\n<\/div>\n<section class=\"bbc-geybui\" role=\"region\" aria-label=\"Publicidad 2\" aria-hidden=\"true\" data-e2e=\"advertisement\"><\/section>\n<div class=\"bbc-19j92fr ebmt73l0\" dir=\"ltr\">\n<p class=\"bbc-hhl7in e17g058b0\" dir=\"ltr\">Esto, sumado a su capacidad para fabricar y lanzar cohetes de largo alcance, pone dentro de su rango de ataque at\u00f3mico a Estados Unidos, pa\u00eds al que considera su principal enemigo y amenaza con frecuencia.<\/p>\n<\/div>\n<div class=\"bbc-1n4f7vm ebmt73l0\" dir=\"ltr\"><\/div>\n<div class=\"bbc-19j92fr ebmt73l0\" dir=\"ltr\">\n<p class=\"bbc-hhl7in e17g058b0\" dir=\"ltr\">Sus relaciones con Corea del Sur, con el que est\u00e1 en estado t\u00e9cnico de guerra desde 1953, han pasado por fases de tensi\u00f3n y distensi\u00f3n, con\u00a0gestos de reconciliaci\u00f3n pero tambi\u00e9n frecuentes amenazas y choques militares puntuales\u00a0que nunca han llegado a escalar seriamente.<\/p>\n<\/div>\n<div class=\"bbc-19j92fr ebmt73l0\" dir=\"ltr\">\n<p class=\"bbc-hhl7in e17g058b0\" dir=\"ltr\">Kim ha aprovechado el distanciamiento con Estados Unidos de sus dos aliados en la regi\u00f3n, Rusia y China, para mejorar sus v\u00ednculos con ellos, especialmente con Mosc\u00fa, al que seg\u00fan el gobierno ucraniano ha proporcionado armamento pese a que se lo proh\u00edben las duras sanciones internacionales.<\/p>\n<\/div>\n<div class=\"bbc-19j92fr ebmt73l0\" dir=\"ltr\">\n<p class=\"bbc-hhl7in e17g058b0\" dir=\"ltr\">La Corea del Norte de Kim Jong-un, al igual que la de sus predecesores, tambi\u00e9n se caracteriza por la pobreza, el hambre y\u00a0el extremo el hermetismo en torno a toda la informaci\u00f3n\u00a0que entra y sale del pa\u00eds, y en especial la relativa a su \u00e9lite pol\u00edtica.<\/p>\n<\/div>\n<div class=\"bbc-19j92fr ebmt73l0\" dir=\"ltr\">\n<p class=\"bbc-hhl7in e17g058b0\" dir=\"ltr\">Por eso hay preguntas clave sobre el l\u00edder supremo norcoreano y su gesti\u00f3n del pa\u00eds para las que no hay respuestas concluyentes.<\/p>\n<\/div>\n<div class=\"bbc-19j92fr ebmt73l0\" dir=\"ltr\">\n<p class=\"bbc-hhl7in e17g058b0\" dir=\"ltr\">Aqu\u00ed tratamos de dar respuesta a algunas de ellas.<\/p>\n<\/div>\n<div class=\"bbc-19j92fr ebmt73l0\" dir=\"ltr\">\n<h2 id=\"1-Cu\u00e1ndo-naci\u00f3-Kim-Jongun\" class=\"bbc-1f03ibc eglt09e0\" tabindex=\"-1\">1. \u00bfCu\u00e1ndo naci\u00f3 Kim Jong-un?<\/h2>\n<\/div>\n<figure class=\"bbc-1qn0xuy\">\n<div class=\"bbc-18qcclp\"><picture><img loading=\"lazy\" decoding=\"async\" class=\"bbc-1uwua2r\" src=\"https:\/\/ichef.bbci.co.uk\/news\/640\/cpsprodpb\/d700\/live\/75fe36c0-ac11-11ee-8f07-bbfdfa890097.jpg\" sizes=\"auto, (min-width: 1008px) 760px, 100vw\" srcset=\"https:\/\/ichef.bbci.co.uk\/news\/240\/cpsprodpb\/d700\/live\/75fe36c0-ac11-11ee-8f07-bbfdfa890097.jpg 240w, https:\/\/ichef.bbci.co.uk\/news\/320\/cpsprodpb\/d700\/live\/75fe36c0-ac11-11ee-8f07-bbfdfa890097.jpg 320w, https:\/\/ichef.bbci.co.uk\/news\/480\/cpsprodpb\/d700\/live\/75fe36c0-ac11-11ee-8f07-bbfdfa890097.jpg 480w, https:\/\/ichef.bbci.co.uk\/news\/624\/cpsprodpb\/d700\/live\/75fe36c0-ac11-11ee-8f07-bbfdfa890097.jpg 624w, https:\/\/ichef.bbci.co.uk\/news\/800\/cpsprodpb\/d700\/live\/75fe36c0-ac11-11ee-8f07-bbfdfa890097.jpg 800w\" alt=\"Kim Jong-un\" width=\"1024\" height=\"710\" \/><\/picture><\/div><figcaption class=\"bbc-1jsyunq e6i104o0\" dir=\"ltr\">\n<h5><em>Se cree que Corea del Norte fech\u00f3 su nacimiento en 1982 para atribuirle m\u00e1s edad y para que coincidiera con el 70 aniversario del nacimiento de su abuelo y fundador del pa\u00eds, el &#8220;presidente eterno&#8221; Kim Il-sung, en 1912.<\/em><\/h5>\n<\/figcaption><\/figure>\n<div class=\"bbc-19j92fr ebmt73l0\" dir=\"ltr\">\n<p dir=\"ltr\">\n<p dir=\"ltr\">\n<p class=\"bbc-hhl7in e17g058b0\" dir=\"ltr\">En realidad, no lo sabemos con certeza absoluta.<\/p>\n<\/div>\n<div class=\"bbc-19j92fr ebmt73l0\" dir=\"ltr\">\n<p class=\"bbc-hhl7in e17g058b0\" dir=\"ltr\">&#8220;Hay un amplio debate sobre el a\u00f1o en que naci\u00f3,\u00a0en 1982, 1983 o 1984&#8221;, explic\u00f3 Edward Howell, profesor de Pol\u00edtica en la Universidad de Oxford y uno de los grandes expertos de la herm\u00e9tica Corea del Norte.<\/p>\n<\/div>\n<div class=\"bbc-19j92fr ebmt73l0\" dir=\"ltr\">\n<p class=\"bbc-hhl7in e17g058b0\" dir=\"ltr\">Su cumplea\u00f1os, el 8 de enero, es un d\u00eda laborable normal en Corea del Norte a diferencia de los aniversarios de su padre y su abuelo.<\/p>\n<\/div>\n<div class=\"bbc-19j92fr ebmt73l0\" dir=\"ltr\">\n<p class=\"bbc-hhl7in e17g058b0\" dir=\"ltr\">El cumplea\u00f1os de Kim Jong-il se celebra el 16 de febrero de cada a\u00f1o como el D\u00eda de la Estrella Brillante, mientras que el de Kim Il Sung, el 15 de abril, es el D\u00eda del Sol. Ambos son importantes festividades en el pa\u00eds comunista.<\/p>\n<\/div>\n<div class=\"bbc-19j92fr ebmt73l0\" dir=\"ltr\">\n<p class=\"bbc-hhl7in e17g058b0\" dir=\"ltr\">En todo caso -y al igual que en las etapas de sus antecesores, especialmente de Kim Jong-il- muchos de los detalles sobre su familia est\u00e1n rodeados de misterio.<\/p>\n<\/div>\n<div class=\"bbc-19j92fr ebmt73l0\" dir=\"ltr\">\n<p class=\"bbc-hhl7in e17g058b0\" dir=\"ltr\">Se sabe que Kim Jong-un tiene hermanos por parte de padre, uno de los cuales,\u00a0Kim Jong-nam, fue asesinado en Malasia en 2017. Expertos creen que el l\u00edder norcoreano pudo haber ordenado la operaci\u00f3n.<\/p>\n<\/div>\n<div class=\"bbc-19j92fr ebmt73l0\" dir=\"ltr\">\n<p class=\"bbc-hhl7in e17g058b0\" dir=\"ltr\">A Kim Jong-il, el padre de Kim Jong-un, se le atribuyeron al menos cuatro parejas diferentes, aunque sus relaciones se mantuvieron en su mayor\u00eda en secreto, fuera del ojo p\u00fablico.<\/p>\n<\/div>\n<div class=\"bbc-19j92fr ebmt73l0\" dir=\"ltr\">\n<p class=\"bbc-hhl7in e17g058b0\" dir=\"ltr\">Se cree que la madre del actual l\u00edder, Ko Young-hui, naci\u00f3 en Jap\u00f3n y lleg\u00f3 a Corea del Norte en la d\u00e9cada de 1960 para trabajar como bailarina y se convirti\u00f3 en la favorita de las m\u00faltiples consortes de Kim Jong-il.<\/p>\n<\/div>\n<div class=\"bbc-19j92fr ebmt73l0\" dir=\"ltr\">\n<p class=\"bbc-hhl7in e17g058b0\" dir=\"ltr\">En 2018 se encontraron fotograf\u00edas de Ko Young-hui tomadas durante una visita a Jap\u00f3n en 1973.<\/p>\n<\/div>\n<div class=\"bbc-19j92fr ebmt73l0\" dir=\"ltr\">\n<p class=\"bbc-hhl7in e17g058b0\" dir=\"ltr\">El diario surcoreano Korea Times interpret\u00f3 que Corea del Norte no ha revelado m\u00e1s informaci\u00f3n p\u00fablica sobre la madre de Kim Jong-un debido a su carrera como bailarina y\u00a0sus antecedentes familiares vinculados a Jap\u00f3n.<\/p>\n<\/div>\n<div class=\"bbc-19j92fr ebmt73l0\" dir=\"ltr\">\n<p class=\"bbc-hhl7in e17g058b0\" dir=\"ltr\">\u201cNacer en Jap\u00f3n, que hab\u00eda ocupado la pen\u00ednsula de Corea durante la II Guerra Mundial, normalmente lo relegar\u00eda a uno a la clase social baja en Corea del Norte. Pero como Ko Young-hui se cas\u00f3 con Kim Jong-il, ten\u00eda un estilo de vida lujoso\u201d, afirma Howell.<\/p>\n<\/div>\n<div class=\"bbc-19j92fr ebmt73l0\" dir=\"ltr\">\n<h2 id=\"2-Qui\u00e9n-es-la-esposa-de-Kim-Jongun\" class=\"bbc-1f03ibc eglt09e0\" tabindex=\"-1\">2. \u00bfQui\u00e9n es la esposa de Kim Jong-un?<\/h2>\n<\/div>\n<figure class=\"bbc-1qn0xuy\">\n<div class=\"bbc-18qcclp\"><picture><img loading=\"lazy\" decoding=\"async\" class=\"bbc-1uwua2r\" src=\"https:\/\/ichef.bbci.co.uk\/news\/640\/cpsprodpb\/cc44\/live\/01065dc0-ac11-11ee-beb5-e1400df560f2.jpg\" sizes=\"auto, (min-width: 1008px) 760px, 100vw\" srcset=\"https:\/\/ichef.bbci.co.uk\/news\/240\/cpsprodpb\/cc44\/live\/01065dc0-ac11-11ee-beb5-e1400df560f2.jpg 240w, https:\/\/ichef.bbci.co.uk\/news\/320\/cpsprodpb\/cc44\/live\/01065dc0-ac11-11ee-beb5-e1400df560f2.jpg 320w, https:\/\/ichef.bbci.co.uk\/news\/480\/cpsprodpb\/cc44\/live\/01065dc0-ac11-11ee-beb5-e1400df560f2.jpg 480w, https:\/\/ichef.bbci.co.uk\/news\/594\/cpsprodpb\/cc44\/live\/01065dc0-ac11-11ee-beb5-e1400df560f2.jpg 594w\" alt=\"Ri y Kim\" width=\"594\" height=\"382\" \/><\/picture><\/div><figcaption class=\"bbc-1jsyunq e6i104o0\" dir=\"ltr\">\n<h5><em>Seg\u00fan fuentes, Kim se fij\u00f3 en Ri por primera vez durante una actuaci\u00f3n musical.<\/em><\/h5>\n<\/figcaption><\/figure>\n<div class=\"bbc-19j92fr ebmt73l0\" dir=\"ltr\">\n<p dir=\"ltr\">\n<p dir=\"ltr\">\n<p class=\"bbc-hhl7in e17g058b0\" dir=\"ltr\">Una vez m\u00e1s, no tenemos la informaci\u00f3n al completo.<\/p>\n<\/div>\n<div class=\"bbc-19j92fr ebmt73l0\" dir=\"ltr\">\n<p class=\"bbc-hhl7in e17g058b0\" dir=\"ltr\">Su esposa,\u00a0Ri Sol-ju, es conocida y aparece en ceremonias\u00a0y medios estatales, pero se desconoce cu\u00e1ndo se casaron (se especula que pudo haber sucedido en 2009).<\/p>\n<\/div>\n<div class=\"bbc-19j92fr ebmt73l0\" dir=\"ltr\">\n<p class=\"bbc-hhl7in e17g058b0\" dir=\"ltr\">Poco se sabe sobre la &#8220;camarada Ri Sol-ju&#8221; y se cree que era una cantante que llam\u00f3 la atenci\u00f3n de Kim durante una actuaci\u00f3n.<\/p>\n<\/div>\n<div class=\"bbc-19j92fr ebmt73l0\" dir=\"ltr\">\n<p class=\"bbc-hhl7in e17g058b0\" dir=\"ltr\">Hay una artista norcoreana con ese nombre; se cree que es ella aunque nunca se ha confirmado oficialmente que se trate de la misma persona.<\/p>\n<\/div>\n<div class=\"bbc-19j92fr ebmt73l0\" dir=\"ltr\">\n<p class=\"bbc-hhl7in e17g058b0\" dir=\"ltr\">Un diputado surcoreano cit\u00f3 fuentes de los servicios de inteligencia al afirmar que\u00a0Ri Sol-ju hab\u00eda visitado Corea del Sur en 2005\u00a0como parte de un equipo de animadoras del Norte para el Campeonato Asi\u00e1tico de Atletismo, y que hab\u00eda estudiado canto en China.<\/p>\n<\/div>\n<div class=\"bbc-19j92fr ebmt73l0\" dir=\"ltr\">\n<p class=\"bbc-hhl7in e17g058b0\" dir=\"ltr\">Corea del Norte no ha ofrecido ning\u00fan detalle, al margen de presentarla como la esposa de Kim.<\/p>\n<\/div>\n<div class=\"bbc-19j92fr ebmt73l0\" dir=\"ltr\">\n<h2 id=\"3-Cu\u00e1ntos-hijos-tiene-Kim-Jongun\" class=\"bbc-1f03ibc eglt09e0\" tabindex=\"-1\">3. \u00bfCu\u00e1ntos hijos tiene Kim Jong-un?<\/h2>\n<\/div>\n<figure class=\"bbc-1qn0xuy\">\n<div class=\"bbc-18qcclp\"><picture><img loading=\"lazy\" decoding=\"async\" class=\"bbc-1uwua2r\" src=\"https:\/\/ichef.bbci.co.uk\/news\/640\/cpsprodpb\/5d50\/live\/05dc01b0-ac11-11ee-8f07-bbfdfa890097.jpg\" sizes=\"auto, (min-width: 1008px) 760px, 100vw\" srcset=\"https:\/\/ichef.bbci.co.uk\/news\/240\/cpsprodpb\/5d50\/live\/05dc01b0-ac11-11ee-8f07-bbfdfa890097.jpg 240w, https:\/\/ichef.bbci.co.uk\/news\/320\/cpsprodpb\/5d50\/live\/05dc01b0-ac11-11ee-8f07-bbfdfa890097.jpg 320w, https:\/\/ichef.bbci.co.uk\/news\/480\/cpsprodpb\/5d50\/live\/05dc01b0-ac11-11ee-8f07-bbfdfa890097.jpg 480w, https:\/\/ichef.bbci.co.uk\/news\/624\/cpsprodpb\/5d50\/live\/05dc01b0-ac11-11ee-8f07-bbfdfa890097.jpg 624w, https:\/\/ichef.bbci.co.uk\/news\/800\/cpsprodpb\/5d50\/live\/05dc01b0-ac11-11ee-8f07-bbfdfa890097.jpg 800w\" alt=\"Kim Jong un y su hija\" width=\"4252\" height=\"2835\" \/><\/picture><\/div><figcaption class=\"bbc-1jsyunq e6i104o0\" dir=\"ltr\">\n<h5><em>Kim ha aparecido en p\u00fablico con su hija Ju-ae, pero tiene al menos otro hijo o hija de quien no se sabe nada.<\/em><\/h5>\n<\/figcaption><\/figure>\n<div class=\"bbc-19j92fr ebmt73l0\" dir=\"ltr\">\n<p dir=\"ltr\">\n<p dir=\"ltr\">\n<p class=\"bbc-hhl7in e17g058b0\" dir=\"ltr\">Aqu\u00ed tenemos otro dato familiar dif\u00edcil de precisar.<\/p>\n<\/div>\n<div class=\"bbc-19j92fr ebmt73l0\" dir=\"ltr\">\n<p class=\"bbc-hhl7in e17g058b0\" dir=\"ltr\">En 2016 hubo especulaciones de que Ri Sol-ju estaba embarazada tras desaparecer del ojo p\u00fablico, pero nunca fueron confirmadas oficialmente.<\/p>\n<\/div>\n<div class=\"bbc-19j92fr ebmt73l0\" dir=\"ltr\">\n<p class=\"bbc-hhl7in e17g058b0\" dir=\"ltr\">Se cree que\u00a0dos hijos anteriores nacieron en 2010 y 2013, pero no se sabe si alguno es var\u00f3n y, por lo tanto, potencial sucesor. De hecho, es poco lo que se sabe sobre ellos.<\/p>\n<\/div>\n<div class=\"bbc-19j92fr ebmt73l0\" dir=\"ltr\">\n<p class=\"bbc-hhl7in e17g058b0\" dir=\"ltr\">El l\u00edder norcoreano se ha mostrado frente a las c\u00e1maras con\u00a0una hija, Kim Ju-ae, que se cree que es la segunda de la pareja. Tiene unos 10 a\u00f1os y es la \u00fanica conocida, ya que apareci\u00f3 en p\u00fablico al menos cinco veces en 2023.<\/p>\n<\/div>\n<div class=\"bbc-19j92fr ebmt73l0\" dir=\"ltr\">\n<p class=\"bbc-hhl7in e17g058b0\" dir=\"ltr\">&#8220;A\u00fan no conocemos la historia completa de sus hijos&#8221;, explica Howell, record\u00e1ndonos que fue la ex estrella del baloncesto estadounidense\u00a0Dennis Rodman\u00a0quien, tras forjar una amistad con Kim Jong-un, revel\u00f3 el nombre de su hija en una entrevista en 2013.<\/p>\n<\/div>\n<div class=\"bbc-19j92fr ebmt73l0\" dir=\"ltr\">\n<p class=\"bbc-hhl7in e17g058b0\" dir=\"ltr\">\u201cTiene otros hijos pero\u00a0se sabe muy poco de ellos. No sabemos qui\u00e9nes son sus madres\u201d, a\u00f1ade Howell, el experto en Corea del Norte.<\/p>\n<\/div>\n<div class=\"bbc-19j92fr ebmt73l0\" dir=\"ltr\">\n<p class=\"bbc-hhl7in e17g058b0\" dir=\"ltr\">Al contrario de lo que creen muchos analistas (e incluso de un reciente informe de los servicios de inteligencia de Corea del Sur) Howell no cree que se est\u00e9 preparando a Kim Ju-ae para reemplazar al l\u00edder cuando llegue la ocasi\u00f3n.<\/p>\n<\/div>\n<div class=\"bbc-19j92fr ebmt73l0\" dir=\"ltr\">\n<p class=\"bbc-hhl7in e17g058b0\" dir=\"ltr\">Todav\u00eda es joven y Kim Yo-jong, la influyente hermana de Kim Jong-un, tiene m\u00e1s experiencia y mejores conexiones con la \u00e9lite, lo que puede convertirla en la candidata m\u00e1s probable a suceder a su hermano.<\/p>\n<\/div>\n<div class=\"bbc-19j92fr ebmt73l0\" dir=\"ltr\">\n<p class=\"bbc-hhl7in e17g058b0\" dir=\"ltr\">&#8220;El l\u00edder norcoreano\u00a0aparece con su peque\u00f1a hija en lanzamientos de misiles, en banquetes o en partidos de f\u00fatbol porque quiere ser visto como un hombre de familia y un l\u00edder ben\u00e9volo&#8221;, opina Howell.<\/p>\n<\/div>\n<div class=\"bbc-19j92fr ebmt73l0\" dir=\"ltr\">\n<h2 id=\"4-C\u00f3mo-obtiene-fondos-Kim-Jongun-pese-a-las-sanciones-y-el-aislamiento-econ\u00f3mico\" class=\"bbc-1f03ibc eglt09e0\" tabindex=\"-1\">4. \u00bfC\u00f3mo obtiene fondos Kim Jong-un pese a las sanciones y el aislamiento econ\u00f3mico?<\/h2>\n<\/div>\n<figure class=\"bbc-1qn0xuy\">\n<div class=\"bbc-18qcclp\"><picture><img loading=\"lazy\" decoding=\"async\" class=\"bbc-1uwua2r\" src=\"https:\/\/ichef.bbci.co.uk\/news\/640\/cpsprodpb\/54f9\/live\/0d4ee5c0-ac11-11ee-bc2f-cb5579b90709.jpg\" sizes=\"auto, (min-width: 1008px) 760px, 100vw\" srcset=\"https:\/\/ichef.bbci.co.uk\/news\/240\/cpsprodpb\/54f9\/live\/0d4ee5c0-ac11-11ee-bc2f-cb5579b90709.jpg 240w, https:\/\/ichef.bbci.co.uk\/news\/320\/cpsprodpb\/54f9\/live\/0d4ee5c0-ac11-11ee-bc2f-cb5579b90709.jpg 320w, https:\/\/ichef.bbci.co.uk\/news\/480\/cpsprodpb\/54f9\/live\/0d4ee5c0-ac11-11ee-bc2f-cb5579b90709.jpg 480w, https:\/\/ichef.bbci.co.uk\/news\/594\/cpsprodpb\/54f9\/live\/0d4ee5c0-ac11-11ee-bc2f-cb5579b90709.jpg 594w\" alt=\"Kim Jong un\" width=\"594\" height=\"396\" \/><\/picture><\/div><figcaption class=\"bbc-1jsyunq e6i104o0\" dir=\"ltr\">\n<h5><em>El l\u00edder norcoreano suele moverse en veh\u00edculos de alta gama importados.<\/em><\/h5>\n<\/figcaption><\/figure>\n<div class=\"bbc-19j92fr ebmt73l0\" dir=\"ltr\">\n<p dir=\"ltr\">\n<p dir=\"ltr\">\n<p class=\"bbc-hhl7in e17g058b0\" dir=\"ltr\">Corea del Norte y su l\u00edder\u00a0enfrentan desde hace a\u00f1os duras sanciones\u00a0impuestas por Naciones Unidas y varios pa\u00edses occidentales por su desarrollo de armas nucleares y misiles bal\u00edsticos.<\/p>\n<\/div>\n<div class=\"bbc-19j92fr ebmt73l0\" dir=\"ltr\">\n<p class=\"bbc-hhl7in e17g058b0\" dir=\"ltr\">Pero Howell dice que Kim Jong-un est\u00e1 haciendo todo lo posible para evadir estas sanciones.<\/p>\n<\/div>\n<div class=\"bbc-19j92fr ebmt73l0\" dir=\"ltr\">\n<p class=\"bbc-hhl7in e17g058b0\" dir=\"ltr\">\u201cEl pa\u00eds tiene un fondo dedicado a sobornos y dise\u00f1ado espec\u00edficamente para que lo utilice el r\u00e9gimen. Kim desea seguir as\u00ed porque quiere que \u00e9l y su familia sigan teniendo un estilo de vida de lujo\u201d, indica.<\/p>\n<\/div>\n<div class=\"bbc-19j92fr ebmt73l0\" dir=\"ltr\">\n<p class=\"bbc-hhl7in e17g058b0\" dir=\"ltr\">Hay\u00a0redes en pa\u00edses en todo el mundo que proporcionan fondos a Corea del Norte, estima Howell, y existen acusaciones de que el l\u00edder tambi\u00e9n puede obtener fondos de otras maneras il\u00edcitas.<\/p>\n<\/div>\n<div class=\"bbc-19j92fr ebmt73l0\" dir=\"ltr\">\n<p class=\"bbc-hhl7in e17g058b0\" dir=\"ltr\">\u201cLa gente suele pensar que Corea del Norte es un pa\u00eds aislado que carece de internet. Tiene un internet administrado por el Estado y la guerra cibern\u00e9tica se ha convertido en una estrategia importante: el r\u00e9gimen de Kim\u00a0piratea sistemas inform\u00e1ticos en otros pa\u00edses para robar dinero\u00a0y con \u00e9l administrar su econom\u00eda y financiar su programa nuclear\u201d, explica Howell.<\/p>\n<\/div>\n<div class=\"bbc-19j92fr ebmt73l0\" dir=\"ltr\">\n<h2 id=\"5-C\u00f3mo-afronta-Kim-Jongun-la-crisis-econ\u00f3mica-en-Corea-del-Norte\" class=\"bbc-1f03ibc eglt09e0\" tabindex=\"-1\">5. \u00bfC\u00f3mo afronta Kim Jong-un la crisis econ\u00f3mica en Corea del Norte?<\/h2>\n<\/div>\n<figure class=\"bbc-1qn0xuy\">\n<div class=\"bbc-18qcclp\"><picture><img loading=\"lazy\" decoding=\"async\" class=\"bbc-1uwua2r\" src=\"https:\/\/ichef.bbci.co.uk\/news\/640\/cpsprodpb\/e7af\/live\/11f4ee30-ac11-11ee-bc2f-cb5579b90709.jpg\" sizes=\"auto, (min-width: 1008px) 760px, 100vw\" srcset=\"https:\/\/ichef.bbci.co.uk\/news\/240\/cpsprodpb\/e7af\/live\/11f4ee30-ac11-11ee-bc2f-cb5579b90709.jpg 240w, https:\/\/ichef.bbci.co.uk\/news\/320\/cpsprodpb\/e7af\/live\/11f4ee30-ac11-11ee-bc2f-cb5579b90709.jpg 320w, https:\/\/ichef.bbci.co.uk\/news\/480\/cpsprodpb\/e7af\/live\/11f4ee30-ac11-11ee-bc2f-cb5579b90709.jpg 480w, https:\/\/ichef.bbci.co.uk\/news\/624\/cpsprodpb\/e7af\/live\/11f4ee30-ac11-11ee-bc2f-cb5579b90709.jpg 624w, https:\/\/ichef.bbci.co.uk\/news\/800\/cpsprodpb\/e7af\/live\/11f4ee30-ac11-11ee-bc2f-cb5579b90709.jpg 800w\" alt=\"Kim Jong-un\" width=\"2700\" height=\"1794\" \/><\/picture><\/div><figcaption class=\"bbc-1jsyunq e6i104o0\" dir=\"ltr\">\n<h5><em>Seg\u00fan sus cr\u00edticos, su estilo de vida no se corresponde con la humildad que muestra en p\u00fablico.<\/em><\/h5>\n<\/figcaption><\/figure>\n<div class=\"bbc-19j92fr ebmt73l0\" dir=\"ltr\">\n<p dir=\"ltr\">\n<p dir=\"ltr\">\n<p class=\"bbc-hhl7in e17g058b0\" dir=\"ltr\">Durante un desfile militar en 2020, el l\u00edder supremo mostr\u00f3 una cara hasta entonces desconocida.<\/p>\n<\/div>\n<div class=\"bbc-19j92fr ebmt73l0\" dir=\"ltr\">\n<p class=\"bbc-hhl7in e17g058b0\" dir=\"ltr\">Tras agradecer a sus tropas por los esfuerzos contra la pandemia y los recientes desastres naturales,\u00a0se sec\u00f3 las l\u00e1grimas\u00a0mientras hablaba de los desaf\u00edos del pa\u00eds. Fue una muestra de emoci\u00f3n nunca antes vista en un dirigente norcoreano.<\/p>\n<\/div>\n<div class=\"bbc-19j92fr ebmt73l0\" dir=\"ltr\">\n<p class=\"bbc-hhl7in e17g058b0\" dir=\"ltr\">Algunos observadores han sugerido que podr\u00eda estar tratando de expresar humildad en un momento de creciente crisis econ\u00f3mica.<\/p>\n<\/div>\n<div class=\"bbc-19j92fr ebmt73l0\" dir=\"ltr\">\n<p class=\"bbc-hhl7in e17g058b0\" dir=\"ltr\">Sin embargo, un vistazo al aparentemente lujoso estilo de vida del l\u00edder de Corea del Norte puede indicar lo contrario.<\/p>\n<\/div>\n<div class=\"bbc-19j92fr ebmt73l0\" dir=\"ltr\">\n<p class=\"bbc-hhl7in e17g058b0\" dir=\"ltr\">Kim Jong-un contin\u00faa la tradici\u00f3n iniciada por su abuelo, Kim Il-sung, de\u00a0viajar largas distancias en trenes de lujo.<\/p>\n<\/div>\n<div class=\"bbc-19j92fr ebmt73l0\" dir=\"ltr\">\n<p class=\"bbc-hhl7in e17g058b0\" dir=\"ltr\">Un comandante militar ruso que acompa\u00f1\u00f3 a Kim Jong-il -el padre del actual l\u00edder- en un trayecto en 2001 habl\u00f3 de su opulencia.<\/p>\n<\/div>\n<div class=\"bbc-19j92fr ebmt73l0\" dir=\"ltr\">\n<p class=\"bbc-hhl7in e17g058b0\" dir=\"ltr\">&#8220;Se pod\u00eda pedir cualquier plato de la cocina rusa, china, coreana, japonesa y francesa&#8221;, escribi\u00f3 en sus memorias.<\/p>\n<\/div>\n<div class=\"bbc-19j92fr ebmt73l0\" dir=\"ltr\">\n<p class=\"bbc-hhl7in e17g058b0\" dir=\"ltr\">Los servicios de inteligencia surcoreanos aseguran que cada a\u00f1o\u00a0Corea del Norte importa productos de lujo por cientos de millones de d\u00f3lares\u00a0y se cree que parte de ellos son para el l\u00edder y su c\u00edrculo cercano.<\/p>\n<\/div>\n<div class=\"bbc-19j92fr ebmt73l0\" dir=\"ltr\">\n<p class=\"bbc-hhl7in e17g058b0\" dir=\"ltr\">Esto contrasta con la pobreza que sufre la mayor parte de los norcoreanos.<\/p>\n<\/div>\n<div class=\"bbc-19j92fr ebmt73l0\" dir=\"ltr\">\n<p class=\"bbc-hhl7in e17g058b0\" dir=\"ltr\">Habitantes de Corea del Norte declararon a la BBC que la comida es tan escasa que varios de sus vecinos murieron de hambre. Los expertos creen que es la peor situaci\u00f3n desde la d\u00e9cada de 1990.<\/p>\n<\/div>\n<div class=\"bbc-19j92fr ebmt73l0\" dir=\"ltr\">\n<p class=\"bbc-hhl7in e17g058b0\" dir=\"ltr\">Para Howell, esto es un indicativo de las prioridades de Kim.<\/p>\n<\/div>\n<div class=\"bbc-19j92fr ebmt73l0\" dir=\"ltr\">\n<p class=\"bbc-hhl7in e17g058b0\" dir=\"ltr\">\u201cLo \u00fanico que quiere es preservar no solo el r\u00e9gimen, sino su propio liderazgo opresivo y tir\u00e1nico. No parece que le importen los 26 millones de habitantes de su pa\u00eds\u201d, afirma.<\/p>\n<\/div>\n","protected":false},"excerpt":{"rendered":"<p>Existen dudas sobre la fecha real de nacimiento de Kim. &nbsp; &nbsp; &nbsp; El l\u00edder de Corea del Norte, Kim Jong-un, cumpli\u00f3 este lunes 40&hellip;<\/p>\n","protected":false},"author":99,"featured_media":515260,"comment_status":"open","ping_status":"open","sticky":false,"template":"","format":"standard","meta":{"footnotes":""},"categories":[24],"tags":[],"class_list":["post-515259","post","type-post","status-publish","format-standard","has-post-thumbnail","hentry","category-mundo"],"_links":{"self":[{"href":"https:\/\/diarioelpopular.com\/index.php\/wp-json\/wp\/v2\/posts\/515259","targetHints":{"allow":["GET"]}}],"collection":[{"href":"https:\/\/diarioelpopular.com\/index.php\/wp-json\/wp\/v2\/posts"}],"about":[{"href":"https:\/\/diarioelpopular.com\/index.php\/wp-json\/wp\/v2\/types\/post"}],"author":[{"embeddable":true,"href":"https:\/\/diarioelpopular.com\/index.php\/wp-json\/wp\/v2\/users\/99"}],"replies":[{"embeddable":true,"href":"https:\/\/diarioelpopular.com\/index.php\/wp-json\/wp\/v2\/comments?post=515259"}],"version-history":[{"count":1,"href":"https:\/\/diarioelpopular.com\/index.php\/wp-json\/wp\/v2\/posts\/515259\/revisions"}],"predecessor-version":[{"id":515261,"href":"https:\/\/diarioelpopular.com\/index.php\/wp-json\/wp\/v2\/posts\/515259\/revisions\/515261"}],"wp:featuredmedia":[{"embeddable":true,"href":"https:\/\/diarioelpopular.com\/index.php\/wp-json\/wp\/v2\/media\/515260"}],"wp:attachment":[{"href":"https:\/\/diarioelpopular.com\/index.php\/wp-json\/wp\/v2\/media?parent=515259"}],"wp:term":[{"taxonomy":"category","embeddable":true,"href":"https:\/\/diarioelpopular.com\/index.php\/wp-json\/wp\/v2\/categories?post=515259"},{"taxonomy":"post_tag","embeddable":true,"href":"https:\/\/diarioelpopular.com\/index.php\/wp-json\/wp\/v2\/tags?post=515259"}],"curies":[{"name":"wp","href":"https:\/\/api.w.org\/{rel}","templated":true}]}}