{"id":515267,"date":"2024-01-10T10:46:32","date_gmt":"2024-01-10T14:46:32","guid":{"rendered":"https:\/\/diarioelpopular.com\/?p=515267"},"modified":"2024-01-10T10:46:32","modified_gmt":"2024-01-10T14:46:32","slug":"los-medicos-en-urgencias-dicen-que-los-tiempos-de-espera-son-los-peores-que-jamas-hayan-existido","status":"publish","type":"post","link":"https:\/\/diarioelpopular.com\/index.php\/2024\/01\/10\/los-medicos-en-urgencias-dicen-que-los-tiempos-de-espera-son-los-peores-que-jamas-hayan-existido\/","title":{"rendered":"Los m\u00e9dicos en urgencias dicen que los tiempos de espera son &#8220;los peores que jam\u00e1s hayan existido&#8221;"},"content":{"rendered":"<p><img loading=\"lazy\" decoding=\"async\" class=\"alignnone size-custom-full-size wp-image-515268\" src=\"https:\/\/diarioelpopular.com\/wp-content\/uploads\/2024\/01\/Screen-Shot-2024-01-10-at-9.45.38-AM-636x379.png\" alt=\"\" width=\"636\" height=\"379\" srcset=\"https:\/\/diarioelpopular.com\/wp-content\/uploads\/2024\/01\/Screen-Shot-2024-01-10-at-9.45.38-AM-636x380.png 636w, https:\/\/diarioelpopular.com\/wp-content\/uploads\/2024\/01\/Screen-Shot-2024-01-10-at-9.45.38-AM-300x179.png 300w, https:\/\/diarioelpopular.com\/wp-content\/uploads\/2024\/01\/Screen-Shot-2024-01-10-at-9.45.38-AM-768x458.png 768w, https:\/\/diarioelpopular.com\/wp-content\/uploads\/2024\/01\/Screen-Shot-2024-01-10-at-9.45.38-AM-1200x716.png 1200w, https:\/\/diarioelpopular.com\/wp-content\/uploads\/2024\/01\/Screen-Shot-2024-01-10-at-9.45.38-AM-122x73.png 122w, https:\/\/diarioelpopular.com\/wp-content\/uploads\/2024\/01\/Screen-Shot-2024-01-10-at-9.45.38-AM.png 1024w\" sizes=\"auto, (max-width: 636px) 100vw, 636px\" \/><\/p>\n<p>&nbsp;<\/p>\n<p>&nbsp;<\/p>\n<ul>\n<li><em><strong>Los m\u00e9dicos de las salas de emergencia est\u00e1n cada vez m\u00e1s preocupados por los tiempos de espera en plena temporada de virus respiratorios.<\/strong><\/em><\/li>\n<\/ul>\n<p>&nbsp;<\/p>\n<p>\u201cHe trabajado en departamentos de emergencia desde 1987 y es, con diferencia, lo peor que jam\u00e1s haya sido. Ni siquiera est\u00e1 cerca\u201d, afirm\u00f3 el Dr. Michael Howlett, presidente de la Asociaci\u00f3n Canadiense de M\u00e9dicos de Emergencia.<\/p>\n<p>El gobierno de Ontario no ha proporcionado ninguna informaci\u00f3n actualizada, pero la \u00faltima informaci\u00f3n disponible p\u00fablicamente sobre el tiempo de espera de noviembre muestra que los pacientes ingresados en hospitales de la provincia pasaron un promedio de m\u00e1s de 22 horas esperando en la sala de emergencias por una cama, y solo 23 por ciento fueron ingresados en el hospital desde el servicio de urgencias dentro del tiempo objetivo provincial de ocho horas.<\/p>\n<p>Los m\u00e9dicos dicen que es un problema que tiene graves consecuencias.<\/p>\n<p>\u201cTenemos personas muriendo en salas de espera porque no tenemos un lugar donde colocarlas\u201d, dijo el Dr. Howlett. \u201cPersonas siendo reanimadas en una camilla de ambulancia o en el suelo. Esas cosas han sucedido\u201d.<\/p>\n<p>Cuando se le pregunt\u00f3 acerca de las preocupaciones de los m\u00e9dicos de emergencias, la oficina de la Ministra de Salud de Ontario, Sylvia Jones, dijo: &#8220;El a\u00f1o pasado, sumamos m\u00e1s de 17.000 enfermeras y 2.400 nuevos m\u00e9dicos&#8221;, y que el gobierno est\u00e1 &#8220;invirtiendo $44 millones para ayudar a que los departamentos de emergencias permanezcan abiertos&#8221;. &#8221;<\/p>\n<p>Los puestos se han agregado derribando barreras para los trabajadores de la salud con educaci\u00f3n internacional e interprovincial y lanzando la mayor expansi\u00f3n de la facultad de medicina en m\u00e1s de 15 a\u00f1os.<\/p>\n<p>Pero los m\u00e9dicos dicen que el factor m\u00e1s importante en los tiempos de espera en las salas de emergencia no es la dotaci\u00f3n de personal sino la falta de camas de hospital para los pacientes.<\/p>\n<p>\u201cHemos estado diciendo que esto es una crisis durante mucho tiempo, pero reci\u00e9n ahora estamos despertando. Es tarde.&#8221;<\/p>\n<p>El diputado liberal Dr. Adil Shamj reconoci\u00f3 que la temporada respiratoria siempre ha sido un desaf\u00edo para el sistema de salud. A\u00fan as\u00ed, la situaci\u00f3n actual se debe a un \u201cincontrolable gasto insuficiente\u201d por parte del gobierno actual y a ignorar las causas fundamentales del desaf\u00edo que enfrenta el sistema.<\/p>\n<p>&#8220;Estamos viendo epidemias, da\u00f1os morales, agotamiento y desmoralizaci\u00f3n entre nuestras enfermeras, PSW, param\u00e9dicos y, por supuesto, tambi\u00e9n entre nuestros m\u00e9dicos&#8221;, afirm\u00f3 el Dr. Shamji.<\/p>\n<p>&#8220;Tambi\u00e9n hemos visto un \u00e9xodo masivo de enfermeras y m\u00e9dicos de familia fuera de nuestro sistema de atenci\u00f3n m\u00e9dica, lo que aumenta la presi\u00f3n sobre la atenci\u00f3n primaria y deja a las personas sin otra opci\u00f3n que recurrir al departamento de emergencias&#8221;.<\/p>\n<p>Dijo que no pasar\u00e1 mucho tiempo antes de que comiencen a ver las consecuencias de las que habl\u00f3 el Dr. Howlett.<\/p>\n<p>\u201cExiste buena evidencia que demuestra que a medida que aumentan los tiempos de espera en los departamentos de emergencia, tambi\u00e9n aumenta el n\u00famero de muertes evitables. Recientemente, nos enteramos de un ni\u00f1o reci\u00e9n nacido que se vio obligado a esperar cinco horas antes de acudir a un m\u00e9dico de urgencia\u201d, dijo el Dr. Shamji.<\/p>\n<p>\u201cComo vemos ejemplos de esto, les aseguro que es s\u00f3lo la punta del iceberg. A medida que veamos m\u00e1s ejemplos de esto, tambi\u00e9n veremos aumentos en la mortalidad inexplicable\u201d.<\/p>\n<p>Sobre c\u00f3mo solucionarlo, el Dr. Shamji dijo que comenzar\u00eda por garantizar que todos tuvieran acceso a un m\u00e9dico de familia y que los trabajadores de la salud recibieran una compensaci\u00f3n adecuada.<\/p>\n","protected":false},"excerpt":{"rendered":"<p>&nbsp; &nbsp; Los m\u00e9dicos de las salas de emergencia est\u00e1n cada vez m\u00e1s preocupados por los tiempos de espera en plena temporada de virus respiratorios.&hellip;<\/p>\n","protected":false},"author":99,"featured_media":515268,"comment_status":"open","ping_status":"open","sticky":false,"template":"","format":"standard","meta":{"footnotes":""},"categories":[21],"tags":[],"class_list":["post-515267","post","type-post","status-publish","format-standard","has-post-thumbnail","hentry","category-canada"],"_links":{"self":[{"href":"https:\/\/diarioelpopular.com\/index.php\/wp-json\/wp\/v2\/posts\/515267","targetHints":{"allow":["GET"]}}],"collection":[{"href":"https:\/\/diarioelpopular.com\/index.php\/wp-json\/wp\/v2\/posts"}],"about":[{"href":"https:\/\/diarioelpopular.com\/index.php\/wp-json\/wp\/v2\/types\/post"}],"author":[{"embeddable":true,"href":"https:\/\/diarioelpopular.com\/index.php\/wp-json\/wp\/v2\/users\/99"}],"replies":[{"embeddable":true,"href":"https:\/\/diarioelpopular.com\/index.php\/wp-json\/wp\/v2\/comments?post=515267"}],"version-history":[{"count":1,"href":"https:\/\/diarioelpopular.com\/index.php\/wp-json\/wp\/v2\/posts\/515267\/revisions"}],"predecessor-version":[{"id":515269,"href":"https:\/\/diarioelpopular.com\/index.php\/wp-json\/wp\/v2\/posts\/515267\/revisions\/515269"}],"wp:featuredmedia":[{"embeddable":true,"href":"https:\/\/diarioelpopular.com\/index.php\/wp-json\/wp\/v2\/media\/515268"}],"wp:attachment":[{"href":"https:\/\/diarioelpopular.com\/index.php\/wp-json\/wp\/v2\/media?parent=515267"}],"wp:term":[{"taxonomy":"category","embeddable":true,"href":"https:\/\/diarioelpopular.com\/index.php\/wp-json\/wp\/v2\/categories?post=515267"},{"taxonomy":"post_tag","embeddable":true,"href":"https:\/\/diarioelpopular.com\/index.php\/wp-json\/wp\/v2\/tags?post=515267"}],"curies":[{"name":"wp","href":"https:\/\/api.w.org\/{rel}","templated":true}]}}