{"id":515297,"date":"2024-01-11T10:17:06","date_gmt":"2024-01-11T14:17:06","guid":{"rendered":"https:\/\/diarioelpopular.com\/?p=515297"},"modified":"2024-01-11T10:17:06","modified_gmt":"2024-01-11T14:17:06","slug":"el-gobierno-fue-advertido-que-la-alta-inmigracion-afectaria-los-costos-de-la-vivienda","status":"publish","type":"post","link":"https:\/\/diarioelpopular.com\/index.php\/2024\/01\/11\/el-gobierno-fue-advertido-que-la-alta-inmigracion-afectaria-los-costos-de-la-vivienda\/","title":{"rendered":"El gobierno fue advertido que la alta inmigraci\u00f3n afectar\u00eda los costos de la vivienda."},"content":{"rendered":"<p><img loading=\"lazy\" decoding=\"async\" class=\"alignnone size-custom-full-size wp-image-515298\" src=\"https:\/\/diarioelpopular.com\/wp-content\/uploads\/2024\/01\/Screen-Shot-2024-01-11-at-9.13.32-AM-636x452.png\" alt=\"\" width=\"636\" height=\"452\" srcset=\"https:\/\/diarioelpopular.com\/wp-content\/uploads\/2024\/01\/Screen-Shot-2024-01-11-at-9.13.32-AM-636x452.png 636w, https:\/\/diarioelpopular.com\/wp-content\/uploads\/2024\/01\/Screen-Shot-2024-01-11-at-9.13.32-AM-300x213.png 300w, https:\/\/diarioelpopular.com\/wp-content\/uploads\/2024\/01\/Screen-Shot-2024-01-11-at-9.13.32-AM-768x546.png 768w, https:\/\/diarioelpopular.com\/wp-content\/uploads\/2024\/01\/Screen-Shot-2024-01-11-at-9.13.32-AM-103x73.png 103w, https:\/\/diarioelpopular.com\/wp-content\/uploads\/2024\/01\/Screen-Shot-2024-01-11-at-9.13.32-AM.png 1024w\" sizes=\"auto, (max-width: 636px) 100vw, 636px\" \/><\/p>\n<p>&nbsp;<\/p>\n<p>&nbsp;<\/p>\n<ul>\n<li><em><strong>&#8220;En Canad\u00e1, el crecimiento de la poblaci\u00f3n ha superado el crecimiento de las unidades de vivienda disponibles&#8221;, dice la advertencia del IRCC<\/strong><\/em><\/li>\n<\/ul>\n<p>&nbsp;<\/p>\n<p><em><strong>OTTAWA.-<\/strong><\/em> Los funcionarios p\u00fablicos federales advirtieron al gobierno hace dos a\u00f1os que grandes aumentos en la inmigraci\u00f3n podr\u00edan afectar la asequibilidad de la vivienda y los servicios, seg\u00fan muestran documentos internos.<\/p>\n<p>Los documentos obtenidos por The Canadian Press a trav\u00e9s de una solicitud de acceso a la informaci\u00f3n muestran que Inmigraci\u00f3n, Refugiados y Ciudadan\u00eda de Canad\u00e1 analiz\u00f3 los efectos potenciales que la inmigraci\u00f3n tendr\u00eda en la econom\u00eda, la vivienda y los servicios, mientras preparaba sus objetivos de inmigraci\u00f3n para 2023-2025.<\/p>\n<p>El viceministro, entre otros, fue advertido en 2022 de que la construcci\u00f3n de viviendas no hab\u00eda seguido el ritmo de crecimiento demogr\u00e1fico.<\/p>\n<p>&#8220;En Canad\u00e1, el crecimiento de la poblaci\u00f3n ha superado el crecimiento de las unidades de vivienda disponibles&#8221;, se lee en una presentaci\u00f3n de diapositivas.<\/p>\n<p>&#8220;Como autoridad federal encargada de gestionar la inmigraci\u00f3n, los formuladores de pol\u00edticas del IRCC deben comprender la desalineaci\u00f3n entre el crecimiento de la poblaci\u00f3n y la oferta de vivienda, y c\u00f3mo la inmigraci\u00f3n permanente y temporal da forma al crecimiento de la poblaci\u00f3n&#8221;.<\/p>\n<p>La inmigraci\u00f3n representa casi todo el crecimiento demogr\u00e1fico en Canad\u00e1, dado el envejecimiento demogr\u00e1fico del pa\u00eds.<\/p>\n<p>En \u00faltima instancia, el gobierno federal decidi\u00f3 aumentar el n\u00famero de residentes permanentes que Canad\u00e1 recibe cada a\u00f1o a 500.000 en 2025, una decisi\u00f3n que atrajo considerable atenci\u00f3n y escrutinio. Eso significa que en 2025, Canad\u00e1 recibir\u00e1 casi el doble de residentes permanentes que en 2015.<\/p>\n<p>El documento revela que los servidores p\u00fablicos federales eran muy conscientes de las presiones que el alto crecimiento demogr\u00e1fico tendr\u00eda sobre la vivienda y los servicios.<\/p>\n<p>&#8220;Los r\u00e1pidos aumentos ejercen presi\u00f3n sobre la atenci\u00f3n sanitaria y la vivienda asequible&#8221;, advirtieron los funcionarios p\u00fablicos. &#8220;Los proveedores de servicios de asentamiento y reasentamiento est\u00e1n expresando tensiones a corto plazo debido a las condiciones del mercado laboral, el aumento de los niveles y las iniciativas de Afganist\u00e1n y Ucrania&#8221;.<\/p>\n<p><em><strong>La demanda supera a la oferta<\/strong><\/em><br \/>\nLa asequibilidad de la vivienda se ha convertido ahora en una responsabilidad pol\u00edtica para el gobierno liberal. Los conservadores han ganado un impulso considerable durante el \u00faltimo a\u00f1o a medida que el partido se abalanza sobre cuestiones de asequibilidad, evitando al mismo tiempo la cuesti\u00f3n de la inmigraci\u00f3n en particular. Estas presiones han obligado al gobierno liberal a reorientar sus esfuerzos en la pol\u00edtica de vivienda y comenzar a abordar el aumento de estudiantes internacionales con nuevas reglas.<\/p>\n<p>Datos recientes muestran que el ritmo de crecimiento demogr\u00e1fico de Canad\u00e1 contin\u00faa estableciendo r\u00e9cords a medida que el pa\u00eds tambi\u00e9n atrae un n\u00famero hist\u00f3rico de residentes temporales, en gran parte a trav\u00e9s de programas de estudiantes internacionales y trabajadores extranjeros temporales.<\/p>\n<p>La poblaci\u00f3n del pa\u00eds creci\u00f3 en m\u00e1s de 430.000 personas durante el tercer trimestre de 2023, lo que marca el ritmo m\u00e1s r\u00e1pido de crecimiento poblacional en cualquier trimestre desde 1957.<\/p>\n<p>Expertos que van desde Bay Street hasta instituciones acad\u00e9micas han advertido que el fuerte crecimiento demogr\u00e1fico de Canad\u00e1 est\u00e1 erosionando la asequibilidad de la vivienda, ya que la demanda supera la oferta.<\/p>\n<p><em><strong>Creciente preocupaci\u00f3n<\/strong><\/em><br \/>\nEl Banco de Canad\u00e1 ha ofrecido un an\u00e1lisis similar. El vicegobernador Toni Gravelle pronunci\u00f3 un discurso en diciembre advirtiendo que el fuerte crecimiento demogr\u00e1fico est\u00e1 elevando los alquileres y los precios de las viviendas.<\/p>\n<p>Las encuestas de opini\u00f3n p\u00fablica tambi\u00e9n muestran que la gente est\u00e1 cada vez m\u00e1s preocupada por la presi\u00f3n que la inmigraci\u00f3n est\u00e1 ejerciendo sobre los servicios, la infraestructura y la vivienda, lo que lleva a una disminuci\u00f3n del apoyo a la alta inmigraci\u00f3n.<\/p>\n<p>El gobierno liberal ha defendido sus decisiones de pol\u00edtica de inmigraci\u00f3n, argumentando que los inmigrantes ayudan a generar prosperidad econ\u00f3mica y ayudan con la demograf\u00eda del pa\u00eds a medida que la poblaci\u00f3n envejece.<\/p>\n<p>En medio del mayor escrutinio de la pol\u00edtica de inmigraci\u00f3n del gobierno liberal, el ministro de Inmigraci\u00f3n, Marc Miller, fij\u00f3 el objetivo anual en 500.000 residentes permanentes para 2026.<\/p>\n<p>Los documentos de 2022 se\u00f1alan que los objetivos de inmigraci\u00f3n de Canad\u00e1 han superado las recomendaciones de algunos expertos, incluida la Century Initiative, una organizaci\u00f3n que aboga por aumentar la poblaci\u00f3n del pa\u00eds a 100 millones para finales de siglo.<\/p>\n<p>Sin embargo, la atenci\u00f3n ahora se est\u00e1 desviando de estos objetivos al fuerte aumento de residentes no permanentes. Entre julio y octubre, alrededor de tres cuartas partes del crecimiento de la poblaci\u00f3n de Canad\u00e1 provino de residentes temporales, incluidos estudiantes internacionales y trabajadores extranjeros temporales.<\/p>\n<p>Esa tendencia est\u00e1 haciendo sonar las alarmas sobre el aumento de la dependencia de las empresas de trabajadores inmigrantes de bajos salarios y la atracci\u00f3n de estudiantes internacionales por parte de instituciones postsecundarias turbias.<\/p>\n<p>Mikal Skuterud, profesor de econom\u00eda de la Universidad de Waterloo que se especializa en pol\u00edtica de inmigraci\u00f3n, dice que el gobierno federal parece haber &#8220;perdido el control&#8221; de los flujos migratorios temporales.<\/p>\n<p>A diferencia de los objetivos anuales para residentes permanentes, el n\u00famero de residentes temporales est\u00e1 dictado por la demanda de trabajadores migrantes y estudiantes internacionales.<\/p>\n<p><em><strong>Inmigraci\u00f3n y PIB<\/strong><\/em><br \/>\nTambi\u00e9n se\u00f1ala que existe un v\u00ednculo entre los objetivos para los residentes permanentes y el flujo de residentes temporales.<\/p>\n<p>&#8220;En la medida en que aumenta el n\u00famero de permanentes y los inmigrantes se dan cuenta de que la forma de obtener un PR es venir aqu\u00ed como residente temporal&#8230; entonces los inmigrantes se ven incentivados a venir y probar suerte&#8221;, dijo.<\/p>\n<p>Skuterud, quien ha sido un cr\u00edtico abierto de la pol\u00edtica de inmigraci\u00f3n del gobierno federal, dice que los liberales han exagerado los beneficios de una alta inmigraci\u00f3n.<\/p>\n<p>Dijo que a partir de 2015, cuando se eligi\u00f3 por primera vez al gobierno liberal, se desarroll\u00f3 en Canad\u00e1 una narrativa de que &#8220;la inmigraci\u00f3n era una especie de soluci\u00f3n a los problemas de crecimiento econ\u00f3mico de Canad\u00e1&#8221;.<\/p>\n<p>Si bien el profesor dice que a la gente le gusta creer en esa narrativa, se\u00f1ala que una mayor inmigraci\u00f3n contribuye poco a aumentar los niveles de vida, medidos por el PIB real per c\u00e1pita.<\/p>\n<p>Los funcionarios p\u00fablicos del IRCC est\u00e1n de acuerdo, sugieren los documentos publicados.<\/p>\n<p>&#8220;El aumento de la poblaci\u00f3n en edad de trabajar puede tener un impacto positivo en el producto interno bruto, pero poco efecto en el PIB per c\u00e1pita&#8221;, se\u00f1alaron los funcionarios p\u00fablicos.<\/p>\n","protected":false},"excerpt":{"rendered":"<p>&nbsp; &nbsp; &#8220;En Canad\u00e1, el crecimiento de la poblaci\u00f3n ha superado el crecimiento de las unidades de vivienda disponibles&#8221;, dice la advertencia del IRCC &nbsp;&hellip;<\/p>\n","protected":false},"author":99,"featured_media":515298,"comment_status":"open","ping_status":"open","sticky":false,"template":"","format":"standard","meta":{"footnotes":""},"categories":[21,11191],"tags":[],"class_list":["post-515297","post","type-post","status-publish","format-standard","has-post-thumbnail","hentry","category-canada","category-top-news"],"_links":{"self":[{"href":"https:\/\/diarioelpopular.com\/index.php\/wp-json\/wp\/v2\/posts\/515297","targetHints":{"allow":["GET"]}}],"collection":[{"href":"https:\/\/diarioelpopular.com\/index.php\/wp-json\/wp\/v2\/posts"}],"about":[{"href":"https:\/\/diarioelpopular.com\/index.php\/wp-json\/wp\/v2\/types\/post"}],"author":[{"embeddable":true,"href":"https:\/\/diarioelpopular.com\/index.php\/wp-json\/wp\/v2\/users\/99"}],"replies":[{"embeddable":true,"href":"https:\/\/diarioelpopular.com\/index.php\/wp-json\/wp\/v2\/comments?post=515297"}],"version-history":[{"count":1,"href":"https:\/\/diarioelpopular.com\/index.php\/wp-json\/wp\/v2\/posts\/515297\/revisions"}],"predecessor-version":[{"id":515299,"href":"https:\/\/diarioelpopular.com\/index.php\/wp-json\/wp\/v2\/posts\/515297\/revisions\/515299"}],"wp:featuredmedia":[{"embeddable":true,"href":"https:\/\/diarioelpopular.com\/index.php\/wp-json\/wp\/v2\/media\/515298"}],"wp:attachment":[{"href":"https:\/\/diarioelpopular.com\/index.php\/wp-json\/wp\/v2\/media?parent=515297"}],"wp:term":[{"taxonomy":"category","embeddable":true,"href":"https:\/\/diarioelpopular.com\/index.php\/wp-json\/wp\/v2\/categories?post=515297"},{"taxonomy":"post_tag","embeddable":true,"href":"https:\/\/diarioelpopular.com\/index.php\/wp-json\/wp\/v2\/tags?post=515297"}],"curies":[{"name":"wp","href":"https:\/\/api.w.org\/{rel}","templated":true}]}}