{"id":515300,"date":"2024-01-11T10:24:46","date_gmt":"2024-01-11T14:24:46","guid":{"rendered":"https:\/\/diarioelpopular.com\/?p=515300"},"modified":"2024-01-11T10:24:46","modified_gmt":"2024-01-11T14:24:46","slug":"apple-podria-pagar-a-los-canadienses-mas-de-14-millones-de-dolares-en-una-demanda-colectiva-por-la-bateria-del-iphone","status":"publish","type":"post","link":"https:\/\/diarioelpopular.com\/index.php\/2024\/01\/11\/apple-podria-pagar-a-los-canadienses-mas-de-14-millones-de-dolares-en-una-demanda-colectiva-por-la-bateria-del-iphone\/","title":{"rendered":"Apple podr\u00eda pagar a los canadienses m\u00e1s de 14 millones de d\u00f3lares en una demanda colectiva por la bater\u00eda del iPhone"},"content":{"rendered":"<p><img loading=\"lazy\" decoding=\"async\" class=\"alignnone size-custom-full-size wp-image-515301\" src=\"https:\/\/diarioelpopular.com\/wp-content\/uploads\/2024\/01\/Screen-Shot-2024-01-11-at-9.23.48-AM-636x385.png\" alt=\"\" width=\"636\" height=\"385\" srcset=\"https:\/\/diarioelpopular.com\/wp-content\/uploads\/2024\/01\/Screen-Shot-2024-01-11-at-9.23.48-AM-636x385.png 636w, https:\/\/diarioelpopular.com\/wp-content\/uploads\/2024\/01\/Screen-Shot-2024-01-11-at-9.23.48-AM-300x182.png 300w, https:\/\/diarioelpopular.com\/wp-content\/uploads\/2024\/01\/Screen-Shot-2024-01-11-at-9.23.48-AM-768x465.png 768w, https:\/\/diarioelpopular.com\/wp-content\/uploads\/2024\/01\/Screen-Shot-2024-01-11-at-9.23.48-AM-121x73.png 121w, https:\/\/diarioelpopular.com\/wp-content\/uploads\/2024\/01\/Screen-Shot-2024-01-11-at-9.23.48-AM.png 1024w\" sizes=\"auto, (max-width: 636px) 100vw, 636px\" \/><\/p>\n<p>&nbsp;<\/p>\n<p>&nbsp;<\/p>\n<p><em><strong>&#8211; Algunos usuarios canadienses de iPhone podr\u00edan recibir un pago de Apple debido a una demanda colectiva contra la empresa de tecnolog\u00eda que involucra dispositivos lentos debido a actualizaciones de software.<\/strong><\/em><\/p>\n<p>&nbsp;<\/p>\n<p>La demanda colectiva se inici\u00f3 en 2018 contra Apple Inc. y Apple Canad\u00e1, alegando que hab\u00eda funciones de mitigaci\u00f3n de rendimiento del software iOS de Apple (versiones 10.2.1, 10.3, 11 y\/o 11.2 para iPhones) que causaban defectos que provocaban que los iPhones &#8220;envejecieran prematuramente&#8221;. , degradarse o cerrarse inesperadamente&#8221;.<\/p>\n<p>Las actualizaciones de software tambi\u00e9n provocaron defectos en las bater\u00edas del iPhone, y la terrible experiencia se conoci\u00f3 como &#8220;batterygate&#8221;.<\/p>\n<p>Apple ha negado las acusaciones de la demanda colectiva y el acuerdo no es una admisi\u00f3n de irregularidades o culpa en su nombre.<\/p>\n<p>Seg\u00fan el sitio web del acuerdo, se lleg\u00f3 a un acuerdo con Apple y la compa\u00f1\u00eda acord\u00f3 pagar entre 11.137.500 y 14.427.500 d\u00f3lares canadienses en conjunto a los usuarios de iPhone afectados.<\/p>\n<p>Clientes que pose\u00edan o operaban un dispositivo de tel\u00e9fono inteligente Apple iPhone 6, 6 Plus, 6s, 6s Plus, SE, 7 o 7 Plus con iOS 10.2.1 o posterior (para iPhone 6, 6 Plus, 6s, 6s Plus o SE ) y\/o iOS 11.2 o posterior (para iPhone 7 o 7 Plus) instalado o descargado, antes del 21 de diciembre de 2017, pueden ser elegibles para el pago de la demanda colectiva.<\/p>\n<p>El acuerdo debe ser aprobado por la Corte Suprema de British Columbia antes de que Apple avance con cualquier pago. Una audiencia est\u00e1 programada para el 29 de enero de 2024.<\/p>\n<p>Si se aprueba el acuerdo, Apple proporcionar\u00e1 un pago en efectivo a cada miembro del grupo que haya presentado un reclamo aprobado.<\/p>\n<p>El tribunal tambi\u00e9n fijar\u00e1 el plazo de reclamaci\u00f3n el 29 de enero.<\/p>\n<p>El \u00faltimo d\u00eda para excluirse del acuerdo es el 10 de enero de 2024, y puede completar un formulario para hacerlo aqu\u00ed.<\/p>\n<p>Puede encontrar m\u00e1s informaci\u00f3n sobre el acuerdo de demanda colectiva en:<br \/>\nhttps:\/\/www.smartphoneperformancesettlement.ca\/.<\/p>\n","protected":false},"excerpt":{"rendered":"<p>&nbsp; &nbsp; &#8211; Algunos usuarios canadienses de iPhone podr\u00edan recibir un pago de Apple debido a una demanda colectiva contra la empresa de tecnolog\u00eda que&hellip;<\/p>\n","protected":false},"author":99,"featured_media":515301,"comment_status":"open","ping_status":"open","sticky":false,"template":"","format":"standard","meta":{"footnotes":""},"categories":[21],"tags":[],"class_list":["post-515300","post","type-post","status-publish","format-standard","has-post-thumbnail","hentry","category-canada"],"_links":{"self":[{"href":"https:\/\/diarioelpopular.com\/index.php\/wp-json\/wp\/v2\/posts\/515300","targetHints":{"allow":["GET"]}}],"collection":[{"href":"https:\/\/diarioelpopular.com\/index.php\/wp-json\/wp\/v2\/posts"}],"about":[{"href":"https:\/\/diarioelpopular.com\/index.php\/wp-json\/wp\/v2\/types\/post"}],"author":[{"embeddable":true,"href":"https:\/\/diarioelpopular.com\/index.php\/wp-json\/wp\/v2\/users\/99"}],"replies":[{"embeddable":true,"href":"https:\/\/diarioelpopular.com\/index.php\/wp-json\/wp\/v2\/comments?post=515300"}],"version-history":[{"count":1,"href":"https:\/\/diarioelpopular.com\/index.php\/wp-json\/wp\/v2\/posts\/515300\/revisions"}],"predecessor-version":[{"id":515302,"href":"https:\/\/diarioelpopular.com\/index.php\/wp-json\/wp\/v2\/posts\/515300\/revisions\/515302"}],"wp:featuredmedia":[{"embeddable":true,"href":"https:\/\/diarioelpopular.com\/index.php\/wp-json\/wp\/v2\/media\/515301"}],"wp:attachment":[{"href":"https:\/\/diarioelpopular.com\/index.php\/wp-json\/wp\/v2\/media?parent=515300"}],"wp:term":[{"taxonomy":"category","embeddable":true,"href":"https:\/\/diarioelpopular.com\/index.php\/wp-json\/wp\/v2\/categories?post=515300"},{"taxonomy":"post_tag","embeddable":true,"href":"https:\/\/diarioelpopular.com\/index.php\/wp-json\/wp\/v2\/tags?post=515300"}],"curies":[{"name":"wp","href":"https:\/\/api.w.org\/{rel}","templated":true}]}}