{"id":515317,"date":"2024-01-12T10:21:59","date_gmt":"2024-01-12T14:21:59","guid":{"rendered":"https:\/\/diarioelpopular.com\/?p=515317"},"modified":"2024-01-12T10:21:59","modified_gmt":"2024-01-12T14:21:59","slug":"meta-ofrece-a-los-usuarios-de-facebook-51-millones-de-dolares-en-una-demanda-colectiva","status":"publish","type":"post","link":"https:\/\/diarioelpopular.com\/index.php\/2024\/01\/12\/meta-ofrece-a-los-usuarios-de-facebook-51-millones-de-dolares-en-una-demanda-colectiva\/","title":{"rendered":"Meta ofrece a los usuarios de Facebook 51 millones de d\u00f3lares en una demanda colectiva"},"content":{"rendered":"<p><img loading=\"lazy\" decoding=\"async\" class=\"alignnone size-custom-full-size wp-image-515318\" src=\"https:\/\/diarioelpopular.com\/wp-content\/uploads\/2024\/01\/Screen-Shot-2024-01-12-at-9.21.18-AM-636x381.png\" alt=\"\" width=\"636\" height=\"381\" srcset=\"https:\/\/diarioelpopular.com\/wp-content\/uploads\/2024\/01\/Screen-Shot-2024-01-12-at-9.21.18-AM-636x380.png 636w, https:\/\/diarioelpopular.com\/wp-content\/uploads\/2024\/01\/Screen-Shot-2024-01-12-at-9.21.18-AM-300x180.png 300w, https:\/\/diarioelpopular.com\/wp-content\/uploads\/2024\/01\/Screen-Shot-2024-01-12-at-9.21.18-AM-768x461.png 768w, https:\/\/diarioelpopular.com\/wp-content\/uploads\/2024\/01\/Screen-Shot-2024-01-12-at-9.21.18-AM-122x73.png 122w, https:\/\/diarioelpopular.com\/wp-content\/uploads\/2024\/01\/Screen-Shot-2024-01-12-at-9.21.18-AM.png 1024w\" sizes=\"auto, (max-width: 636px) 100vw, 636px\" \/><\/p>\n<p>&nbsp;<\/p>\n<p>&nbsp;<\/p>\n<ul>\n<li><em><strong>Un acuerdo multimillonario propuesto por Meta env\u00eda un mensaje a otras empresas sobre la importancia de prestar atenci\u00f3n a las leyes de privacidad del pa\u00eds, dice un abogado que representa a las personas en la demanda colectiva contra el gigante de las redes sociales<\/strong><\/em><\/li>\n<\/ul>\n<p>&nbsp;<\/p>\n<p>Meta est\u00e1 ofreciendo 51 millones de d\u00f3lares para resolver la demanda en cuatro provincias por el programa de publicidad \u201cHistorias patrocinadas\u201d de Facebook, que se desarroll\u00f3 entre 2011 y 2014, utilizando nombres y fotograf\u00edas de personas sin su conocimiento.<\/p>\n<p>Christopher Rhone, socio del bufete de abogados Branch MacMaster de Vancouver que represent\u00f3 a los demandantes, dijo que las grandes empresas de redes sociales generalmente no tienen su sede en Canad\u00e1, pero a\u00fan as\u00ed esperan hacer negocios aqu\u00ed.<\/p>\n<p>&#8220;Es importante que revisen y consideren los derechos de privacidad que los individuos, los residentes de estas provincias, tienen en Canad\u00e1, antes de comenzar a trabajar aqu\u00ed&#8221;, dijo.<\/p>\n<p>Rhone dijo que las empresas deben observar m\u00e1s de cerca el panorama legal canadiense, \u201cpara que los residentes de estas provincias puedan estar protegidos de la manera que nuestras legislaturas y tribunales quieren que est\u00e9n protegidos\u201d.<\/p>\n<p>La acci\u00f3n legal interpuesta por una mujer de B.C., se ampli\u00f3 fuera de la provincia en 2019 para incluir a los residentes de Saskatchewan, Manitoba, Newfoundland y Labrador.<\/p>\n<p>Como parte del programa de historias patrocinadas, si a alguien le \u201cgustaba\u201d un producto, Facebook generaba un respaldo de noticias usando su nombre y foto de perfil, pero no le dec\u00eda que su informaci\u00f3n estaba siendo utilizada.<\/p>\n<p>MNP Ltd., el administrador designado por el tribunal que maneja el acuerdo propuesto, dijo en un comunicado que el acuerdo debe ser aprobado por un juez de la Corte Suprema deB.C. en marzo, junto con un proceso para determinar la parte del dinero de los miembros del grupo.<\/p>\n<p>&#8220;El acuerdo propuesto establece que Facebook pagar\u00e1 la suma global de 51 millones de d\u00f3lares a cambio de una liberaci\u00f3n completa y definitiva por parte de la clase de todos los reclamos en cuesti\u00f3n en la demanda colectiva contra Facebook&#8221;, dijo el comunicado emitido por MNP.<\/p>\n<p>Meta no respondi\u00f3 de inmediato a una solicitud de comentarios sobre el acuerdo.<\/p>\n<p>El caso se ha prolongado durante a\u00f1os, incluso hasta la Corte Suprema de Canad\u00e1, que dictamin\u00f3 en 2017 que Facebook podr\u00eda ser demandado en los tribunales de B.C.<\/p>\n<p>El juez de la Corte Suprema determin\u00f3 en 2022 que \u201clos miembros de la clase no dieron su consentimiento expreso o impl\u00edcito al uso de Facebook de sus im\u00e1genes en Historias patrocinadas\u201d.<\/p>\n<p>Rhone dijo que Meta apel\u00f3 la decisi\u00f3n sobre responsabilidad, pero no se emiti\u00f3 un fallo antes de que se llegara a un acuerdo.<\/p>\n<p>Dijo que a pesar de que Facebook no admite responsabilidad en el acuerdo, el dinero a\u00fan env\u00eda un fuerte mensaje sobre la protecci\u00f3n de los derechos de los canadienses.<\/p>\n<p>Meta concluy\u00f3 un acuerdo legal de 725 millones de d\u00f3lares el a\u00f1o pasado con usuarios estadounidenses de Facebook sobre privacidad despu\u00e9s de revelaciones de que la plataforma permiti\u00f3 que informaci\u00f3n personal de sus usuarios fuera enviada a Cambridge Analytica, una firma que ayud\u00f3 a la campa\u00f1a presidencial estadounidense de Donald Trump en 2016.<\/p>\n<p>Los abogados estiman que 4,3 millones de personas podr\u00edan calificar para parte del acuerdo canadiense.<\/p>\n<p>La declaraci\u00f3n del MNP dijo que los miembros del grupo no necesitan hacer nada todav\u00eda para obtener una compensaci\u00f3n.<\/p>\n<p>&#8220;Despu\u00e9s de que se apruebe el acuerdo, se anunciar\u00e1 un proceso que establecer\u00e1 el procedimiento y la manera para que los miembros del grupo presenten sus reclamaciones por una parte de los fondos del acuerdo&#8221;.<\/p>\n<p>Rhone dijo que propondr\u00e1 que se cree un formulario en l\u00ednea para que las personas demuestren que viv\u00edan en una de las cuatro provincias y eran miembros de Facebook durante el per\u00edodo en que se publicaban las Historias patrocinadas.<\/p>\n<p>Dijo que no existe una base de datos que indique qui\u00e9n fue utilizado en los anuncios.<\/p>\n<p>\u201cCreo que casi cualquiera que fuera al menos algo activo en Facebook habr\u00eda estado en una historia patrocinada. \u00c9sa es la suposici\u00f3n con la que estamos trabajando\u201d, dijo.<\/p>\n<p>Cualquiera que quiera oponerse al acuerdo propuesto tiene hasta el 11 de marzo.<\/p>\n","protected":false},"excerpt":{"rendered":"<p>&nbsp; &nbsp; Un acuerdo multimillonario propuesto por Meta env\u00eda un mensaje a otras empresas sobre la importancia de prestar atenci\u00f3n a las leyes de privacidad&hellip;<\/p>\n","protected":false},"author":99,"featured_media":515318,"comment_status":"open","ping_status":"open","sticky":false,"template":"","format":"standard","meta":{"footnotes":""},"categories":[21,11191],"tags":[],"class_list":["post-515317","post","type-post","status-publish","format-standard","has-post-thumbnail","hentry","category-canada","category-top-news"],"_links":{"self":[{"href":"https:\/\/diarioelpopular.com\/index.php\/wp-json\/wp\/v2\/posts\/515317","targetHints":{"allow":["GET"]}}],"collection":[{"href":"https:\/\/diarioelpopular.com\/index.php\/wp-json\/wp\/v2\/posts"}],"about":[{"href":"https:\/\/diarioelpopular.com\/index.php\/wp-json\/wp\/v2\/types\/post"}],"author":[{"embeddable":true,"href":"https:\/\/diarioelpopular.com\/index.php\/wp-json\/wp\/v2\/users\/99"}],"replies":[{"embeddable":true,"href":"https:\/\/diarioelpopular.com\/index.php\/wp-json\/wp\/v2\/comments?post=515317"}],"version-history":[{"count":1,"href":"https:\/\/diarioelpopular.com\/index.php\/wp-json\/wp\/v2\/posts\/515317\/revisions"}],"predecessor-version":[{"id":515319,"href":"https:\/\/diarioelpopular.com\/index.php\/wp-json\/wp\/v2\/posts\/515317\/revisions\/515319"}],"wp:featuredmedia":[{"embeddable":true,"href":"https:\/\/diarioelpopular.com\/index.php\/wp-json\/wp\/v2\/media\/515318"}],"wp:attachment":[{"href":"https:\/\/diarioelpopular.com\/index.php\/wp-json\/wp\/v2\/media?parent=515317"}],"wp:term":[{"taxonomy":"category","embeddable":true,"href":"https:\/\/diarioelpopular.com\/index.php\/wp-json\/wp\/v2\/categories?post=515317"},{"taxonomy":"post_tag","embeddable":true,"href":"https:\/\/diarioelpopular.com\/index.php\/wp-json\/wp\/v2\/tags?post=515317"}],"curies":[{"name":"wp","href":"https:\/\/api.w.org\/{rel}","templated":true}]}}