{"id":515357,"date":"2024-01-15T10:29:41","date_gmt":"2024-01-15T14:29:41","guid":{"rendered":"https:\/\/diarioelpopular.com\/?p=515357"},"modified":"2024-01-15T10:29:41","modified_gmt":"2024-01-15T14:29:41","slug":"ministro-de-inmigracion-considera-limitar-el-numero-de-estudiantes-internacionales-en-canada","status":"publish","type":"post","link":"https:\/\/diarioelpopular.com\/index.php\/2024\/01\/15\/ministro-de-inmigracion-considera-limitar-el-numero-de-estudiantes-internacionales-en-canada\/","title":{"rendered":"Ministro de Inmigraci\u00f3n considera limitar el n\u00famero de estudiantes internacionales en Canad\u00e1"},"content":{"rendered":"<p><img loading=\"lazy\" decoding=\"async\" class=\"alignnone size-custom-big-size wp-image-515358\" src=\"https:\/\/diarioelpopular.com\/wp-content\/uploads\/2024\/01\/Screen-Shot-2024-01-15-at-9.28.53-AM-1200x713.png\" alt=\"\" width=\"1200\" height=\"713\" srcset=\"https:\/\/diarioelpopular.com\/wp-content\/uploads\/2024\/01\/Screen-Shot-2024-01-15-at-9.28.53-AM-1200x713.png 1200w, https:\/\/diarioelpopular.com\/wp-content\/uploads\/2024\/01\/Screen-Shot-2024-01-15-at-9.28.53-AM-300x178.png 300w, https:\/\/diarioelpopular.com\/wp-content\/uploads\/2024\/01\/Screen-Shot-2024-01-15-at-9.28.53-AM-768x456.png 768w, https:\/\/diarioelpopular.com\/wp-content\/uploads\/2024\/01\/Screen-Shot-2024-01-15-at-9.28.53-AM-636x378.png 636w, https:\/\/diarioelpopular.com\/wp-content\/uploads\/2024\/01\/Screen-Shot-2024-01-15-at-9.28.53-AM-123x73.png 123w, https:\/\/diarioelpopular.com\/wp-content\/uploads\/2024\/01\/Screen-Shot-2024-01-15-at-9.28.53-AM.png 1024w\" sizes=\"auto, (max-width: 1200px) 100vw, 1200px\" \/><\/p>\n<p>&nbsp;<\/p>\n<p>&nbsp;<\/p>\n<ul>\n<li><em><strong>El ministro de Inmigraci\u00f3n, Marc Miller, dijo que en los pr\u00f3ximos meses estudiar\u00e1 la posibilidad de poner un l\u00edmite al n\u00famero de estudiantes internacionales que viven en Canad\u00e1, pero no explic\u00f3 qu\u00e9 tan grande es la reducci\u00f3n que planea hacer el gobierno.<\/strong><\/em><\/li>\n<\/ul>\n<p>&nbsp;<\/p>\n<p><em><strong>OTTAWA.-<\/strong><\/em> En una entrevista transmitida este domingo, el ministro le dijo al presentador del per\u00edodo de preguntas de CTV, Vassy Kapelos, que esta es una conversaci\u00f3n que el gobierno federal necesitar\u00e1 tener con los gobiernos provinciales &#8220;para asegurarse de que las provincias que no han estado haciendo su trabajo realmente controlen esos n\u00fameros en un base de volumen puro\u201d.<\/p>\n<p>\u201cEse volumen es desconcertante\u201d, dijo Miller, en referencia al n\u00famero de estudiantes internacionales en Canad\u00e1. &#8220;Es realmente un sistema que se ha salido de control&#8221;.<\/p>\n<p>El gobierno federal ha enfrentado cr\u00edticas por dar la bienvenida a un n\u00famero cada vez mayor de inmigrantes (tanto residentes permanentes como temporales) mientras el pa\u00eds enfrenta una grave escasez de viviendas.<\/p>\n<p>Mientras tanto, un nuevo informe de The Canadian Press, que cita documentos internos obtenidos a trav\u00e9s de una solicitud de acceso a la informaci\u00f3n, muestra que funcionarios p\u00fablicos advirtieron al gobierno federal hace dos a\u00f1os que sus ambiciosos objetivos de inmigraci\u00f3n podr\u00edan poner en peligro la asequibilidad de la vivienda.<\/p>\n<p>Los liberales se han fijado objetivos con el objetivo de traer 485.000 inmigrantes este a\u00f1o y 500.000 tanto en 2025 como en 2026.<\/p>\n<p>Los residentes temporales, compuestos en gran parte por estudiantes internacionales y trabajadores migrantes, son otra parte de la ecuaci\u00f3n: m\u00e1s de 300.000 de ellos llegaron a Canad\u00e1 s\u00f3lo en el tercer trimestre del a\u00f1o pasado.<\/p>\n<p>Miller dijo que buscar\u00e1, tanto en el primer como en el segundo trimestre de este a\u00f1o, la posibilidad de establecer un l\u00edmite a los estudiantes internacionales para ayudar a reducir la demanda de vivienda.<\/p>\n<p>Cuando se le pregunt\u00f3 por qu\u00e9 su gobierno s\u00f3lo est\u00e1 considerando un l\u00edmite ahora, cuando la idea de uno ha estado flotando durante meses, Miller dijo que es necesario ordenar los n\u00fameros a nivel federal antes de mirar con \u201cun poco m\u00e1s de granularidad\u201d lo que las instituciones acad\u00e9micas individuales est\u00e1n haciendo en diferentes provincias, posiblemente benefici\u00e1ndose de atraer m\u00e1s estudiantes internacionales.<\/p>\n<p>&#8220;Necesitamos hacer nuestro trabajo y asegurarnos de tener un sistema que realmente garantice que las personas tengan la capacidad financiera para venir a Canad\u00e1, y que realmente estemos verificando las cartas de oferta&#8221;, dijo Miller.<\/p>\n<p>&#8220;Y ahora es el momento de conversar sobre los vol\u00famenes y el impacto que eso est\u00e1 teniendo en ciertas \u00e1reas&#8221;.<\/p>\n<p>Un l\u00edmite a los estudiantes internacionales no ser\u00eda una \u201csoluci\u00f3n \u00fanica\u201d para la escasez de vivienda en todo Canad\u00e1, se\u00f1al\u00f3 Miller.<\/p>\n<p>Cuando se le pregunt\u00f3 m\u00e1s sobre el n\u00famero de estudiantes internacionales que vienen a Canad\u00e1, que supera con creces el n\u00famero de viviendas que el gobierno federal ha anunciado que planea ayudar a construir, Miller tambi\u00e9n dijo que la vivienda es s\u00f3lo una parte del c\u00e1lculo cuando se trata de objetivos de inmigraci\u00f3n. Tambi\u00e9n hay que tener en cuenta la urgente necesidad de reducir la edad media de la poblaci\u00f3n activa, afirm\u00f3.<\/p>\n<p>Y aunque no dio detalles, Miller dijo que poner un l\u00edmite a los estudiantes internacionales es algo que el gobierno federal est\u00e1 considerando, \u201cy seguir\u00e1 considerando\u201d.<\/p>\n<p>&#8220;Tenemos una idea de c\u00f3mo ser\u00edan esas cifras, c\u00f3mo ser\u00eda la reducci\u00f3n de esas cifras, por cortes\u00eda a mis colegas en las provincias, esas son discusiones que primero vamos a tener alrededor de la mesa de negociaciones&#8221;, dijo. Dijo que agregar las necesidades financieras de las instituciones acad\u00e9micas tambi\u00e9n es un factor.<\/p>\n","protected":false},"excerpt":{"rendered":"<p>&nbsp; &nbsp; El ministro de Inmigraci\u00f3n, Marc Miller, dijo que en los pr\u00f3ximos meses estudiar\u00e1 la posibilidad de poner un l\u00edmite al n\u00famero de estudiantes&hellip;<\/p>\n","protected":false},"author":99,"featured_media":515358,"comment_status":"open","ping_status":"open","sticky":false,"template":"","format":"standard","meta":{"footnotes":""},"categories":[21,11191],"tags":[],"class_list":["post-515357","post","type-post","status-publish","format-standard","has-post-thumbnail","hentry","category-canada","category-top-news"],"_links":{"self":[{"href":"https:\/\/diarioelpopular.com\/index.php\/wp-json\/wp\/v2\/posts\/515357","targetHints":{"allow":["GET"]}}],"collection":[{"href":"https:\/\/diarioelpopular.com\/index.php\/wp-json\/wp\/v2\/posts"}],"about":[{"href":"https:\/\/diarioelpopular.com\/index.php\/wp-json\/wp\/v2\/types\/post"}],"author":[{"embeddable":true,"href":"https:\/\/diarioelpopular.com\/index.php\/wp-json\/wp\/v2\/users\/99"}],"replies":[{"embeddable":true,"href":"https:\/\/diarioelpopular.com\/index.php\/wp-json\/wp\/v2\/comments?post=515357"}],"version-history":[{"count":1,"href":"https:\/\/diarioelpopular.com\/index.php\/wp-json\/wp\/v2\/posts\/515357\/revisions"}],"predecessor-version":[{"id":515359,"href":"https:\/\/diarioelpopular.com\/index.php\/wp-json\/wp\/v2\/posts\/515357\/revisions\/515359"}],"wp:featuredmedia":[{"embeddable":true,"href":"https:\/\/diarioelpopular.com\/index.php\/wp-json\/wp\/v2\/media\/515358"}],"wp:attachment":[{"href":"https:\/\/diarioelpopular.com\/index.php\/wp-json\/wp\/v2\/media?parent=515357"}],"wp:term":[{"taxonomy":"category","embeddable":true,"href":"https:\/\/diarioelpopular.com\/index.php\/wp-json\/wp\/v2\/categories?post=515357"},{"taxonomy":"post_tag","embeddable":true,"href":"https:\/\/diarioelpopular.com\/index.php\/wp-json\/wp\/v2\/tags?post=515357"}],"curies":[{"name":"wp","href":"https:\/\/api.w.org\/{rel}","templated":true}]}}