{"id":515374,"date":"2024-01-16T08:56:25","date_gmt":"2024-01-16T12:56:25","guid":{"rendered":"https:\/\/diarioelpopular.com\/?p=515374"},"modified":"2024-01-16T08:56:25","modified_gmt":"2024-01-16T12:56:25","slug":"cronicas-martin-luther-king","status":"publish","type":"post","link":"https:\/\/diarioelpopular.com\/index.php\/2024\/01\/16\/cronicas-martin-luther-king\/","title":{"rendered":"CR\u00d3NICAS. Martin Luther King"},"content":{"rendered":"<p><img loading=\"lazy\" decoding=\"async\" class=\"alignnone size-custom-big-size wp-image-515375\" src=\"https:\/\/diarioelpopular.com\/wp-content\/uploads\/2024\/01\/hero-crop-gettyimages-459534214-1200x675.jpg\" alt=\"\" width=\"1200\" height=\"675\" srcset=\"https:\/\/diarioelpopular.com\/wp-content\/uploads\/2024\/01\/hero-crop-gettyimages-459534214-1200x675.jpg 1200w, https:\/\/diarioelpopular.com\/wp-content\/uploads\/2024\/01\/hero-crop-gettyimages-459534214-300x169.jpg 300w, https:\/\/diarioelpopular.com\/wp-content\/uploads\/2024\/01\/hero-crop-gettyimages-459534214-768x432.jpg 768w, https:\/\/diarioelpopular.com\/wp-content\/uploads\/2024\/01\/hero-crop-gettyimages-459534214-1990x1119.jpg 1990w, https:\/\/diarioelpopular.com\/wp-content\/uploads\/2024\/01\/hero-crop-gettyimages-459534214-636x358.jpg 636w, https:\/\/diarioelpopular.com\/wp-content\/uploads\/2024\/01\/hero-crop-gettyimages-459534214-130x73.jpg 130w, https:\/\/diarioelpopular.com\/wp-content\/uploads\/2024\/01\/hero-crop-gettyimages-459534214.jpg 1024w\" sizes=\"auto, (max-width: 1200px) 100vw, 1200px\" \/><\/p>\n<p>&nbsp;<\/p>\n<p class=\"p1\"><em><strong>Por: Luc\u00eda P. de Garc\u00eda<\/strong><\/em><\/p>\n<p class=\"p1\"><em><strong>Toronto.-<\/strong><\/em> El dirigente religioso de mayor prestigio entre la poblaci\u00f3n afroamericana de Estados Unidos y uno de los m\u00e1s grandes pacifistas de la historia del mundo en los \u00faltimos tiempos, Martin Luther King, naci\u00f3 el 15 de enero de 1929 en Atlanta, Georgia. Su ni\u00f1ez estuvo marcada por terror\u00edficos relatos sobre cruces quemadas por encapuchados de t\u00fanicas blancas que arremet\u00edan contra los suyos. Era el temido Ku Klux Klan, sus siglas KKK, grupo supremacista de extrema derecha que se origin\u00f3 en 1865 con j\u00f3venes que se divert\u00edan disfrazados de fantasmas, asustando a la poblaci\u00f3n en recorridos nocturnos por su pueblo, Pulaski.<span class=\"Apple-converted-space\">\u00a0<\/span><\/p>\n<p class=\"p1\">Despu\u00e9s de la Guerra Civil el KKK empez\u00f3 a perseguir a los esclavos negros reci\u00e9n liberados linch\u00e1ndoles, violando a las mujeres, robando, incendiando casas. Con el tiempo el KKK creci\u00f3 al igual que sus atrocidades, que las ampli\u00f3 contra jud\u00edos, cat\u00f3licos, comunistas, inmigrantes. El joven King se angusti\u00f3 al ver que el KKK se robustec\u00eda, busc\u00f3 alivio en el Evangelio y en 1954 se convirti\u00f3 en pastor baptista. Al revisar la vida de Mahatma Ghandi, l\u00edder independista de India, encontr\u00f3 que el amor, la tolerancia y la paz son las herramientas m\u00e1s efectivas para combatir el odio. Luego de fundar la \u201cConferencia Dirigente Cristiana del Sur\u201d, como pastor inici\u00f3 la resistencia pasiva como m\u00e9todo para luchar contra la discriminaci\u00f3n racial.<span class=\"Apple-converted-space\">\u00a0<\/span><\/p>\n<p class=\"p1\">\u00c9sta dio su primer fruto un a\u00f1o despu\u00e9s, cuando en Montgomery, Alabama, Rosa Parks se neg\u00f3 a pasar al fondo del bus que hab\u00eda tomado, desafiando la norma de las ciudades del Sur que s\u00f3lo admit\u00edan pasajeros negros en la \u00faltima fila de asientos. Tras el incidente King aplic\u00f3 el boicot con m\u00e1s fuerza en el transporte p\u00fablico, hasta lograr que los buses admitieran en igualdad de condiciones pasajeros negros y blancos. La resistencia pasiva destac\u00f3 a\u00fan m\u00e1s la voz negra, que se escuch\u00f3 en escuelas y universidades, esta vez para clamar su derecho al voto.<span class=\"Apple-converted-space\">\u00a0<\/span><\/p>\n<p class=\"p1\">En tanto King continuaba su campa\u00f1a y era nombrado l\u00edder del \u201cCongreso para la Igualdad Racial\u201d, en 1957 el presidente Eisenhower promulg\u00f3 la ley de derechos civiles de la poblaci\u00f3n afroamericana, lo que provoc\u00f3 que el gobernador de Arkansas mandara a la Guardia Nacional para impedir el ingreso de nueve ni\u00f1os de color a la escuela de Little Rock, y que a su vez Eisenhower impusiera su autoridad al enviar tropas federales para proteger a los alumnos.<span class=\"Apple-converted-space\">\u00a0<\/span><\/p>\n<p class=\"p1\">John F. Kennedy lleg\u00f3 a la presidencia en 1961 con la promesa de \u201crenovaci\u00f3n y cambio\u201d y otros beneficios para la poblaci\u00f3n de color, pero el Congreso las fue frenando, lo que dos a\u00f1os m\u00e1s tarde desencaden\u00f3 una reacci\u00f3n furiosa en Alabama. En medio de las tensiones fue asesinado el dirigente negro Edgar Evers y volvieron a verse por doquier las siglas del KKK.<span class=\"Apple-converted-space\">\u00a0<\/span><\/p>\n<p class=\"p1\">Desafiando la amenaza, Martin Luther King convoc\u00f3 a una marcha pac\u00edfica sobre Washington. Se celebr\u00f3 el 28 de agosto de 1963 con la asistencia de m\u00e1s de 250.000 personas negras, blancas, dirigentes de organizaciones no racistas e importantes personajes que exaltaron el Trabajo y la Libertad. Al final del evento King pronunci\u00f3 su famoso discurso \u201cI have a dream\u201d, \u201cTengo un sue\u00f1o\u201d, que estremeci\u00f3 a la multitud y cambi\u00f3 la historia de Estados Unidos.<\/p>\n<p class=\"p1\">Aquel mismo d\u00eda el presidente John F. Kennedy recibi\u00f3 una delegaci\u00f3n de l\u00edderes que le pidieron dar mayor impulso a la pol\u00edtica de igualdad. La buena voluntad del mandatario se trunc\u00f3 en noviembre, ante su magnicidio en Dallas. En 1964 el presidente Lyndon B. Johnson aprob\u00f3 la Ley de Derechos Civiles que alienta la igualdad de oportunidades de empleo y la lucha contra la discriminaci\u00f3n racial. Al siguiente a\u00f1o promulg\u00f3 la Ley de Derechos de Voto, autorizando el empadronamiento de los ciudadanos negros en todos los Estados, facilit\u00e1ndoles as\u00ed el sufragio.<\/p>\n<p class=\"p1\">La resistencia pasiva que exaltaba a King le hizo merecedor del Premio Nobel de la Paz 1964. Portando ese galard\u00f3n continu\u00f3 su labor hasta el 4 de abril de 1968, cuando, estando en Memphis, Tennesee, para encabezar una demostraci\u00f3n pac\u00edfica en defensa del reconocimiento de los derechos civiles de los afrodescendientes, en el balc\u00f3n del hotel en el que se hospedaba un disparo en el cuello acab\u00f3 con su vida.<span class=\"Apple-converted-space\">\u00a0<\/span><\/p>\n<p class=\"p1\">Su muerte desencaden\u00f3 una ola de violencia extrema en todo el pa\u00eds. A la \u201creivindicaci\u00f3n negra\u201d le acompa\u00f1\u00f3 la \u201creivindicaci\u00f3n blanca\u201d de resistencia y represi\u00f3n. El KKK reapareci\u00f3 linchando y asesinando a los defensores de los derechos civiles y colocando bombas en los templos.<span class=\"Apple-converted-space\">\u00a0<\/span><\/p>\n<p class=\"p1\">Los m\u00e9ritos del Pastor de la Paz se impusieron. En 1986 Estados Unidos declar\u00f3 feriado nacional al d\u00eda de su partida a la eternidad. Desde entonces al presente la legislaci\u00f3n norteamericana ha aprobado la proscripci\u00f3n del terrorismo racial y religioso y ha penalizado severamente el hostigamiento a las minor\u00edas. No obstante, el odio del KKK persiste, ya no con encapuchados sino en forma abierta, como supremac\u00eda blanca.<span class=\"Apple-converted-space\">\u00a0<\/span><\/p>\n<p class=\"p1\">Por sobre esa circunstancia prevalece el trascendental discurso de Marin Luther King \u201cTengo un Sue\u00f1o: Aunque enfrentamos las dificultades de hoy y de ma\u00f1ana, todav\u00eda tengo un sue\u00f1o profundamente arraigado en el sue\u00f1o americano. Tengo el sue\u00f1o de que un d\u00eda esta naci\u00f3n se levantar\u00e1 y vivir\u00e1 el verdadero significado del credo. Consideramos que estas verdades son evidentes por s\u00ed mismas: que todos los hombres son creados iguales.\u201d<\/p>\n<p class=\"p2\"><span class=\"Apple-converted-space\">\u00a0\u00a0 \u00a0 \u00a0<\/span><\/p>\n<p class=\"p2\"><span class=\"Apple-converted-space\">\u00a0<\/span><\/p>\n<p class=\"p2\"><span class=\"Apple-converted-space\">\u00a0<\/span><\/p>\n","protected":false},"excerpt":{"rendered":"<p>&nbsp; Por: Luc\u00eda P. de Garc\u00eda Toronto.- El dirigente religioso de mayor prestigio entre la poblaci\u00f3n afroamericana de Estados Unidos y uno de los m\u00e1s&hellip;<\/p>\n","protected":false},"author":99,"featured_media":515375,"comment_status":"open","ping_status":"open","sticky":false,"template":"","format":"standard","meta":{"footnotes":""},"categories":[21],"tags":[],"class_list":["post-515374","post","type-post","status-publish","format-standard","has-post-thumbnail","hentry","category-canada"],"_links":{"self":[{"href":"https:\/\/diarioelpopular.com\/index.php\/wp-json\/wp\/v2\/posts\/515374","targetHints":{"allow":["GET"]}}],"collection":[{"href":"https:\/\/diarioelpopular.com\/index.php\/wp-json\/wp\/v2\/posts"}],"about":[{"href":"https:\/\/diarioelpopular.com\/index.php\/wp-json\/wp\/v2\/types\/post"}],"author":[{"embeddable":true,"href":"https:\/\/diarioelpopular.com\/index.php\/wp-json\/wp\/v2\/users\/99"}],"replies":[{"embeddable":true,"href":"https:\/\/diarioelpopular.com\/index.php\/wp-json\/wp\/v2\/comments?post=515374"}],"version-history":[{"count":1,"href":"https:\/\/diarioelpopular.com\/index.php\/wp-json\/wp\/v2\/posts\/515374\/revisions"}],"predecessor-version":[{"id":515376,"href":"https:\/\/diarioelpopular.com\/index.php\/wp-json\/wp\/v2\/posts\/515374\/revisions\/515376"}],"wp:featuredmedia":[{"embeddable":true,"href":"https:\/\/diarioelpopular.com\/index.php\/wp-json\/wp\/v2\/media\/515375"}],"wp:attachment":[{"href":"https:\/\/diarioelpopular.com\/index.php\/wp-json\/wp\/v2\/media?parent=515374"}],"wp:term":[{"taxonomy":"category","embeddable":true,"href":"https:\/\/diarioelpopular.com\/index.php\/wp-json\/wp\/v2\/categories?post=515374"},{"taxonomy":"post_tag","embeddable":true,"href":"https:\/\/diarioelpopular.com\/index.php\/wp-json\/wp\/v2\/tags?post=515374"}],"curies":[{"name":"wp","href":"https:\/\/api.w.org\/{rel}","templated":true}]}}