{"id":515412,"date":"2024-01-17T10:56:40","date_gmt":"2024-01-17T14:56:40","guid":{"rendered":"https:\/\/diarioelpopular.com\/?p=515412"},"modified":"2024-01-17T10:56:40","modified_gmt":"2024-01-17T14:56:40","slug":"es-una-buena-idea-prohibir-los-telefonos-moviles-en-las-escuelas-los-expertos-opinan","status":"publish","type":"post","link":"https:\/\/diarioelpopular.com\/index.php\/2024\/01\/17\/es-una-buena-idea-prohibir-los-telefonos-moviles-en-las-escuelas-los-expertos-opinan\/","title":{"rendered":"\u00bfEs una buena idea prohibir los tel\u00e9fonos m\u00f3viles en las escuelas? Los expertos opinan"},"content":{"rendered":"<p><img loading=\"lazy\" decoding=\"async\" class=\"alignnone size-custom-big-size wp-image-515413\" src=\"https:\/\/diarioelpopular.com\/wp-content\/uploads\/2024\/01\/Screen-Shot-2024-01-17-at-9.52.38-AM-1200x778.png\" alt=\"\" width=\"1200\" height=\"778\" srcset=\"https:\/\/diarioelpopular.com\/wp-content\/uploads\/2024\/01\/Screen-Shot-2024-01-17-at-9.52.38-AM-1200x778.png 1200w, https:\/\/diarioelpopular.com\/wp-content\/uploads\/2024\/01\/Screen-Shot-2024-01-17-at-9.52.38-AM-300x195.png 300w, https:\/\/diarioelpopular.com\/wp-content\/uploads\/2024\/01\/Screen-Shot-2024-01-17-at-9.52.38-AM-768x498.png 768w, https:\/\/diarioelpopular.com\/wp-content\/uploads\/2024\/01\/Screen-Shot-2024-01-17-at-9.52.38-AM-85x55.png 85w, https:\/\/diarioelpopular.com\/wp-content\/uploads\/2024\/01\/Screen-Shot-2024-01-17-at-9.52.38-AM-636x412.png 636w, https:\/\/diarioelpopular.com\/wp-content\/uploads\/2024\/01\/Screen-Shot-2024-01-17-at-9.52.38-AM-113x73.png 113w, https:\/\/diarioelpopular.com\/wp-content\/uploads\/2024\/01\/Screen-Shot-2024-01-17-at-9.52.38-AM.png 1024w\" sizes=\"auto, (max-width: 1200px) 100vw, 1200px\" \/><\/p>\n<p>&nbsp;<\/p>\n<p>&nbsp;<\/p>\n<ul>\n<li><em><strong>Quebec se une a Ontario como la \u00faltima provincia en prohibir los tel\u00e9fonos en clase<\/strong><\/em><\/li>\n<\/ul>\n<p>\u00bfEs una buena idea prohibir los tel\u00e9fonos m\u00f3viles en clase? Esa es la pregunta que se hacen padres, maestros y estudiantes mientras varias provincias implementan y revisan restricciones a los tel\u00e9fonos celulares.<\/p>\n<p>Despu\u00e9s de las vacaciones, los estudiantes de Quebec regresaron a la escuela con una prohibici\u00f3n total de usar tel\u00e9fonos celulares.<\/p>\n<p>En diciembre de 2023, la Junta Escolar del Distrito de Toronto vot\u00f3 a favor de revisar su prohibici\u00f3n actual.<\/p>\n<p>Muchos estudiantes quieren tener acceso a sus tel\u00e9fonos en clase.<\/p>\n<p>Mientras tanto, algunos profesores dicen que est\u00e1n frustrados por la aplicaci\u00f3n de la ley.<\/p>\n<p>\u00bfPero qu\u00e9 dice la ciencia?<\/p>\n<p>Los expertos dicen que los hallazgos preliminares muestran que las prohibiciones podr\u00edan ser buenas para el rendimiento acad\u00e9mico y el clima escolar, pero advierten que las restricciones deben desarrollarse e implementarse con cuidado.<\/p>\n<p><em><strong>\u00bfC\u00f3mo afectan los tel\u00e9fonos m\u00f3viles en clase a los ni\u00f1os y adolescentes?<\/strong><\/em><br \/>\nSachin Maharaj pas\u00f3 m\u00e1s de una d\u00e9cada como profesor de secundaria en Ontario y ahora es profesor asistente de liderazgo educativo, pol\u00edticas y evaluaci\u00f3n de programas en la Universidad de Ottawa.<\/p>\n<p>Ha escrito extensamente sobre la prohibici\u00f3n de tel\u00e9fonos m\u00f3viles en las aulas.<\/p>\n<p>Dijo que el uso de tel\u00e9fonos celulares se ha vuelto m\u00e1s com\u00fan entre ni\u00f1os y adolescentes en los \u00faltimos 10 a\u00f1os.<\/p>\n<p>En ese mismo per\u00edodo, el rendimiento acad\u00e9mico y el bienestar mental han disminuido.<\/p>\n<p>&#8220;En Canad\u00e1 y otros pa\u00edses desarrollados, las puntuaciones en lectura, matem\u00e1ticas y ciencias est\u00e1n en constante descenso&#8221;, dijo Maharaj.<\/p>\n<p>&#8220;Cuando [los cient\u00edficos] analizan lo que contribuye a esto, el uso de tel\u00e9fonos y tecnolog\u00eda digital es un factor importante&#8221;.<\/p>\n<p>Cris Rowan, terapeuta ocupacional con sede en British Columbia, agreg\u00f3 que el uso del tel\u00e9fono est\u00e1 afectando el desarrollo cerebral de los ni\u00f1os y su concentraci\u00f3n en clase.<\/p>\n<p>&#8220;Las investigaciones muestran que las calificaciones est\u00e1n directamente relacionadas con la cantidad de veces que abres un texto&#8230; Incluso tener ese tel\u00e9fono en el escritorio afecta enormemente a los ni\u00f1os&#8221;.<\/p>\n<p>Ambos expertos dicen que los tel\u00e9fonos m\u00f3viles en clase tambi\u00e9n probablemente contribuyan a una disminuci\u00f3n continua de la salud mental de ni\u00f1os y adolescentes.<\/p>\n<p>Los expertos tambi\u00e9n dicen que los tel\u00e9fonos m\u00f3viles en clase tienen un impacto negativo al aumentar las oportunidades de ciberacoso.<\/p>\n<p><em><strong>\u00bfEs una prohibici\u00f3n la respuesta?<\/strong><\/em><br \/>\nMaharaj dijo que prohibir los tel\u00e9fonos m\u00f3viles en las aulas tiene ventajas y desventajas.<\/p>\n<p>Por ejemplo, los estudiantes no pueden comunicarse tan f\u00e1cilmente con sus padres o con trabajos de medio tiempo.<\/p>\n<p>Los estudiantes tampoco pueden usar sus dispositivos como herramientas de aprendizaje.<\/p>\n<p>De hecho, un informe reciente de la Organizaci\u00f3n de las Naciones Unidas para la Educaci\u00f3n, la Ciencia y la Cultura dice que proteger a los ni\u00f1os de la tecnolog\u00eda podr\u00eda dejarlos atr\u00e1s.<\/p>\n<p>Aunque la investigaci\u00f3n sobre la prohibici\u00f3n de los tel\u00e9fonos celulares a\u00fan es limitada, Maharaj dijo que los hallazgos preliminares sugieren que las ventajas a\u00fan pueden superar a las desventajas.<\/p>\n<p>De hecho, estudios recientes realizados en Espa\u00f1a, Noruega y B\u00e9lgica informan que la prohibici\u00f3n de los tel\u00e9fonos m\u00f3viles ha tenido un efecto positivo en el rendimiento acad\u00e9mico.<\/p>\n<p>\u201cLos profesores informan que los ni\u00f1os se distraen mucho menos y el clima social mejora. Los ni\u00f1os interact\u00faan m\u00e1s entre s\u00ed en lugar de estar en sus dispositivos\u201d, dijo Maharaj.<\/p>\n<p>Sin embargo, advirti\u00f3 que es esencial que cualquier escuela o provincia que considere prohibir los tel\u00e9fonos celulares consulte primero con sus comunidades y trabaje con ellas para crear un plan de acci\u00f3n.<\/p>\n<p>\u201cSi los padres y las comunidades no est\u00e1n de acuerdo, \u00bfpor qu\u00e9 lo estar\u00edan los estudiantes?\u201d \u00e9l dijo.<\/p>\n<p><em><strong>\u00bfPor qu\u00e9 no ense\u00f1ar a los ni\u00f1os a moderar el uso del tel\u00e9fono?<\/strong><\/em><br \/>\nAlgunos dicen que los profesores deber\u00edan ense\u00f1ar a sus alumnos a utilizar sus tel\u00e9fonos m\u00f3viles en clase de forma responsable en lugar de prohibirlos por completo.<\/p>\n<p>Seg\u00fan Maharaj, los educadores han probado este enfoque, con poco \u00e9xito.<\/p>\n<p>\u201cParte de la raz\u00f3n de esto es que las aplicaciones de redes sociales no est\u00e1n dise\u00f1adas para usarse con moderaci\u00f3n o responsablemente. Est\u00e1n dise\u00f1ados para ser lo m\u00e1s adictivos posible\u201d, dijo.<\/p>\n<p>&#8220;Hace que sea muy dif\u00edcil para los profesores, y especialmente para los ni\u00f1os, competir con eso&#8221;.<\/p>\n<p><em><strong>Las prohibiciones no son una soluci\u00f3n total<\/strong><\/em><br \/>\nMaharaj dijo que lo entiende: cuando los adultos en la vida de los ni\u00f1os no tienen restricciones en el uso del tel\u00e9fono y son igual de adictos, la prohibici\u00f3n de los tel\u00e9fonos celulares parece injusta.<\/p>\n<p>&#8220;Las prohibiciones tampoco son una soluci\u00f3n completa para todas las tendencias que estamos viendo&#8221;, afirm\u00f3.<\/p>\n<p>Dicho esto, Maharaj dijo que, en \u00faltima instancia, los apoya.<\/p>\n<p>En un informe de 2017, Larry Rosen, un psic\u00f3logo investigador de California que se especializa en tecnolog\u00eda, dijo que quitar los tel\u00e9fonos celulares sin un plan de transici\u00f3n para los ni\u00f1os no es suficiente.<\/p>\n<p>Hacerlo puede generar ansiedad en los ni\u00f1os, lo que tambi\u00e9n puede afectar el aprendizaje. Cuando se implementen prohibiciones, dijo, los educadores deben ense\u00f1ar a los ni\u00f1os c\u00f3mo combatir esa ansiedad y desarrollar estrategias para sobrevivir sin sus tel\u00e9fonos.<\/p>\n","protected":false},"excerpt":{"rendered":"<p>&nbsp; &nbsp; Quebec se une a Ontario como la \u00faltima provincia en prohibir los tel\u00e9fonos en clase \u00bfEs una buena idea prohibir los tel\u00e9fonos m\u00f3viles&hellip;<\/p>\n","protected":false},"author":99,"featured_media":515413,"comment_status":"open","ping_status":"open","sticky":false,"template":"","format":"standard","meta":{"footnotes":""},"categories":[21],"tags":[],"class_list":["post-515412","post","type-post","status-publish","format-standard","has-post-thumbnail","hentry","category-canada"],"_links":{"self":[{"href":"https:\/\/diarioelpopular.com\/index.php\/wp-json\/wp\/v2\/posts\/515412","targetHints":{"allow":["GET"]}}],"collection":[{"href":"https:\/\/diarioelpopular.com\/index.php\/wp-json\/wp\/v2\/posts"}],"about":[{"href":"https:\/\/diarioelpopular.com\/index.php\/wp-json\/wp\/v2\/types\/post"}],"author":[{"embeddable":true,"href":"https:\/\/diarioelpopular.com\/index.php\/wp-json\/wp\/v2\/users\/99"}],"replies":[{"embeddable":true,"href":"https:\/\/diarioelpopular.com\/index.php\/wp-json\/wp\/v2\/comments?post=515412"}],"version-history":[{"count":1,"href":"https:\/\/diarioelpopular.com\/index.php\/wp-json\/wp\/v2\/posts\/515412\/revisions"}],"predecessor-version":[{"id":515414,"href":"https:\/\/diarioelpopular.com\/index.php\/wp-json\/wp\/v2\/posts\/515412\/revisions\/515414"}],"wp:featuredmedia":[{"embeddable":true,"href":"https:\/\/diarioelpopular.com\/index.php\/wp-json\/wp\/v2\/media\/515413"}],"wp:attachment":[{"href":"https:\/\/diarioelpopular.com\/index.php\/wp-json\/wp\/v2\/media?parent=515412"}],"wp:term":[{"taxonomy":"category","embeddable":true,"href":"https:\/\/diarioelpopular.com\/index.php\/wp-json\/wp\/v2\/categories?post=515412"},{"taxonomy":"post_tag","embeddable":true,"href":"https:\/\/diarioelpopular.com\/index.php\/wp-json\/wp\/v2\/tags?post=515412"}],"curies":[{"name":"wp","href":"https:\/\/api.w.org\/{rel}","templated":true}]}}