{"id":515450,"date":"2024-01-18T11:45:32","date_gmt":"2024-01-18T15:45:32","guid":{"rendered":"https:\/\/diarioelpopular.com\/?p=515450"},"modified":"2024-01-18T11:45:32","modified_gmt":"2024-01-18T15:45:32","slug":"por-que-iran-ataco-objetivos-en-3-paises-en-una-semana-y-que-implicaciones-tiene-en-la-crisis-en-medio-oriente","status":"publish","type":"post","link":"https:\/\/diarioelpopular.com\/index.php\/2024\/01\/18\/por-que-iran-ataco-objetivos-en-3-paises-en-una-semana-y-que-implicaciones-tiene-en-la-crisis-en-medio-oriente\/","title":{"rendered":"Por qu\u00e9 Ir\u00e1n atac\u00f3 objetivos en 3 pa\u00edses en una semana (y qu\u00e9 implicaciones tiene en la crisis en Medio Oriente)"},"content":{"rendered":"<p><img loading=\"lazy\" decoding=\"async\" class=\"alignnone size-custom-big-size wp-image-515451\" src=\"https:\/\/diarioelpopular.com\/wp-content\/uploads\/2024\/01\/Screen-Shot-2024-01-18-at-10.44.51-AM-1200x676.png\" alt=\"\" width=\"1200\" height=\"676\" srcset=\"https:\/\/diarioelpopular.com\/wp-content\/uploads\/2024\/01\/Screen-Shot-2024-01-18-at-10.44.51-AM-1200x676.png 1200w, https:\/\/diarioelpopular.com\/wp-content\/uploads\/2024\/01\/Screen-Shot-2024-01-18-at-10.44.51-AM-300x169.png 300w, https:\/\/diarioelpopular.com\/wp-content\/uploads\/2024\/01\/Screen-Shot-2024-01-18-at-10.44.51-AM-768x433.png 768w, https:\/\/diarioelpopular.com\/wp-content\/uploads\/2024\/01\/Screen-Shot-2024-01-18-at-10.44.51-AM-636x358.png 636w, https:\/\/diarioelpopular.com\/wp-content\/uploads\/2024\/01\/Screen-Shot-2024-01-18-at-10.44.51-AM-130x73.png 130w, https:\/\/diarioelpopular.com\/wp-content\/uploads\/2024\/01\/Screen-Shot-2024-01-18-at-10.44.51-AM.png 1024w\" sizes=\"auto, (max-width: 1200px) 100vw, 1200px\" \/><\/p>\n<h5><em>Los misiles iran\u00edes, vistos aqu\u00ed durante un ejercicio militar, golpearon Pakist\u00e1n, Irak y Siria en d\u00edas recientes.<\/em><\/h5>\n<p>&nbsp;<\/p>\n<p>&nbsp;<\/p>\n<div class=\"bbc-19j92fr ebmt73l0\" dir=\"ltr\">\n<ul>\n<li class=\"bbc-hhl7in e17g058b0\" dir=\"ltr\"><em><b>La tensi\u00f3n en Medio Oriente crece en m\u00faltiples frentes.<\/b><\/em><\/li>\n<\/ul>\n<\/div>\n<div class=\"bbc-19j92fr ebmt73l0\" dir=\"ltr\">\n<p dir=\"ltr\">\n<p class=\"bbc-hhl7in e17g058b0\" dir=\"ltr\">Despu\u00e9s de que en la misma semana Ir\u00e1n atacara objetivos en Irak, Siria y Pakist\u00e1n, este \u00faltimo pa\u00eds respondi\u00f3 este jueves lanzando misiles contra &#8220;escondites terroristas&#8221; dentro de territorio iran\u00ed, en la provincia fronteriza de Sist\u00e1n y Baluchist\u00e1n.<\/p>\n<\/div>\n<div class=\"bbc-19j92fr ebmt73l0\" dir=\"ltr\">\n<p class=\"bbc-hhl7in e17g058b0\" dir=\"ltr\">Seg\u00fan la televisi\u00f3n estatal iran\u00ed, tres mujeres y cuatro ni\u00f1os murieron en el ataque.<\/p>\n<\/div>\n<div class=\"bbc-19j92fr ebmt73l0\" dir=\"ltr\">\n<p class=\"bbc-hhl7in e17g058b0\" dir=\"ltr\">La acci\u00f3n pakistan\u00ed se produce un d\u00eda despu\u00e9s de que Ir\u00e1n atacara localizaciones vinculadas al grupo militante Jaish al Adl en la provincia de Baluchist\u00e1n, en el occidente de Pakist\u00e1n.<\/p>\n<\/div>\n<section class=\"bbc-geybui\" role=\"region\" aria-label=\"Publicidad 2\" aria-hidden=\"true\" data-e2e=\"advertisement\"><\/section>\n<div class=\"bbc-19j92fr ebmt73l0\" dir=\"ltr\">\n<p class=\"bbc-hhl7in e17g058b0\" dir=\"ltr\">Dos ni\u00f1os murieron y tres resultaron heridos, seg\u00fan funcionarios pakistan\u00edes.<\/p>\n<\/div>\n<div class=\"bbc-1n4f7vm ebmt73l0\" dir=\"ltr\"><\/div>\n<div class=\"bbc-19j92fr ebmt73l0\" dir=\"ltr\">\n<p class=\"bbc-hhl7in e17g058b0\" dir=\"ltr\">El gobierno de Islamabad consider\u00f3 la operaci\u00f3n a\u00e9rea iran\u00ed como un \u201cacto ilegal\u201d y advirti\u00f3 que podr\u00eda conducir a \u201cgraves consecuencias\u201d.<\/p>\n<\/div>\n<div class=\"bbc-19j92fr ebmt73l0\" dir=\"ltr\">\n<p class=\"bbc-hhl7in e17g058b0\" dir=\"ltr\">Adem\u00e1s, dijo haber retirado a su embajador en Ir\u00e1n y que por el momento no autorizar\u00eda al embajador iran\u00ed a regresar al pa\u00eds.<\/p>\n<\/div>\n<div class=\"bbc-19j92fr ebmt73l0\" dir=\"ltr\">\n<p class=\"bbc-hhl7in e17g058b0\" dir=\"ltr\">Este intercambio de ataques entre Pakist\u00e1n e Ir\u00e1n se produce en medio de una tensi\u00f3n creciente en la regi\u00f3n.<\/p>\n<\/div>\n<div class=\"bbc-19j92fr ebmt73l0\" dir=\"ltr\">\n<p class=\"bbc-hhl7in e17g058b0\" dir=\"ltr\">Israel y el grupo militante palestino Ham\u00e1s llevan m\u00e1s de 100 d\u00edas peleando una guerra sin precedentes, mientras fuerzas estadounidenses y brit\u00e1nicas coordinan ataques a\u00e9reos contra posiciones hut\u00edes en Yemen, luego de que estas milicias rebeldes hut\u00edes apoyadas por Ir\u00e1n atacaran buques comerciales en el Mar Rojo.<\/p>\n<\/div>\n<div class=\"bbc-19j92fr ebmt73l0\" dir=\"ltr\">\n<p class=\"bbc-hhl7in e17g058b0\" dir=\"ltr\">Pero, \u00bfqu\u00e9 hay detr\u00e1s de la ola de ataques iran\u00edes? \u00bfY c\u00f3mo estas operaciones y la respuesta de Pakist\u00e1n afectan a las tensiones de Medio Oriente?<\/p>\n<p dir=\"ltr\">\n<\/div>\n<figure class=\"bbc-1qn0xuy\">\n<div class=\"bbc-18qcclp\"><picture><img loading=\"lazy\" decoding=\"async\" class=\"bbc-1uwua2r\" src=\"https:\/\/ichef.bbci.co.uk\/news\/640\/cpsprodpb\/7299\/live\/56ae6d30-b535-11ee-9eae-7f4b1b241920.jpg\" sizes=\"auto, (min-width: 1008px) 760px, 100vw\" srcset=\"https:\/\/ichef.bbci.co.uk\/news\/240\/cpsprodpb\/7299\/live\/56ae6d30-b535-11ee-9eae-7f4b1b241920.jpg 240w, https:\/\/ichef.bbci.co.uk\/news\/320\/cpsprodpb\/7299\/live\/56ae6d30-b535-11ee-9eae-7f4b1b241920.jpg 320w, https:\/\/ichef.bbci.co.uk\/news\/480\/cpsprodpb\/7299\/live\/56ae6d30-b535-11ee-9eae-7f4b1b241920.jpg 480w, https:\/\/ichef.bbci.co.uk\/news\/624\/cpsprodpb\/7299\/live\/56ae6d30-b535-11ee-9eae-7f4b1b241920.jpg 624w, https:\/\/ichef.bbci.co.uk\/news\/800\/cpsprodpb\/7299\/live\/56ae6d30-b535-11ee-9eae-7f4b1b241920.jpg 800w\" alt=\"Un yemen\u00ed mira el discurso de un militar hut\u00ed en televisi\u00f3n sobre el ataque al barco Zografia en el Mar Rojo este 16 de enero.     \" width=\"1024\" height=\"576\" \/><\/picture><\/div><figcaption class=\"bbc-1jsyunq e6i104o0\" dir=\"ltr\">\n<h5><em>Las operaciones de Reino Unido y Estados Unidos sobre objetivos hut\u00edes en Yemen tras ataques de este grupo rebelde a barcos comerciales en el Mar Rojo abri\u00f3 un nuevo frente en la tensi\u00f3n de la regi\u00f3n.<\/em><\/h5>\n<\/figcaption><\/figure>\n<div class=\"bbc-19j92fr ebmt73l0\" dir=\"ltr\">\n<h2 tabindex=\"-1\"><\/h2>\n<h2 tabindex=\"-1\"><\/h2>\n<h2 id=\"C\u00f3mo-justific\u00f3-Ir\u00e1n-los-ataques\" class=\"bbc-1f03ibc eglt09e0\" tabindex=\"-1\">\u00bfC\u00f3mo justific\u00f3 Ir\u00e1n los ataques?<\/h2>\n<\/div>\n<div class=\"bbc-19j92fr ebmt73l0\" dir=\"ltr\">\n<p class=\"bbc-hhl7in e17g058b0\" dir=\"ltr\">Las acciones de Ir\u00e1n en Pakist\u00e1n se dirigieron contra un pueblo en la vasta provincia fronteriza de Baluchist\u00e1n, en el suroccidente del pa\u00eds.<\/p>\n<\/div>\n<div class=\"bbc-19j92fr ebmt73l0\" dir=\"ltr\">\n<p class=\"bbc-hhl7in e17g058b0\" dir=\"ltr\">Teher\u00e1n dijo que su objetivo era Jaish al Adl, o \u201cej\u00e9rcito de la justicia\u201d, un grupo sunita \u00e9tnico baluche que ha organizado ataques en Ir\u00e1n y contra fuerzas gubernamentales pakistan\u00edes.<\/p>\n<\/div>\n<div class=\"bbc-19j92fr ebmt73l0\" dir=\"ltr\">\n<p class=\"bbc-hhl7in e17g058b0\" dir=\"ltr\">Antes, el lunes,\u00a0Ir\u00e1n lanz\u00f3 misiles bal\u00edsticos contra objetivos en Irak\u00a0en la ciudad norte\u00f1a de Irbil, provocando condenas de Estados Unidos.<\/p>\n<\/div>\n<div class=\"bbc-19j92fr ebmt73l0\" dir=\"ltr\">\n<p class=\"bbc-hhl7in e17g058b0\" dir=\"ltr\">Este pa\u00eds mantiene 2.500 militares en Irak, incluyendo Irbil, como parte de una coalici\u00f3n junto a fuerzas locales que pretende evitar el resurgimiento de Estado Isl\u00e1mico.<\/p>\n<\/div>\n<div class=\"bbc-19j92fr ebmt73l0\" dir=\"ltr\">\n<p class=\"bbc-hhl7in e17g058b0\" dir=\"ltr\">La Guardia Revolucionaria de Ir\u00e1n\u00a0dijo que golpearon lo que ellos reclaman como\u00a0una \u201csede esp\u00eda\u201d israel\u00ed\u00a0en la regi\u00f3n semiaut\u00f3noma del Kurdist\u00e1n en Irak. Cuatro civiles murieron y otros seis fueron heridos en el ataque, seg\u00fan autoridades locales.<\/p>\n<\/div>\n<div class=\"bbc-19j92fr ebmt73l0\" dir=\"ltr\">\n<p class=\"bbc-hhl7in e17g058b0\" dir=\"ltr\">Luego,\u00a0Ir\u00e1n atac\u00f3 objetivos en Siria, en la provincia noroccidental de Idlib, el cual es el \u00faltimo basti\u00f3n opositor en el pa\u00eds fuera de control del gobierno sirio. Aqu\u00ed viven 2,9 millones de desplazados, muchos en condiciones paup\u00e9rrimas en campos de refugiados.<\/p>\n<\/div>\n<div class=\"bbc-19j92fr ebmt73l0\" dir=\"ltr\">\n<p class=\"bbc-hhl7in e17g058b0\" dir=\"ltr\">Este reducto apoy\u00f3 la revoluci\u00f3n de 2011 contra el presidente Bashar al Assad, el cual consigui\u00f3 mantenerse en el poder con el apoyo de Rusia e Ir\u00e1n.<\/p>\n<\/div>\n<div class=\"bbc-19j92fr ebmt73l0\" dir=\"ltr\">\n<p class=\"bbc-hhl7in e17g058b0\" dir=\"ltr\">El grupo islamista Hayat Tahrir al Sharm es el principal en control de Idlib, aunque Estado Isl\u00e1mico y al Qaeda tambi\u00e9n est\u00e1n presentes.<\/p>\n<\/div>\n<div class=\"bbc-19j92fr ebmt73l0\" dir=\"ltr\">\n<p class=\"bbc-hhl7in e17g058b0\" dir=\"ltr\">En este caso, la Guardia Revolucionaria de Ir\u00e1n dijo que los ataques en Siria fueron en respuesta a\u00a0una explosi\u00f3n suicida que acab\u00f3 con 84 personas a comienzos de enero, cuando las masas recordaban el cuarto aniversario del asesinato del general iran\u00ed Qasem Soleimani a manos de Estados Unidos.<\/p>\n<p dir=\"ltr\">\n<\/div>\n<figure class=\"bbc-1qn0xuy\">\n<div class=\"bbc-18qcclp\"><picture><img loading=\"lazy\" decoding=\"async\" class=\"bbc-1uwua2r\" src=\"https:\/\/ichef.bbci.co.uk\/news\/640\/cpsprodpb\/2908\/live\/002f9090-b537-11ee-bc2f-cb5579b90709.jpg\" sizes=\"auto, (min-width: 1008px) 760px, 100vw\" srcset=\"https:\/\/ichef.bbci.co.uk\/news\/240\/cpsprodpb\/2908\/live\/002f9090-b537-11ee-bc2f-cb5579b90709.jpg 240w, https:\/\/ichef.bbci.co.uk\/news\/320\/cpsprodpb\/2908\/live\/002f9090-b537-11ee-bc2f-cb5579b90709.jpg 320w, https:\/\/ichef.bbci.co.uk\/news\/480\/cpsprodpb\/2908\/live\/002f9090-b537-11ee-bc2f-cb5579b90709.jpg 480w, https:\/\/ichef.bbci.co.uk\/news\/624\/cpsprodpb\/2908\/live\/002f9090-b537-11ee-bc2f-cb5579b90709.jpg 624w, https:\/\/ichef.bbci.co.uk\/news\/800\/cpsprodpb\/2908\/live\/002f9090-b537-11ee-bc2f-cb5579b90709.jpg 800w\" alt=\"Personas lloran sobre los ata\u00fades de v\u00edctimas del ataque suicida durante el aniversario de la muerte de Qasem Soleimani en Ir\u00e1n.\" width=\"1024\" height=\"683\" \/><\/picture><\/div><figcaption class=\"bbc-1jsyunq e6i104o0\" dir=\"ltr\">\n<h5><em>Personas lloran sobre los ata\u00fades de v\u00edctimas del ataque suicida durante el aniversario de la muerte de Qasem Soleimani en Ir\u00e1n.<\/em><\/h5>\n<\/figcaption><\/figure>\n<div class=\"bbc-19j92fr ebmt73l0\" dir=\"ltr\">\n<h2 tabindex=\"-1\"><\/h2>\n<h2 tabindex=\"-1\"><\/h2>\n<h2 id=\"C\u00f3mo-afectan-los-ataques-de-Ir\u00e1n-y-la-respuesta-de-Pakist\u00e1n-a-las-tensiones-de-Medio-Oriente\" class=\"bbc-1f03ibc eglt09e0\" tabindex=\"-1\">\u00bfC\u00f3mo afectan los ataques de Ir\u00e1n y la respuesta de Pakist\u00e1n a las tensiones de Medio Oriente?<\/h2>\n<\/div>\n<div class=\"bbc-19j92fr ebmt73l0\" dir=\"ltr\">\n<p class=\"bbc-hhl7in e17g058b0\" dir=\"ltr\">Analistas dicen que la respuesta de Pakist\u00e1n a las acciones de Ir\u00e1n no sorprenden y se equiparan a la versi\u00f3n iran\u00ed de que son ataques espec\u00edficos contra grupos insurgentes.<\/p>\n<\/div>\n<div class=\"bbc-19j92fr ebmt73l0\" dir=\"ltr\">\n<p class=\"bbc-hhl7in e17g058b0\" dir=\"ltr\">&#8220;La respuesta de Pakist\u00e1n eleva el riesgo de escalada pero tambi\u00e9n supone una oportunidad para dar marcha atr\u00e1s en el abismo. En efecto, ambos bandos est\u00e1n ahora empatados&#8221;, dice Michael Kugelman, director para el Sur de Asia del Wilson Centre.<\/p>\n<\/div>\n<div class=\"bbc-19j92fr ebmt73l0\" dir=\"ltr\">\n<p class=\"bbc-hhl7in e17g058b0\" dir=\"ltr\">Teher\u00e1n dice que no quiere involucrarse en un conflicto mayor, aunque grupos militantes de su llamado\u00a0&#8220;eje de resistencia&#8221;, el cual incluye a\u00a0militantes hut\u00edes\u00a0en Yemen,\u00a0Hezbol\u00e1\u00a0en L\u00edbano y varios grupos en Siria e Irak, han atacado a Israel y sus aliados para mostrar solidaridad con los palestinos.<\/p>\n<\/div>\n<div class=\"bbc-19j92fr ebmt73l0\" dir=\"ltr\">\n<p class=\"bbc-hhl7in e17g058b0\" dir=\"ltr\">En estos momentos, Ir\u00e1n est\u00e1 interesada en mostrar fortaleza y demostrar a su propia poblaci\u00f3n que actos de violencia como el reciente ataque suicida durante el memorial a Soleimani no se quedar\u00e1n sin castigo.<\/p>\n<\/div>\n<div class=\"bbc-19j92fr ebmt73l0\" dir=\"ltr\">\n<p class=\"bbc-hhl7in e17g058b0\" dir=\"ltr\">Jiyar Gol, periodista del servicio persa de la BBC, dice que la Guardia Isl\u00e1mica Revolucionaria de Ir\u00e1n ha fortalecido su posici\u00f3n como poder regional en a\u00f1os recientes.<\/p>\n<\/div>\n<div class=\"bbc-19j92fr ebmt73l0\" dir=\"ltr\">\n<p class=\"bbc-hhl7in e17g058b0\" dir=\"ltr\">Para el periodista, el ataque de Irbil pareci\u00f3 indicar que la Guardia Isl\u00e1mica Revolucionaria no s\u00f3lo puede llevar a cabo ataques de precisi\u00f3n, sino tambi\u00e9n que tiene la capacidad de atacar instalaciones militares cerca del aeropuerto internacional de esa ciudad iraqu\u00ed,\u00a0donde est\u00e1n estacionadas las fuerzas estadounidenses y otras fuerzas extranjeras.<\/p>\n<\/div>\n<div class=\"bbc-19j92fr ebmt73l0\" dir=\"ltr\">\n<p class=\"bbc-hhl7in e17g058b0\" dir=\"ltr\">Por su parte, la ofensiva contra la provincia noroccidental siria de Idlib, tendr\u00eda un mensaje para otro destinatario:<\/p>\n<\/div>\n<div class=\"bbc-19j92fr ebmt73l0\" dir=\"ltr\">\n<p class=\"bbc-hhl7in e17g058b0\" dir=\"ltr\">&#8220;La elecci\u00f3n del tipo de misil y el lugar de lanzamiento sugieren que Ir\u00e1n quiere transmitir al mundo su capacidad de llegar a varios lugares de Israel, que limita con Siria&#8221;, concluy\u00f3 Gol.<\/p>\n<\/div>\n<div class=\"bbc-19j92fr ebmt73l0\" dir=\"ltr\">\n<h2 id=\"Cu\u00e1l-fue-la-reacci\u00f3n-a-los-ataques-de-Ir\u00e1n\" class=\"bbc-1f03ibc eglt09e0\" tabindex=\"-1\">\u00bfCu\u00e1l fue la reacci\u00f3n a los ataques de Ir\u00e1n?<\/h2>\n<\/div>\n<figure class=\"bbc-1qn0xuy\">\n<div class=\"bbc-18qcclp\"><picture><img loading=\"lazy\" decoding=\"async\" class=\"bbc-1uwua2r\" src=\"https:\/\/ichef.bbci.co.uk\/news\/640\/cpsprodpb\/9f7a\/live\/21fd7cf0-b53c-11ee-beb5-e1400df560f2.jpg\" sizes=\"auto, (min-width: 1008px) 760px, 100vw\" srcset=\"https:\/\/ichef.bbci.co.uk\/news\/240\/cpsprodpb\/9f7a\/live\/21fd7cf0-b53c-11ee-beb5-e1400df560f2.jpg 240w, https:\/\/ichef.bbci.co.uk\/news\/320\/cpsprodpb\/9f7a\/live\/21fd7cf0-b53c-11ee-beb5-e1400df560f2.jpg 320w, https:\/\/ichef.bbci.co.uk\/news\/480\/cpsprodpb\/9f7a\/live\/21fd7cf0-b53c-11ee-beb5-e1400df560f2.jpg 480w, https:\/\/ichef.bbci.co.uk\/news\/624\/cpsprodpb\/9f7a\/live\/21fd7cf0-b53c-11ee-beb5-e1400df560f2.jpg 624w, https:\/\/ichef.bbci.co.uk\/news\/800\/cpsprodpb\/9f7a\/live\/21fd7cf0-b53c-11ee-beb5-e1400df560f2.jpg 800w\" alt=\"Operativo de seguridad en Pakist\u00e1n en la provincia de Baluchist\u00e1n. \" width=\"5472\" height=\"3648\" \/><\/picture><\/div><figcaption class=\"bbc-1jsyunq e6i104o0\" dir=\"ltr\">\n<h5><em>La seguridad se intensific\u00f3 en la provincia de Baluchist\u00e1n en Pakist\u00e1n tras el ataque iran\u00ed.<\/em><\/h5>\n<\/figcaption><\/figure>\n<div class=\"bbc-19j92fr ebmt73l0\" dir=\"ltr\">\n<p dir=\"ltr\">\n<p dir=\"ltr\">\n<p class=\"bbc-hhl7in e17g058b0\" dir=\"ltr\">Pakist\u00e1n respondi\u00f3 este jueves con ataques basados en &#8220;una inteligencia cre\u00edble sobre inminentes actividades terroristas a gran escala&#8221; y dijo que un n\u00famero de &#8220;terroristas&#8221; murieron.<\/p>\n<\/div>\n<div class=\"bbc-19j92fr ebmt73l0\" dir=\"ltr\">\n<p class=\"bbc-hhl7in e17g058b0\" dir=\"ltr\">El gobierno dice &#8220;respetar la soberan\u00eda e integridad territorial&#8221; de Ir\u00e1n, pero sus acciones el jueves son &#8220;una manifestaci\u00f3n de la determinaci\u00f3n inquebrantable de Pakist\u00e1n de proteger y defender su seguridad nacional contra todas las amenazas&#8221;.<\/p>\n<\/div>\n<div class=\"bbc-19j92fr ebmt73l0\" dir=\"ltr\">\n<p class=\"bbc-hhl7in e17g058b0\" dir=\"ltr\">Pakist\u00e1n conden\u00f3 severamente el ataque iran\u00ed del martes, llam\u00e1ndolo una \u201cviolaci\u00f3n no provocada de su espacio a\u00e9reo&#8221;.<\/p>\n<\/div>\n<div class=\"bbc-19j92fr ebmt73l0\" dir=\"ltr\">\n<p class=\"bbc-hhl7in e17g058b0\" dir=\"ltr\">A\u00f1adi\u00f3 que \u201cera todav\u00eda m\u00e1s preocupante que este acto ilegal ocurri\u00f3 a pesar de las diferentes v\u00edas de comunicaci\u00f3n entre Pakist\u00e1n e Ir\u00e1n\u201d.<\/p>\n<\/div>\n<div class=\"bbc-19j92fr ebmt73l0\" dir=\"ltr\">\n<p class=\"bbc-hhl7in e17g058b0\" dir=\"ltr\">La relaci\u00f3n entre ambos pa\u00edses es delicada, pero cordial.<\/p>\n<\/div>\n<div class=\"bbc-19j92fr ebmt73l0\" dir=\"ltr\">\n<p class=\"bbc-hhl7in e17g058b0\" dir=\"ltr\">El ataque iran\u00ed ocurri\u00f3 el mismo d\u00eda en que el primer ministro de Pakist\u00e1n y el ministro de Exteriores de Ir\u00e1n se reun\u00edan en Davos, mientras que los ej\u00e9rcitos iran\u00edes y pakistan\u00edes realizaron ejercicios militares conjuntos en el Golfo.<\/p>\n<\/div>\n<div class=\"bbc-19j92fr ebmt73l0\" dir=\"ltr\">\n<p class=\"bbc-hhl7in e17g058b0\" dir=\"ltr\">Sin embargo, ambos se han acusado mutuamente de albergar durante a\u00f1os a grupos militantes que llevan a cabo ataques contra el otro en sus zonas fronterizas.<\/p>\n<\/div>\n<div class=\"bbc-19j92fr ebmt73l0\" dir=\"ltr\">\n<p class=\"bbc-hhl7in e17g058b0\" dir=\"ltr\">En 2017, el ministerio de Pakist\u00e1n dijo que un dron iran\u00ed fue derribado porque se encontraba dentro de territorio pakistan\u00ed y en 2014 las fuerzas de seguridad de Ir\u00e1n cruzaron la frontera para perseguir militantes.<\/p>\n<\/div>\n<div class=\"bbc-19j92fr ebmt73l0\" dir=\"ltr\">\n<p class=\"bbc-hhl7in e17g058b0\" dir=\"ltr\">La seguridad a ambos lados de esta frontera de 900 km es una larga preocupaci\u00f3n para ambos gobiernos.<\/p>\n<\/div>\n<div class=\"bbc-19j92fr ebmt73l0\" dir=\"ltr\">\n<p class=\"bbc-hhl7in e17g058b0\" dir=\"ltr\">Teher\u00e1n vincul\u00f3 a Jaish al Adl a ataques del mes pasado cercanos a la frontera que mataron a m\u00e1s de una decena de polic\u00edas iran\u00edes.<\/p>\n<\/div>\n<div class=\"bbc-19j92fr ebmt73l0\" dir=\"ltr\">\n<p class=\"bbc-hhl7in e17g058b0\" dir=\"ltr\">Entonces, el ministro de Interior iran\u00ed, Ahmad Vahidi, dijo que los militantes responsables hab\u00edan entrado al pa\u00eds desde Pakist\u00e1n.<\/p>\n<\/div>\n<div class=\"bbc-19j92fr ebmt73l0\" dir=\"ltr\">\n<p class=\"bbc-hhl7in e17g058b0\" dir=\"ltr\">Este mi\u00e9rcoles,\u00a0China urgi\u00f3 a Pakist\u00e1n e Ir\u00e1n a \u201cevitar acciones que puedan llevar a una escalada de tensiones\u201d.<\/p>\n<\/div>\n<div class=\"bbc-19j92fr ebmt73l0\" dir=\"ltr\">\n<p class=\"bbc-hhl7in e17g058b0\" dir=\"ltr\">Una portavoz del ministerio de Exteriores chino, Mao Ning, a\u00f1adi\u00f3 que Beijing ve\u00eda a los dos pa\u00edses como \u201cvecinos cercanos\u201d.<\/p>\n<\/div>\n<div class=\"bbc-19j92fr ebmt73l0\" dir=\"ltr\">\n<p class=\"bbc-hhl7in e17g058b0\" dir=\"ltr\">Seg\u00fan la oficina del Director de Inteligencia Nacional de EE.UU., Jaish al Adl es el \u201cm\u00e1s activo e influyente\u201d grupo militante sunita operando en Sist\u00e1n-Baluchist\u00e1n.<\/p>\n<\/div>\n","protected":false},"excerpt":{"rendered":"<p>Los misiles iran\u00edes, vistos aqu\u00ed durante un ejercicio militar, golpearon Pakist\u00e1n, Irak y Siria en d\u00edas recientes. &nbsp; &nbsp; La tensi\u00f3n en Medio Oriente crece&hellip;<\/p>\n","protected":false},"author":99,"featured_media":515451,"comment_status":"open","ping_status":"open","sticky":false,"template":"","format":"standard","meta":{"footnotes":""},"categories":[24],"tags":[],"class_list":["post-515450","post","type-post","status-publish","format-standard","has-post-thumbnail","hentry","category-mundo"],"_links":{"self":[{"href":"https:\/\/diarioelpopular.com\/index.php\/wp-json\/wp\/v2\/posts\/515450","targetHints":{"allow":["GET"]}}],"collection":[{"href":"https:\/\/diarioelpopular.com\/index.php\/wp-json\/wp\/v2\/posts"}],"about":[{"href":"https:\/\/diarioelpopular.com\/index.php\/wp-json\/wp\/v2\/types\/post"}],"author":[{"embeddable":true,"href":"https:\/\/diarioelpopular.com\/index.php\/wp-json\/wp\/v2\/users\/99"}],"replies":[{"embeddable":true,"href":"https:\/\/diarioelpopular.com\/index.php\/wp-json\/wp\/v2\/comments?post=515450"}],"version-history":[{"count":1,"href":"https:\/\/diarioelpopular.com\/index.php\/wp-json\/wp\/v2\/posts\/515450\/revisions"}],"predecessor-version":[{"id":515452,"href":"https:\/\/diarioelpopular.com\/index.php\/wp-json\/wp\/v2\/posts\/515450\/revisions\/515452"}],"wp:featuredmedia":[{"embeddable":true,"href":"https:\/\/diarioelpopular.com\/index.php\/wp-json\/wp\/v2\/media\/515451"}],"wp:attachment":[{"href":"https:\/\/diarioelpopular.com\/index.php\/wp-json\/wp\/v2\/media?parent=515450"}],"wp:term":[{"taxonomy":"category","embeddable":true,"href":"https:\/\/diarioelpopular.com\/index.php\/wp-json\/wp\/v2\/categories?post=515450"},{"taxonomy":"post_tag","embeddable":true,"href":"https:\/\/diarioelpopular.com\/index.php\/wp-json\/wp\/v2\/tags?post=515450"}],"curies":[{"name":"wp","href":"https:\/\/api.w.org\/{rel}","templated":true}]}}