{"id":515546,"date":"2024-01-22T13:34:47","date_gmt":"2024-01-22T17:34:47","guid":{"rendered":"https:\/\/diarioelpopular.com\/?p=515546"},"modified":"2024-01-22T13:34:47","modified_gmt":"2024-01-22T17:34:47","slug":"el-limite-de-estudiantes-internacionales-de-canada-ya-esta-aqui-como-funcionara","status":"publish","type":"post","link":"https:\/\/diarioelpopular.com\/index.php\/2024\/01\/22\/el-limite-de-estudiantes-internacionales-de-canada-ya-esta-aqui-como-funcionara\/","title":{"rendered":"El l\u00edmite de estudiantes internacionales de Canad\u00e1 ya est\u00e1 aqu\u00ed. \u00bfC\u00f3mo funcionar\u00e1?"},"content":{"rendered":"<p><img loading=\"lazy\" decoding=\"async\" class=\"alignnone size-custom-full-size wp-image-515547\" src=\"https:\/\/diarioelpopular.com\/wp-content\/uploads\/2024\/01\/Screen-Shot-2024-01-22-at-12.34.13-PM-636x385.png\" alt=\"\" width=\"636\" height=\"385\" srcset=\"https:\/\/diarioelpopular.com\/wp-content\/uploads\/2024\/01\/Screen-Shot-2024-01-22-at-12.34.13-PM-636x385.png 636w, https:\/\/diarioelpopular.com\/wp-content\/uploads\/2024\/01\/Screen-Shot-2024-01-22-at-12.34.13-PM-300x182.png 300w, https:\/\/diarioelpopular.com\/wp-content\/uploads\/2024\/01\/Screen-Shot-2024-01-22-at-12.34.13-PM-768x465.png 768w, https:\/\/diarioelpopular.com\/wp-content\/uploads\/2024\/01\/Screen-Shot-2024-01-22-at-12.34.13-PM-121x73.png 121w, https:\/\/diarioelpopular.com\/wp-content\/uploads\/2024\/01\/Screen-Shot-2024-01-22-at-12.34.13-PM.png 1024w\" sizes=\"auto, (max-width: 636px) 100vw, 636px\" \/><\/p>\n<p>&nbsp;<\/p>\n<p>&nbsp;<\/p>\n<ul>\n<li><em><strong>Canad\u00e1 est\u00e1 imponiendo un l\u00edmite nacional a la admisi\u00f3n de estudiantes internacionales en el pa\u00eds, anunci\u00f3 el lunes el Ministro de Inmigraci\u00f3n, Marc Miller.<\/strong><\/em><\/li>\n<\/ul>\n<p>&nbsp;<\/p>\n<p><em><strong>OTTAWA.-<\/strong><\/em> Miller anunci\u00f3 una serie de otras restricciones mientras hablaba en el retiro del gabinete liberal, que, seg\u00fan dijo, reducir\u00edan la ingesta en un 35 por ciento durante los pr\u00f3ximos dos a\u00f1os. Dijo que las medidas eran temporales y permanecer\u00edan vigentes durante dos a\u00f1os.<\/p>\n<p>\u201cPara mantener un nivel sostenible de residencia temporal en Canad\u00e1, as\u00ed como para garantizar que no haya un mayor crecimiento en el n\u00famero de estudiantes internacionales en Canad\u00e1 para 2024, estamos estableciendo un l\u00edmite de admisi\u00f3n de solicitudes nacionales por un per\u00edodo de dos a\u00f1os para 2024\u201d, dijo.<\/p>\n<p>Miller dijo que para 2024, se espera que el l\u00edmite d\u00e9 como resultado aproximadamente 364.000 permisos de estudio aprobados, una disminuci\u00f3n del 35 por ciento con respecto a 2023.<\/p>\n<p>Miller dijo que el l\u00edmite no se aplicar\u00e1 a los estudiantes en niveles de posgrado, incluidos los estudiantes de maestr\u00eda y doctorado. Tambi\u00e9n estar\u00e1n exentas aquellas personas que buscaban solicitudes de permiso de estudio en los niveles de escuela primaria y secundaria.<\/p>\n<p>Varios ministros federales, incluidos Miller, el ministro de Vivienda, Sean Fraser, y el ministro de Seguridad P\u00fablica, Dominic LeBlanc, hab\u00edan indicado el verano pasado que Ottawa estaba considerando limitar la admisi\u00f3n de estudiantes. Sin embargo, en octubre, Miller hab\u00eda dicho a Global News que imponer un l\u00edmite a la admisi\u00f3n de estudiantes ser\u00eda un paso extremo, similar a hacer una \u201ccirug\u00eda con un martillo\u201d, aunque no descart\u00f3 usar esa medida.<\/p>\n<p>DIFERENTES L\u00cdMITES PARA DIFERENTES PROVINCIAS<br \/>\nAgreg\u00f3 que si bien el tope es nacional, se aplicar\u00e1 de manera diferente en las distintas provincias. Por ejemplo, las provincias que han experimentado \u201cel crecimiento m\u00e1s insostenible\u201d en la admisi\u00f3n de estudiantes internacionales tendr\u00e1n que reducir la admisi\u00f3n de estudiantes m\u00e1s que otras provincias.<\/p>\n<p>&#8220;En aras de la justicia, tambi\u00e9n estamos asignando el espacio m\u00e1ximo por provincia en funci\u00f3n de la poblaci\u00f3n&#8221;, a\u00f1adi\u00f3 Miller, y dijo que &#8220;algunas provincias ver\u00e1n reducciones mucho m\u00e1s significativas&#8221;.<\/p>\n<p>Miller dijo que ya ha tenido \u201cdiscusiones productivas\u201d con los gobiernos de Ontario y Columbia Brit\u00e1nica. Inmigraci\u00f3n, Refugiados y Ciudadan\u00eda de Canad\u00e1 (IRCC) asignar\u00e1 una parte del l\u00edmite a cada provincia y territorio, quienes luego distribuir\u00e1n la asignaci\u00f3n de estudiantes internacionales permitidos entre las instituciones de aprendizaje designadas, un nuevo t\u00e9rmino que efectivamente significa un colegio o universidad que cumple con un conjunto de criterios federales, que se introdujeron para distinguirlos de las universidades que Miller ha descrito como \u201cf\u00e1bricas de cachorros\u201d en lugares como centros comerciales.<\/p>\n<p>A partir de este mismo lunes, los futuros estudiantes que soliciten un permiso de estudio canadiense deber\u00e1n presentar una carta de certificaci\u00f3n de la provincia o territorio correspondiente. El gobierno federal exigir\u00e1 que cada una de las provincias y territorios de Canad\u00e1 establezca un proceso para emitir cartas de certificaci\u00f3n.<\/p>\n<p>Miller dijo a los periodistas el lunes que tomar\u00edan en cuenta las necesidades laborales espec\u00edficas de cada provincia y territorio.<\/p>\n<p>\u201cEn algunas provincias se oir\u00e1 muy claramente que hay algunas escuelas de oficios a las que querr\u00e1n eximir o conceder permisos de trabajo conjunto de posgrado, porque ah\u00ed es donde est\u00e1n algunas de las necesidades, ya sea en enfermer\u00eda o atenci\u00f3n sanitaria o en construcci\u00f3n. Pero lo que les digo es que trabajaremos con ellos para lograrlo\u201d.<\/p>\n<p>\u00bfQU\u00c9 PASA CON LOS PERMISOS DE TRABAJO?<br \/>\nEl gobierno tambi\u00e9n anunci\u00f3 el lunes cambios amplios en el Programa de permiso de trabajo de posgrado, que es el programa que permite a los estudiantes internacionales trabajar en Canad\u00e1 al finalizar sus estudios.<\/p>\n<p>\u201cA partir del 1 de septiembre, los permisos de trabajo de posgrado ya no estar\u00e1n disponibles para modelos de instituciones p\u00fablico-privadas\u201d, dijo Miler.<\/p>\n<p>Agreg\u00f3 que \u201cen las pr\u00f3ximas semanas estaremos anunciando que los permisos de trabajo abiertos solo se permitir\u00e1n y estar\u00e1n disponibles para c\u00f3nyuges de estudiantes internacionales matriculados en programas de maestr\u00eda y doctorado, as\u00ed como en programas profesionales como medicina y derecho\u201d.<\/p>\n<p>&#8220;Los c\u00f3nyuges de estudiantes internacionales matriculados en otros niveles de estudio, incluidos programas universitarios y de pregrado, ya no ser\u00e1n elegibles&#8221;, dijo.<\/p>\n<p>El l\u00edmite en la admisi\u00f3n de estudiantes sigue a una serie de restricciones anunciadas por el gobierno federal el mes pasado, que aproximadamente duplicaron la cantidad de dinero que los estudiantes internacionales deben demostrar que tienen para obtener un permiso de estudio.<\/p>\n<p>Actualmente, un solicitante de Canad\u00e1 debe mostrar al menos $10,000 en su cuenta bancaria para demostrar que puede mantenerse al d\u00eda con el costo de vida en Canad\u00e1. En 2024, esta cantidad se elevar\u00e1 a 20.635 d\u00f3lares. Esta cantidad se sumar\u00eda a la matr\u00edcula que pagan los estudiantes internacionales.<\/p>\n<p>Los estudiantes internacionales que ya se encuentren en Canad\u00e1, as\u00ed como los solicitantes que ya hayan presentado una solicitud de permiso de estudio a partir del 7 de diciembre de 2023, podr\u00e1n trabajar fuera del campus m\u00e1s de 20 horas por semana hasta abril de 2024.<\/p>\n<p>En noviembre, un informe de la economista de RBC Cynthia Leach dec\u00eda que si bien el mercado laboral no sentir\u00e1 las consecuencias en el corto plazo, la tasa actual de inmigraci\u00f3n a Canad\u00e1 no es suficiente para el crecimiento a largo plazo.<\/p>\n<p>\u201cCanad\u00e1 necesita inmigrantes a largo plazo. Incluso la llegada anual de inmigrantes del 1,3% de la poblaci\u00f3n no es suficiente para estabilizar la estructura de edad de la poblaci\u00f3n, para lo cual se necesitar\u00eda alrededor del 2,1%\u201d, se lee en el informe.<\/p>\n<p>El ministro de Vivienda, Sean Fraser, que anteriormente ocup\u00f3 la cartera de inmigraci\u00f3n, dijo que el gobierno federal hab\u00eda estado discutiendo opciones, incluido un l\u00edmite cerca del final de su mandato como ministro de Inmigraci\u00f3n.<\/p>\n<p>&#8220;Preferimos ver si realmente pod\u00edamos trabajar con los jugadores que ten\u00edan la capacidad de abordar estos desaf\u00edos dentro de su jurisdicci\u00f3n en ese momento&#8221;, dijo.<\/p>\n<p>Sin embargo, dijo que los niveles de admisi\u00f3n de estudiantes han experimentado \u201cun crecimiento m\u00e1s all\u00e1 de lo que ciertas comunidades podr\u00edan soportar. Y eso es lo que justific\u00f3 la decisi\u00f3n de utilizar este conjunto particular de medidas (incluido un l\u00edmite) que el Sr. Miller anunci\u00f3 hoy\u201d.<\/p>\n","protected":false},"excerpt":{"rendered":"<p>&nbsp; &nbsp; Canad\u00e1 est\u00e1 imponiendo un l\u00edmite nacional a la admisi\u00f3n de estudiantes internacionales en el pa\u00eds, anunci\u00f3 el lunes el Ministro de Inmigraci\u00f3n, Marc&hellip;<\/p>\n","protected":false},"author":99,"featured_media":515547,"comment_status":"open","ping_status":"open","sticky":false,"template":"","format":"standard","meta":{"footnotes":""},"categories":[21,11191],"tags":[],"class_list":["post-515546","post","type-post","status-publish","format-standard","has-post-thumbnail","hentry","category-canada","category-top-news"],"_links":{"self":[{"href":"https:\/\/diarioelpopular.com\/index.php\/wp-json\/wp\/v2\/posts\/515546","targetHints":{"allow":["GET"]}}],"collection":[{"href":"https:\/\/diarioelpopular.com\/index.php\/wp-json\/wp\/v2\/posts"}],"about":[{"href":"https:\/\/diarioelpopular.com\/index.php\/wp-json\/wp\/v2\/types\/post"}],"author":[{"embeddable":true,"href":"https:\/\/diarioelpopular.com\/index.php\/wp-json\/wp\/v2\/users\/99"}],"replies":[{"embeddable":true,"href":"https:\/\/diarioelpopular.com\/index.php\/wp-json\/wp\/v2\/comments?post=515546"}],"version-history":[{"count":1,"href":"https:\/\/diarioelpopular.com\/index.php\/wp-json\/wp\/v2\/posts\/515546\/revisions"}],"predecessor-version":[{"id":515548,"href":"https:\/\/diarioelpopular.com\/index.php\/wp-json\/wp\/v2\/posts\/515546\/revisions\/515548"}],"wp:featuredmedia":[{"embeddable":true,"href":"https:\/\/diarioelpopular.com\/index.php\/wp-json\/wp\/v2\/media\/515547"}],"wp:attachment":[{"href":"https:\/\/diarioelpopular.com\/index.php\/wp-json\/wp\/v2\/media?parent=515546"}],"wp:term":[{"taxonomy":"category","embeddable":true,"href":"https:\/\/diarioelpopular.com\/index.php\/wp-json\/wp\/v2\/categories?post=515546"},{"taxonomy":"post_tag","embeddable":true,"href":"https:\/\/diarioelpopular.com\/index.php\/wp-json\/wp\/v2\/tags?post=515546"}],"curies":[{"name":"wp","href":"https:\/\/api.w.org\/{rel}","templated":true}]}}