{"id":515549,"date":"2024-01-23T10:03:41","date_gmt":"2024-01-23T14:03:41","guid":{"rendered":"https:\/\/diarioelpopular.com\/?p=515549"},"modified":"2024-01-23T10:03:41","modified_gmt":"2024-01-23T14:03:41","slug":"ottawa-no-apelara-el-fallo-judicial-que-elimina-el-limite-para-transmitir-la-ciudadania-a-ninos-nacidos-en-el-extranjero","status":"publish","type":"post","link":"https:\/\/diarioelpopular.com\/index.php\/2024\/01\/23\/ottawa-no-apelara-el-fallo-judicial-que-elimina-el-limite-para-transmitir-la-ciudadania-a-ninos-nacidos-en-el-extranjero\/","title":{"rendered":"Ottawa no apelar\u00e1 el fallo judicial que elimina el l\u00edmite para transmitir la ciudadan\u00eda a ni\u00f1os nacidos en el extranjero"},"content":{"rendered":"<p><img loading=\"lazy\" decoding=\"async\" class=\"alignnone size-custom-full-size wp-image-515550\" src=\"https:\/\/diarioelpopular.com\/wp-content\/uploads\/2024\/01\/Screen-Shot-2024-01-23-at-9.03.01-AM-636x437.png\" alt=\"\" width=\"636\" height=\"437\" srcset=\"https:\/\/diarioelpopular.com\/wp-content\/uploads\/2024\/01\/Screen-Shot-2024-01-23-at-9.03.01-AM-636x437.png 636w, https:\/\/diarioelpopular.com\/wp-content\/uploads\/2024\/01\/Screen-Shot-2024-01-23-at-9.03.01-AM-300x206.png 300w, https:\/\/diarioelpopular.com\/wp-content\/uploads\/2024\/01\/Screen-Shot-2024-01-23-at-9.03.01-AM-768x528.png 768w, https:\/\/diarioelpopular.com\/wp-content\/uploads\/2024\/01\/Screen-Shot-2024-01-23-at-9.03.01-AM-80x55.png 80w, https:\/\/diarioelpopular.com\/wp-content\/uploads\/2024\/01\/Screen-Shot-2024-01-23-at-9.03.01-AM-106x73.png 106w, https:\/\/diarioelpopular.com\/wp-content\/uploads\/2024\/01\/Screen-Shot-2024-01-23-at-9.03.01-AM.png 1024w\" sizes=\"auto, (max-width: 636px) 100vw, 636px\" \/><\/p>\n<p>&nbsp;<\/p>\n<p>&nbsp;<\/p>\n<ul>\n<li><em><strong>El gobierno federal ha anunciado que no impugnar\u00e1 un fallo judicial que anul\u00f3 una parte de la Ley de Ciudadan\u00eda que imped\u00eda que los ni\u00f1os nacidos en el extranjero de padres canadienses obtuvieran la ciudadan\u00eda canadiense m\u00e1s all\u00e1 de la primera generaci\u00f3n.<\/strong><\/em><\/li>\n<\/ul>\n<p>&nbsp;<\/p>\n<p>&nbsp;<\/p>\n<p><em><strong>OTTAWA.-<\/strong> <\/em>El &#8220;l\u00edmite de primera generaci\u00f3n&#8221; significaba que los hijos nacidos en el extranjero de padres canadienses que tambi\u00e9n nacieron en el extranjero no ser\u00edan elegibles para obtener autom\u00e1ticamente la ciudadan\u00eda canadiense por derecho de nacimiento. Los cr\u00edticos hab\u00edan argumentado durante mucho tiempo que este l\u00edmite creaba dos clases de ciudadan\u00eda canadiense, y el 19 de diciembre de 2023, el Tribunal Superior de Justicia de Ontario estuvo de acuerdo y lo declar\u00f3 inconstitucional.<\/p>\n<p>&#8220;Esta ley, tal como est\u00e1 actualmente, ha tenido consecuencias inaceptables para los canadienses cuyos hijos nacieron fuera del pa\u00eds. Por esta raz\u00f3n, no apelaremos el fallo&#8221;, dijo el ministro de Inmigraci\u00f3n, Marc Miller, en un comunicado de prensa.<\/p>\n<p>El caso judicial fue iniciado por un grupo de familias que viven en el extranjero y que se vieron afectadas por el l\u00edmite y no pudieron transmitir su ciudadan\u00eda canadiense a sus hijos.<\/p>\n<p>El abogado constitucionalista Sujit Choudhry, con sede en Toronto, que represent\u00f3 a las familias, dijo que sus clientes se sintieron &#8220;reivindicados&#8221; por el fallo del tribunal y la decisi\u00f3n del gobierno de no impugnarlo.<\/p>\n<p>&#8220;Se sienten reivindicados porque ha sido una lucha larga. Algunos de ellos han estado luchando durante m\u00e1s de una d\u00e9cada. Se sienten m\u00e1s bien aliviados por la decisi\u00f3n del gobierno de no apelar&#8221;, dijo.<\/p>\n<p>El l\u00edmite de primera generaci\u00f3n se instituy\u00f3 bajo el gobierno del entonces primer ministro Stephen Harper en 2009 en respuesta a la protesta del p\u00fablico despu\u00e9s de que Canad\u00e1 gastara 94 millones de d\u00f3lares para sacar a 15.000 ciudadanos canadienses del L\u00edbano durante la guerra entre Israel y Hezbol\u00e1 en 2006. En ese momento , varios parlamentarios y comentaristas pol\u00edticos hab\u00edan cuestionado la fuerza y legitimidad de los v\u00ednculos de los evacuados con Canad\u00e1, utilizando el t\u00e9rmino &#8220;canadienses de conveniencia&#8221;.<\/p>\n<p>El gobierno de Harper dijo en 2007 que establecer un l\u00edmite de primera generaci\u00f3n &#8220;proteger\u00eda el valor de la ciudadan\u00eda canadiense al garantizar que nuestros ciudadanos tengan una conexi\u00f3n real con este pa\u00eds&#8221;.<\/p>\n<p>Sin embargo, en su fallo publicado el mes pasado (se abre en una nueva pesta\u00f1a), la jueza Jasmine Akbarali dictamin\u00f3 que este l\u00edmite violaba las secciones de la Carta de Derechos y Libertades que se refieren a los derechos de movilidad y los derechos de igualdad.<\/p>\n<p>&#8220;B\u00e1sicamente, los puso en una posici\u00f3n imposible, en la que no deber\u00edan estar, de tener que elegir entre buscar oportunidades en el extranjero o transmitir la ciudadan\u00eda&#8221;, dijo Choudhry. &#8220;El momento para elegir cu\u00e1ndo formar una familia no es sencillo&#8230; y simplemente no les resulta pr\u00e1ctico dejar todo en sus vidas y volver corriendo a Canad\u00e1 para dar a luz a sus hijos&#8221;.<\/p>\n<p>Choudhry dice que no est\u00e1 claro cu\u00e1ntos &#8220;canadienses perdidos&#8221; en el extranjero se ven afectados por este fallo. Sin embargo, el censo de 2021 encontr\u00f3 que hab\u00eda 322,530 canadienses por ascendencia(se abre en una nueva pesta\u00f1a) viviendo en Canad\u00e1.<\/p>\n<p>&#8220;Todos tienen el mismo tipo de ciudadan\u00eda de segunda clase que mis clientes&#8221;, dijo Choudhry. &#8220;Esencialmente, el l\u00edmite de la segunda generaci\u00f3n les impide buscar oportunidades para estudiar, viajar y cursar estudios en el extranjero que otros no tienen&#8221;.<\/p>\n<p>El fallo judicial dio al gobierno federal seis meses para revocar el l\u00edmite y enmendar la Ley de Ciudadan\u00eda, pero ya hay un proyecto de ley en tr\u00e1mite en el Parlamento (se abre en una nueva pesta\u00f1a) para hacer exactamente eso. El verano pasado, un comit\u00e9 de la C\u00e1mara de los Comunes enmend\u00f3 el proyecto de ley S-245 para permitir que los canadienses de segunda generaci\u00f3n nacidos en el extranjero transmitieran su ciudadan\u00eda a un ni\u00f1o nacido en el extranjero si el padre puede ofrecer pruebas de tener una &#8220;conexi\u00f3n sustancial con Canad\u00e1&#8221;.<\/p>\n<p>&#8220;Creo que lo m\u00e1s sencillo ser\u00eda llevar la S-245 a votaci\u00f3n en el Parlamento, y luego que el Senado considere las enmiendas y las acepte, y luego que el proyecto de ley reciba la aprobaci\u00f3n real&#8221;, dijo Choudhry.<\/p>\n<p>Mientras tanto, Miller dijo que el gobierno &#8220;continuar\u00e1 evaluando los impactos de la decisi\u00f3n en la legislaci\u00f3n existente y proporcionar\u00e1 m\u00e1s informaci\u00f3n y confirmar\u00e1 los pr\u00f3ximos pasos lo m\u00e1s r\u00e1pido posible&#8221;.<\/p>\n","protected":false},"excerpt":{"rendered":"<p>&nbsp; &nbsp; El gobierno federal ha anunciado que no impugnar\u00e1 un fallo judicial que anul\u00f3 una parte de la Ley de Ciudadan\u00eda que imped\u00eda que&hellip;<\/p>\n","protected":false},"author":99,"featured_media":515550,"comment_status":"open","ping_status":"open","sticky":false,"template":"","format":"standard","meta":{"footnotes":""},"categories":[21,11191],"tags":[],"class_list":["post-515549","post","type-post","status-publish","format-standard","has-post-thumbnail","hentry","category-canada","category-top-news"],"_links":{"self":[{"href":"https:\/\/diarioelpopular.com\/index.php\/wp-json\/wp\/v2\/posts\/515549","targetHints":{"allow":["GET"]}}],"collection":[{"href":"https:\/\/diarioelpopular.com\/index.php\/wp-json\/wp\/v2\/posts"}],"about":[{"href":"https:\/\/diarioelpopular.com\/index.php\/wp-json\/wp\/v2\/types\/post"}],"author":[{"embeddable":true,"href":"https:\/\/diarioelpopular.com\/index.php\/wp-json\/wp\/v2\/users\/99"}],"replies":[{"embeddable":true,"href":"https:\/\/diarioelpopular.com\/index.php\/wp-json\/wp\/v2\/comments?post=515549"}],"version-history":[{"count":1,"href":"https:\/\/diarioelpopular.com\/index.php\/wp-json\/wp\/v2\/posts\/515549\/revisions"}],"predecessor-version":[{"id":515551,"href":"https:\/\/diarioelpopular.com\/index.php\/wp-json\/wp\/v2\/posts\/515549\/revisions\/515551"}],"wp:featuredmedia":[{"embeddable":true,"href":"https:\/\/diarioelpopular.com\/index.php\/wp-json\/wp\/v2\/media\/515550"}],"wp:attachment":[{"href":"https:\/\/diarioelpopular.com\/index.php\/wp-json\/wp\/v2\/media?parent=515549"}],"wp:term":[{"taxonomy":"category","embeddable":true,"href":"https:\/\/diarioelpopular.com\/index.php\/wp-json\/wp\/v2\/categories?post=515549"},{"taxonomy":"post_tag","embeddable":true,"href":"https:\/\/diarioelpopular.com\/index.php\/wp-json\/wp\/v2\/tags?post=515549"}],"curies":[{"name":"wp","href":"https:\/\/api.w.org\/{rel}","templated":true}]}}