{"id":515570,"date":"2024-01-24T10:33:51","date_gmt":"2024-01-24T14:33:51","guid":{"rendered":"https:\/\/diarioelpopular.com\/?p=515570"},"modified":"2024-01-24T10:33:51","modified_gmt":"2024-01-24T14:33:51","slug":"canadienses-preocupados-por-la-calidad-de-la-atencion-sanitaria-y-tienen-poca-fe-en-que-mejore-encuesta","status":"publish","type":"post","link":"https:\/\/diarioelpopular.com\/index.php\/2024\/01\/24\/canadienses-preocupados-por-la-calidad-de-la-atencion-sanitaria-y-tienen-poca-fe-en-que-mejore-encuesta\/","title":{"rendered":"Canadienses preocupados por la calidad de la atenci\u00f3n sanitaria y tienen poca fe en que mejore: encuesta"},"content":{"rendered":"<p><img loading=\"lazy\" decoding=\"async\" class=\"alignnone size-custom-full-size wp-image-515571\" src=\"https:\/\/diarioelpopular.com\/wp-content\/uploads\/2024\/01\/Screen-Shot-2024-01-24-at-9.32.13-AM-636x454.png\" alt=\"\" width=\"636\" height=\"454\" srcset=\"https:\/\/diarioelpopular.com\/wp-content\/uploads\/2024\/01\/Screen-Shot-2024-01-24-at-9.32.13-AM-636x454.png 636w, https:\/\/diarioelpopular.com\/wp-content\/uploads\/2024\/01\/Screen-Shot-2024-01-24-at-9.32.13-AM-300x214.png 300w, https:\/\/diarioelpopular.com\/wp-content\/uploads\/2024\/01\/Screen-Shot-2024-01-24-at-9.32.13-AM-768x549.png 768w, https:\/\/diarioelpopular.com\/wp-content\/uploads\/2024\/01\/Screen-Shot-2024-01-24-at-9.32.13-AM-102x73.png 102w, https:\/\/diarioelpopular.com\/wp-content\/uploads\/2024\/01\/Screen-Shot-2024-01-24-at-9.32.13-AM.png 1024w\" sizes=\"auto, (max-width: 636px) 100vw, 636px\" \/><\/p>\n<p>&nbsp;<\/p>\n<p>&nbsp;<\/p>\n<ul>\n<li><em><strong>La mayor\u00eda de los canadienses no creen que la calidad de la atenci\u00f3n m\u00e9dica en su provincia vaya a mejorar, sugiere una nueva encuesta, a pesar de los nuevos acuerdos federales de salud con varias provincias dise\u00f1ados para sofocar la crisis de atenci\u00f3n m\u00e9dica que se desarrolla en todo Canad\u00e1.<\/strong><\/em><\/li>\n<\/ul>\n<p><em><strong>OTTAWA.-<\/strong> <\/em>La encuesta de Leger se produce casi un a\u00f1o despu\u00e9s de que el gobierno federal ofreciera un acuerdo de salud de 196 mil millones de d\u00f3lares a las provincias para aumentar la financiaci\u00f3n sanitaria y abordar una creciente escasez de trabajadores sanitarios.<\/p>\n<p>M\u00e9dicos, enfermeras y otros profesionales de la salud han advertido durante a\u00f1os sobre una peligrosa falta de trabajadores de la salud, lo que lleva a salas de emergencia con personal insuficiente y una falta de atenci\u00f3n primaria que se siente en todo el sistema de salud.<\/p>\n<p>La encuesta encontr\u00f3 que la gente est\u00e1 sintiendo el impacto, ya que el 70 por ciento de los encuestados dijeron que les preocupa no poder obtener atenci\u00f3n m\u00e9dica de buena calidad si ellos o un miembro de su familia la necesitan.<\/p>\n<p>Hasta ahora, Alberta, British Columbia, Prince Edward Island, Nova Scotia y Northwest Territories han firmado acuerdos individuales con el gobierno federal para aumentar la financiaci\u00f3n federal de la salud y abordar los puntos d\u00e9biles de sus respectivos sistemas.<\/p>\n<p>Incluso cuando los gobiernos dan se\u00f1ales de trabajar juntos para mejorar la situaci\u00f3n, s\u00f3lo el 17 por ciento de los encuestados dijeron que sent\u00edan que el estado de la atenci\u00f3n m\u00e9dica probablemente mejorar\u00eda en los pr\u00f3ximos dos a\u00f1os.<\/p>\n<p>A la encuesta web de Leger entre 1.536 adultos canadienses no se le puede asignar un margen de error porque las encuestas en l\u00ednea no se consideran muestras verdaderamente aleatorias.<\/p>\n<p>Un sorprendente 87 por ciento de las personas encuestadas en el Atl\u00e1ntico canadiense dijeron que les preocupa no poder obtener la atenci\u00f3n que necesitan.<\/p>\n<p>Las personas en el Atl\u00e1ntico canadiense y Quebec tambi\u00e9n ten\u00edan m\u00e1s probabilidades de calificar sus sistemas de salud como pobres o muy pobres, con un 66 por ciento y un 51 por ciento respectivamente.<\/p>\n<p>Mientras tanto, el 46 por ciento de las personas en Alberta y el 40 por ciento de las personas en B.C. dijeron que sus sistemas de atenci\u00f3n m\u00e9dica eran buenos.<\/p>\n<p>Leger pidi\u00f3 a la gente que eligiera palabras que les vinieran a la mente cuando pensaran en los sistemas de atenci\u00f3n m\u00e9dica de Canad\u00e1, el 66 por ciento eligi\u00f3 &#8220;largas esperas&#8221;, el 42 por ciento eligi\u00f3 &#8220;estresado&#8221; y el 40 por ciento eligi\u00f3 &#8220;fallando&#8221;.<\/p>\n<p>Cuando se les pregunt\u00f3 sobre la escasez de trabajadores de la salud, el 67 por ciento de los encuestados se\u00f1al\u00f3 las malas condiciones laborales y las largas horas de trabajo en los hospitales.<\/p>\n<p>El cuarenta por ciento dijo que el problema se deb\u00eda a los recortes en la financiaci\u00f3n de la salud, y otro 40 por ciento culp\u00f3 a las jubilaciones durante la pandemia de COVID-19.<\/p>\n<p>El a\u00f1o pasado, los primeros ministros provinciales clamaron que el primer ministro negociara un nuevo acuerdo de financiaci\u00f3n sanitaria para abordar el mal estado de sus sistemas de atenci\u00f3n sanitaria.<\/p>\n<p>Todas las provincias excepto Quebec han firmado en principio el acuerdo de Ottawa.<\/p>\n<p>Las provincias tienen hasta marzo para firmar un acuerdo personalizado con Ottawa para acceder a la financiaci\u00f3n.<\/p>\n","protected":false},"excerpt":{"rendered":"<p>&nbsp; &nbsp; La mayor\u00eda de los canadienses no creen que la calidad de la atenci\u00f3n m\u00e9dica en su provincia vaya a mejorar, sugiere una nueva&hellip;<\/p>\n","protected":false},"author":99,"featured_media":515571,"comment_status":"open","ping_status":"open","sticky":false,"template":"","format":"standard","meta":{"footnotes":""},"categories":[21],"tags":[],"class_list":["post-515570","post","type-post","status-publish","format-standard","has-post-thumbnail","hentry","category-canada"],"_links":{"self":[{"href":"https:\/\/diarioelpopular.com\/index.php\/wp-json\/wp\/v2\/posts\/515570","targetHints":{"allow":["GET"]}}],"collection":[{"href":"https:\/\/diarioelpopular.com\/index.php\/wp-json\/wp\/v2\/posts"}],"about":[{"href":"https:\/\/diarioelpopular.com\/index.php\/wp-json\/wp\/v2\/types\/post"}],"author":[{"embeddable":true,"href":"https:\/\/diarioelpopular.com\/index.php\/wp-json\/wp\/v2\/users\/99"}],"replies":[{"embeddable":true,"href":"https:\/\/diarioelpopular.com\/index.php\/wp-json\/wp\/v2\/comments?post=515570"}],"version-history":[{"count":1,"href":"https:\/\/diarioelpopular.com\/index.php\/wp-json\/wp\/v2\/posts\/515570\/revisions"}],"predecessor-version":[{"id":515572,"href":"https:\/\/diarioelpopular.com\/index.php\/wp-json\/wp\/v2\/posts\/515570\/revisions\/515572"}],"wp:featuredmedia":[{"embeddable":true,"href":"https:\/\/diarioelpopular.com\/index.php\/wp-json\/wp\/v2\/media\/515571"}],"wp:attachment":[{"href":"https:\/\/diarioelpopular.com\/index.php\/wp-json\/wp\/v2\/media?parent=515570"}],"wp:term":[{"taxonomy":"category","embeddable":true,"href":"https:\/\/diarioelpopular.com\/index.php\/wp-json\/wp\/v2\/categories?post=515570"},{"taxonomy":"post_tag","embeddable":true,"href":"https:\/\/diarioelpopular.com\/index.php\/wp-json\/wp\/v2\/tags?post=515570"}],"curies":[{"name":"wp","href":"https:\/\/api.w.org\/{rel}","templated":true}]}}