{"id":515598,"date":"2024-01-25T09:03:23","date_gmt":"2024-01-25T13:03:23","guid":{"rendered":"https:\/\/diarioelpopular.com\/?p=515598"},"modified":"2024-01-25T09:03:23","modified_gmt":"2024-01-25T13:03:23","slug":"el-banco-de-canada-senala-que-las-tasas-han-alcanzado-su-punto-maximo","status":"publish","type":"post","link":"https:\/\/diarioelpopular.com\/index.php\/2024\/01\/25\/el-banco-de-canada-senala-que-las-tasas-han-alcanzado-su-punto-maximo\/","title":{"rendered":"El Banco de Canad\u00e1 se\u00f1ala que las tasas han alcanzado su punto m\u00e1ximo"},"content":{"rendered":"<p><img loading=\"lazy\" decoding=\"async\" class=\"alignnone size-custom-big-size wp-image-515599\" src=\"https:\/\/diarioelpopular.com\/wp-content\/uploads\/2024\/01\/Screen-Shot-2024-01-25-at-8.02.50-AM-1200x816.png\" alt=\"\" width=\"1200\" height=\"816\" srcset=\"https:\/\/diarioelpopular.com\/wp-content\/uploads\/2024\/01\/Screen-Shot-2024-01-25-at-8.02.50-AM-1200x816.png 1200w, https:\/\/diarioelpopular.com\/wp-content\/uploads\/2024\/01\/Screen-Shot-2024-01-25-at-8.02.50-AM-300x204.png 300w, https:\/\/diarioelpopular.com\/wp-content\/uploads\/2024\/01\/Screen-Shot-2024-01-25-at-8.02.50-AM-768x522.png 768w, https:\/\/diarioelpopular.com\/wp-content\/uploads\/2024\/01\/Screen-Shot-2024-01-25-at-8.02.50-AM-636x432.png 636w, https:\/\/diarioelpopular.com\/wp-content\/uploads\/2024\/01\/Screen-Shot-2024-01-25-at-8.02.50-AM-80x55.png 80w, https:\/\/diarioelpopular.com\/wp-content\/uploads\/2024\/01\/Screen-Shot-2024-01-25-at-8.02.50-AM-107x73.png 107w, https:\/\/diarioelpopular.com\/wp-content\/uploads\/2024\/01\/Screen-Shot-2024-01-25-at-8.02.50-AM.png 1024w\" sizes=\"auto, (max-width: 1200px) 100vw, 1200px\" \/><\/p>\n<p>&nbsp;<\/p>\n<p>&nbsp;<\/p>\n<ul>\n<li><em><strong>El Banco de Canad\u00e1 mantuvo estable su tasa de inter\u00e9s de referencia en 5,0 por ciento e insinu\u00f3 que su ciclo de ajuste podr\u00eda haber llegado a su punto m\u00e1ximo, pero los responsables de las pol\u00edticas guardaron silencio sobre un posible cronograma para los recortes de tasas.<\/strong><\/em><\/li>\n<\/ul>\n<p>&nbsp;<\/p>\n<p><em><strong>OTTAWA.-<\/strong><\/em>\u00a0La decisi\u00f3n, que marca la cuarta suspensi\u00f3n consecutiva del banco central, era ampliamente esperada por los economistas.<\/p>\n<p>El gobernador del Banco de Canad\u00e1, Tiff Macklem, dijo a los periodistas que las conversaciones en el banco central han pasado del debate sobre si las tasas de inter\u00e9s son lo suficientemente altas a cu\u00e1nto tiempo necesita el banco central para mantener las tasas en los niveles actuales.<\/p>\n<p>El Banco de Canad\u00e1 ha estado aumentando el costo de los pr\u00e9stamos desde marzo de 2022 en un esfuerzo por frenar la inflaci\u00f3n, que ha disminuido dr\u00e1sticamente desde m\u00e1ximos del 8,1 por ciento. La inflaci\u00f3n anual subi\u00f3 al 3,4 por ciento en diciembre desde el 3,1 por ciento del mes anterior.<\/p>\n<p>Macklem dijo que los aumentos de tasas hasta la fecha han funcionado para aliviar la demanda de gasto, pero advirti\u00f3 que las tasas a\u00fan podr\u00edan subir m\u00e1s si la inflaci\u00f3n no coopera.<\/p>\n<p>&#8220;La inflaci\u00f3n sigue siendo demasiado alta y las presiones inflacionarias subyacentes persisten&#8221;, afirm\u00f3. &#8220;Necesitamos darles tiempo a estas tasas m\u00e1s altas para que hagan su trabajo&#8221;.<\/p>\n<p><em><strong>El recorte de tipos de primavera est\u00e1 en juego, dicen los economistas<\/strong><\/em><br \/>\nNathan Janzen, economista jefe adjunto de RBC, dijo que el cambio de tono de Macklem el mi\u00e9rcoles refleja una creciente \u201cconvicci\u00f3n\u201d de que el pr\u00f3ximo movimiento del banco central probablemente sea un recorte de tasas, no otra subida.<\/p>\n<p>Despu\u00e9s del mantenimiento de las tasas del mi\u00e9rcoles y de la presi\u00f3n con los funcionarios del Banco de Canad\u00e1, la mayor\u00eda de los economistas redobl\u00f3 sus predicciones de que los recortes de las tasas de inter\u00e9s comenzar\u00edan en abril o junio.<\/p>\n<p>Desjardins y TD Bank se encuentran entre los pronosticadores que piden que la flexibilizaci\u00f3n comience en la primavera, mientras que RBC, CIBC y BMO miran hacia mediados de a\u00f1o para los recortes. Los mercados monetarios siguen descontando plenamente un primer recorte de 25 puntos b\u00e1sicos en junio, seg\u00fan Reuters.<\/p>\n<p>El economista jefe de CIBC, Avery Shenfeld, dijo en una nota a sus clientes el mi\u00e9rcoles que si la inflaci\u00f3n est\u00e1 por debajo de las expectativas, los recortes a partir de abril no est\u00e1n descartados. CIBC est\u00e1 pidiendo un total de 150 puntos b\u00e1sicos de flexibilizaci\u00f3n de tipos este a\u00f1o, con la posibilidad de que el segundo recorte del Banco de Canad\u00e1 sea de medio punto porcentual.<\/p>\n<p>Los pron\u00f3sticos revisados en el Informe de Pol\u00edtica Monetaria (MPR) del Banco de Canad\u00e1 publicado el mi\u00e9rcoles reafirman las expectativas del banco central de que la inflaci\u00f3n alcanzar\u00e1 su objetivo del 2 por ciento en 2025.<\/p>\n<p>Pero Macklem advirti\u00f3 que las futuras ca\u00eddas de la inflaci\u00f3n ser\u00e1n \u201cgraduales y desiguales\u201d, sugiriendo que el camino de regreso al objetivo del 2 por ciento ser\u00e1 \u201clento\u201d.<\/p>\n<p>Otro aumento de las tasas de inter\u00e9s no est\u00e1 en el \u201ccaso base\u201d del Banco de Canad\u00e1, dijo Macklem, pero dijo que iniciar conversaciones sobre cu\u00e1ndo el banco central puede recortar las tasas a\u00fan es \u201cprematuro\u201d dados los riesgos actuales para la inflaci\u00f3n, como los altos niveles de deuda de los hogares y el comercio. perturbaciones a trav\u00e9s del Mar Rojo.<\/p>\n<p>\u201cEl progreso nos ha dado confianza en que la tasa es lo suficientemente alta; &#8220;La desigualdad y la persistencia que estamos viendo nos convencen de que por ahora debemos mantenernos donde estamos&#8221;, dijo.<\/p>\n<p>El mi\u00e9rcoles se le pregunt\u00f3 a Macklem por qu\u00e9 no estaba dando a los canadienses un cronograma m\u00e1s claro para los recortes de las tasas de inter\u00e9s.<\/p>\n<p>\u201cMe preocupa que ponerlo en un calendario sea una falsa sensaci\u00f3n de precisi\u00f3n. Tendremos que ver c\u00f3mo evoluciona la inflaci\u00f3n\u201d, dijo Macklem.<\/p>\n<p><em><strong>La inflaci\u00f3n de las viviendas es un punto conflictivo para el Banco de Canad\u00e1<\/strong><\/em><br \/>\nEntre los aspectos m\u00e1s destacados de la inflaci\u00f3n se\u00f1alada por el Banco de Canad\u00e1 se encuentra la inflaci\u00f3n de los precios de la vivienda, que contin\u00faa acerc\u00e1ndose al siete por ciento anual. El banco central destac\u00f3 el aumento de los alquileres y los costos para los hogares que renuevan sus hipotecas como factores que mantienen elevadas las presiones aqu\u00ed.<\/p>\n<p>Se le pregunt\u00f3 a Macklem por qu\u00e9 el Banco de Canad\u00e1 no est\u00e1 bajando las tasas de inter\u00e9s ahora si una de las fuentes de inflaci\u00f3n est\u00e1 tan estrechamente ligada a su propia tasa de pol\u00edtica. Respondi\u00f3 que si bien la vivienda es una \u201cparte importante de la econom\u00eda\u201d, no es la \u00fanica fuente de presi\u00f3n inflacionaria, y otras partes de la canasta de consumo, como la inflaci\u00f3n de los alimentos, tambi\u00e9n se mantienen por encima del objetivo.<\/p>\n<p>Por lo tanto, las se\u00f1ales de inflaci\u00f3n subyacente en otros lugares reforzaron la necesidad de mantener la tasa de pol\u00edtica en 5,0 por ciento para mantener la presi\u00f3n a la baja sobre los precios, dijo.<\/p>\n<p>Se pregunt\u00f3 a la vicegobernadora principal del Banco de Canad\u00e1, Carolyn Rogers, qu\u00e9 impacto, si alguno, tendr\u00eda el l\u00edmite previsto por el gobierno federal para los estudiantes internacionales anunciado a principios de esta semana en la inflaci\u00f3n de las viviendas.<\/p>\n<p>Si bien Rogers dijo que el banco central no hace comentarios sobre la pol\u00edtica de inmigraci\u00f3n, dijo que los planes de Ottawa estaban &#8220;en camino de aliviar&#8221; parte de la presi\u00f3n sobre el mercado inmobiliario debido al crecimiento demogr\u00e1fico.<\/p>\n<p>Si bien el l\u00edmite estudiantil podr\u00eda brindar cierto alivio localizado en los precios de alquiler en algunas ciudades y vecindarios cercanos a las escuelas, Janzen dice que es poco probable que compense la brecha estructural de vivienda y la creciente poblaci\u00f3n en Canad\u00e1.<\/p>\n","protected":false},"excerpt":{"rendered":"<p>&nbsp; &nbsp; El Banco de Canad\u00e1 mantuvo estable su tasa de inter\u00e9s de referencia en 5,0 por ciento e insinu\u00f3 que su ciclo de ajuste&hellip;<\/p>\n","protected":false},"author":99,"featured_media":515599,"comment_status":"open","ping_status":"open","sticky":false,"template":"","format":"standard","meta":{"footnotes":""},"categories":[21,11191],"tags":[],"class_list":["post-515598","post","type-post","status-publish","format-standard","has-post-thumbnail","hentry","category-canada","category-top-news"],"_links":{"self":[{"href":"https:\/\/diarioelpopular.com\/index.php\/wp-json\/wp\/v2\/posts\/515598","targetHints":{"allow":["GET"]}}],"collection":[{"href":"https:\/\/diarioelpopular.com\/index.php\/wp-json\/wp\/v2\/posts"}],"about":[{"href":"https:\/\/diarioelpopular.com\/index.php\/wp-json\/wp\/v2\/types\/post"}],"author":[{"embeddable":true,"href":"https:\/\/diarioelpopular.com\/index.php\/wp-json\/wp\/v2\/users\/99"}],"replies":[{"embeddable":true,"href":"https:\/\/diarioelpopular.com\/index.php\/wp-json\/wp\/v2\/comments?post=515598"}],"version-history":[{"count":1,"href":"https:\/\/diarioelpopular.com\/index.php\/wp-json\/wp\/v2\/posts\/515598\/revisions"}],"predecessor-version":[{"id":515600,"href":"https:\/\/diarioelpopular.com\/index.php\/wp-json\/wp\/v2\/posts\/515598\/revisions\/515600"}],"wp:featuredmedia":[{"embeddable":true,"href":"https:\/\/diarioelpopular.com\/index.php\/wp-json\/wp\/v2\/media\/515599"}],"wp:attachment":[{"href":"https:\/\/diarioelpopular.com\/index.php\/wp-json\/wp\/v2\/media?parent=515598"}],"wp:term":[{"taxonomy":"category","embeddable":true,"href":"https:\/\/diarioelpopular.com\/index.php\/wp-json\/wp\/v2\/categories?post=515598"},{"taxonomy":"post_tag","embeddable":true,"href":"https:\/\/diarioelpopular.com\/index.php\/wp-json\/wp\/v2\/tags?post=515598"}],"curies":[{"name":"wp","href":"https:\/\/api.w.org\/{rel}","templated":true}]}}