{"id":515634,"date":"2024-01-26T11:10:17","date_gmt":"2024-01-26T15:10:17","guid":{"rendered":"https:\/\/diarioelpopular.com\/?p=515634"},"modified":"2024-01-26T11:10:17","modified_gmt":"2024-01-26T15:10:17","slug":"los-colonos-chile-argentina-francia-dinamarca-gran-bretana-suecia-taiwan-2023-un-film-de-felipe-galvez-97-minutos","status":"publish","type":"post","link":"https:\/\/diarioelpopular.com\/index.php\/2024\/01\/26\/los-colonos-chile-argentina-francia-dinamarca-gran-bretana-suecia-taiwan-2023-un-film-de-felipe-galvez-97-minutos\/","title":{"rendered":"LOS COLONOS. Chile-Argentina-Francia-Dinamarca-Gran Breta\u00f1a-Suecia-Taiw\u00e1n, 2023. Un film de Felipe G\u00e1lvez. 97 minutos"},"content":{"rendered":"<p class=\"p1\"><img loading=\"lazy\" decoding=\"async\" class=\"alignnone size-custom-full-size wp-image-515635\" src=\"https:\/\/diarioelpopular.com\/wp-content\/uploads\/2024\/01\/LOS-COLONOS-636x425.jpg\" alt=\"\" width=\"636\" height=\"425\" srcset=\"https:\/\/diarioelpopular.com\/wp-content\/uploads\/2024\/01\/LOS-COLONOS-636x425.jpg 636w, https:\/\/diarioelpopular.com\/wp-content\/uploads\/2024\/01\/LOS-COLONOS-300x200.jpg 300w, https:\/\/diarioelpopular.com\/wp-content\/uploads\/2024\/01\/LOS-COLONOS-768x513.jpg 768w, https:\/\/diarioelpopular.com\/wp-content\/uploads\/2024\/01\/LOS-COLONOS-109x73.jpg 109w, https:\/\/diarioelpopular.com\/wp-content\/uploads\/2024\/01\/LOS-COLONOS.jpg 800w\" sizes=\"auto, (max-width: 636px) 100vw, 636px\" \/><\/p>\n<p class=\"p1\"><em>Mark Stanley, Camilo Arancibia y Benjam\u00edn Westfall en LOS COLONOS<\/em><\/p>\n<p>&nbsp;<\/p>\n<p>&nbsp;<\/p>\n<p class=\"p1\">Por Jorge Gutman<\/p>\n<p>&nbsp;<\/p>\n<p class=\"p3\"><em><strong>LOS COLONOS. Chile-Argentina-Francia-Dinamarca-Gran Breta\u00f1a-Suecia-Taiw\u00e1n, 2023. Un film de Felipe G\u00e1lvez. 97 minutos<\/strong><\/em><\/p>\n<p class=\"p3\">Resulta gratificante para el cr\u00edtico de cine comprobar el surgimiento de noveles realizadores capaces de mostrar inusitada madurez en sus primeros trabajos. Ese es el caso del director chileno Felipe G\u00e1lvez quien despu\u00e9s de una experiencia como guionista y editor en cortometrajes debuta en el largometraje ilustrando l\u00facidamente de manera ficcional un drama hist\u00f3rico sobre el tratamiento recibido por la poblaci\u00f3n aut\u00f3ctona de\u00a0Chile.<\/p>\n<p class=\"p3\">El gui\u00f3n del realizador escrito con Antonia Girardi y la colaboraci\u00f3n de Mariano Llin\u00e1s en su comienzo ubica la acci\u00f3n en 1901 en la regi\u00f3n patag\u00f3nica de Chile y Argentina. All\u00ed el poderoso terrateniente Jos\u00e9 Men\u00e9ndez (Alfredo Castro), dedicado a la explotaci\u00f3n de ovejas, quiere despejar la vasta ruta conducente a una salida en el Oc\u00e9ano Atl\u00e1ntico. Para efectuar el recorrido de esa zona contrata los servicios del funcionario escoc\u00e9s MacLennan (Mark Stanley) con el prop\u00f3sito de eliminar a la poblaci\u00f3n aut\u00f3ctona que pueda encontrar en el camino; para realizar su tarea contar\u00e1 con la colaboraci\u00f3n del mercenario americano Bill (Benjam\u00edn Westfall) y del\u00a0ayudante Segundo (Camilo Arancibia) que es un mestizo oriundo de la isla de Chilo\u00e9. En cumplimiento de su misi\u00f3n este heterog\u00e9neo grupo no vacilar\u00e1 en sembrar a lo largo del camino un sendero de sangre al perseguir y asesinar a la comunidad ind\u00edgena Selk\u2019nam.<\/p>\n<p class=\"p3\">Siete a\u00f1os despu\u00e9s de la masacre, el presidente chileno Pedro Montt designa al oficial Vicu\u00f1a (Marcelo Alonso), para que visite Chilo\u00e9\u00a0a fin de tener un preciso conocimiento acerca del asesinato cometido al pueblo aut\u00f3ctono; para ello intenta obtener informaci\u00f3n de Segundo que ahora modestamente habita all\u00ed junto con su traumatizada mujer ind\u00edgena Kiepja (Mishell Gua\u00f1a). En todo caso, las buenas intenciones no reparan el genocidio producido.<\/p>\n<p class=\"p3\">Uno de los m\u00e9ritos de <b>Los Colonos<\/b><span class=\"Apple-converted-space\">\u00a0 <\/span>es que los personajes est\u00e1n muy bien esbozados;<span class=\"Apple-converted-space\">\u00a0 <\/span>sobre todo el m\u00e1s elocuente es el magn\u00edficamente caracterizado por Arancibia quien como Segundo, <span class=\"Apple-converted-space\">\u00a0 <\/span>a trav\u00e9s de su \u00f3ptica se asiste a lo que acontece en el relato; si<span class=\"Apple-converted-space\">\u00a0 <\/span>bien se\u00a0puede empatizar con el mismo, lo cierto es que \u00e9l\u00a0fue\u00a0un colaborador pasivo de los graves incidentes ocurridos a pesar de su origen aut\u00f3ctono. Igualmente son destacables las intervenciones de Castro como el despreciable genocida Men\u00e9ndez y de Stanley como el despiadado asesino MacLennan. Adem\u00e1s de Westfall, Alonso y Gua\u00f1a, el s\u00f3lido reparto se completa, entre otros int\u00e9rpretes, con Luis Machin, Adriana Stuven, Agustin Rittano, Juan Imbert y Mariano Llin\u00e1s. <span class=\"Apple-converted-space\">\u00a0<\/span><\/p>\n<p class=\"p3\">Como realizador G\u00e1lvez tiene la delicadeza de sugerir antes que demostrar en toda su magnitud las atrocidades cometidas. Imprimiendo un apropiado ritmo, el cineasta cont\u00f3 con el valioso aporte de la fotograf\u00eda de Simone D\u2019Arcangelo captando el agreste paisaje en que transcurre la acci\u00f3n, as\u00ed como la apropiada m\u00fasica de Harry Allouche.<span class=\"Apple-converted-space\">\u00a0<\/span><\/p>\n<p class=\"p3\">Queda como resultado un muy buen articulado western, que denuncia de manera contundente la acci\u00f3n arrasadora y destructiva de los pueblos originarios\u00a0que tuvo lugar en la Patagonia a comienzos del siglo pasado; todo ello en nombre de una triste colonizaci\u00f3n tendiente a aplicar el racismo y el crimen a fin de lograr una civilizaci\u00f3n m\u00e1s purificada.<\/p>\n<p class=\"p3\"><b>ORIGIN<\/b>. Estados Unidos, 2023. Un film escrito y dirigido por A<i>va DuVernay<\/i>. <i>139 minutos.<\/i><\/p>\n<p><img loading=\"lazy\" decoding=\"async\" class=\"alignnone size-custom-big-size wp-image-515636\" src=\"https:\/\/diarioelpopular.com\/wp-content\/uploads\/2024\/01\/ORIGIN_01-1200x600.jpg\" alt=\"\" width=\"1200\" height=\"600\" srcset=\"https:\/\/diarioelpopular.com\/wp-content\/uploads\/2024\/01\/ORIGIN_01-1200x600.jpg 1200w, https:\/\/diarioelpopular.com\/wp-content\/uploads\/2024\/01\/ORIGIN_01-300x150.jpg 300w, https:\/\/diarioelpopular.com\/wp-content\/uploads\/2024\/01\/ORIGIN_01-768x384.jpg 768w, https:\/\/diarioelpopular.com\/wp-content\/uploads\/2024\/01\/ORIGIN_01-636x318.jpg 636w, https:\/\/diarioelpopular.com\/wp-content\/uploads\/2024\/01\/ORIGIN_01-146x73.jpg 146w, https:\/\/diarioelpopular.com\/wp-content\/uploads\/2024\/01\/ORIGIN_01.jpg 1024w\" sizes=\"auto, (max-width: 1200px) 100vw, 1200px\" \/><\/p>\n<p class=\"p1\">Jon Bernthal y Aunjanue Ellis-Taylor en ORIGIN<\/p>\n<p>&nbsp;<\/p>\n<p class=\"p3\">Despu\u00e9s de haber emocionado con Selma<b> <\/b>(2014) considerando la repercusi\u00f3n que tuvo la sanci\u00f3n de los derechos civiles en Estados Unidos, la realizadora Ava DuVernay con <b>Origin <\/b>centra su atenci\u00f3n en la verdadera historia de Isabel Wilkerson (Aunjanue Ellis-Taylor) quien en 1994 obtuvo el premio Pullitzer en periodismo. Sin que se ci\u00f1a a una rigurosa biograf\u00eda, en este fascinante film la realizadora refleja la g\u00e9nesis de su aclamado libro Cast: The Origins of Our Discontents.<\/p>\n<p class=\"p3\">El film comienza cuando Trayvon Martin (Myles Frost), un joven afroamericano de 17 a\u00f1os es asesinado en 2012 en Sanford, Florida, despu\u00e9s de salir en horas nocturnas de un negocio donde efectu\u00f3 ciertas compras. De all\u00ed que ese mortal incidente motiva a que el editor de un diario local (Blair Underwood) le solicite a Wilkerson que escriba un art\u00edculo acerca del mismo.<\/p>\n<p class=\"p3\">De inmediato el relato enfoca el v\u00ednculo que Isabel mantiene con su n\u00facleo familiar incluyendo a su anciana madre Ruby (Emily Yancy) a quien cuida con ternura con la ayuda de su cari\u00f1oso esposo Brett (Jon Bernthal) quien a su vez la impulsa a que considere tratar el tema de la muerte de Martin. Cuando la tragedia golpea a su puerta y pierde a sus dos seres tan queridos, tratando de mitigar su dolor comienza a escribir su libro en donde al tratar de investigar lo sucedido con el desafortunado muchacho, ella tiene la convicci\u00f3n que eso no se vincul\u00f3 con su condici\u00f3n racial sino a una situaci\u00f3n de casta que divide a la humanidad. Es as\u00ed que de inmediato relaciona ese crimen con el genocidio del Holocausto. \u00bfAcaso no han sido blancos los jud\u00edos aniquilados as\u00ed como igualmente lo han sido sus victimarios? \u00bfLos negros de \u00c1frica tra\u00eddos como esclavos a Estados Unidos se debi\u00f3 al color de su piel o porque ellos constitu\u00edan la mano de obra barata y\/o gratuita para los poderosos due\u00f1os blancos? A trav\u00e9s de su investigaci\u00f3n y recurriendo a los libros de las bibliotecas, la intelectual periodista se impone de la condici\u00f3n en que viven<span class=\"Apple-converted-space\">\u00a0 <\/span>los dalit, tambi\u00e9n llamados \u201cintocables\u201d que son los miembros m\u00e1s pobres y discriminados de la sociedad india.<\/p>\n<p class=\"p3\">Para obtener una apreciaci\u00f3n m\u00e1s profunda de lo que su mente alberga, efect\u00faa un viaje<span class=\"Apple-converted-space\">\u00a0 <\/span>a Alemania y posteriormente a India. En el pa\u00eds germano a trav\u00e9s de los archivos de los nazis queda claro que es el \u201corigen jud\u00edo\u201d y no la raza lo que ha determinado su discriminaci\u00f3n. Es all\u00ed que ella llega a conocer la historia del alem\u00e1n August Landmesser (Finn Wittrock) quien reh\u00fasa a saludar a Hitler por el amor que sinti\u00f3 hacia Irma Eckler (Victoria Pedretti), su enamorada jud\u00eda. Prosiguiendo su viaje al pa\u00eds de Gandhi, ella es recibida por el erudito Dr. Suraj Yengde (\u00e9l mismo) quien le hace saber sobre la opresi\u00f3n de la sumida casta Dalit y las luchas emprendidas por su l\u00edder Bhimrao Ambedkar. Consecuentemente, la escritora comprueba que las injusticias provenientes de la discriminaci\u00f3n humana no se relacionan con el origen racial sino con un p\u00e9rfido sistema social estratificado que basado en el \u201corigen\u201d genera<span class=\"Apple-converted-space\">\u00a0 <\/span>aberrantes injusticias humanas.<\/p>\n<p class=\"p3\">Es elogiable el modo en que DuVernay recuenta la experiencia de la admirable periodista y escritora afroamericana, donde a trav\u00e9s del excelente gui\u00f3n introduce la presencia de su gran amiga y confidente prima Marion (Niecy Nash); es ella<span class=\"Apple-converted-space\">\u00a0 <\/span>quien le formula preguntas a Isabel para que le aclara con precisi\u00f3n la idea central que ella volcar\u00e1 en su libro.<\/p>\n<p class=\"p3\">Relatado de manera sencilla pero con gran efectividad, DuVernay logra que esta pel\u00edcula de ficci\u00f3n sobre un personaje real conmueva genuinamente a la audiencia, en gran parte debido a la antol\u00f3gica caracterizaci\u00f3n que Ellis-Taylor transmite a su personaje al posesionarse por completo del mismo. En su conclusi\u00f3n, Wilkerson expresa su aspiraci\u00f3n a lograr una<span class=\"Apple-converted-space\">\u00a0 <\/span>libertad que resulte igualitaria para todos, sin que exista restricci\u00f3n alguna que cercene el derecho de expresi\u00f3n inherente al g\u00e9nero humano..<\/p>\n<p class=\"p3\">En los cr\u00e9ditos finales de este excelente retrato brindado por DuVernay,se lee que Casta: El Origen de Nuestro Descontento publicado en 2020 ocup\u00f3 el segundo puesto en la lista de \u201cbest Sellers\u201d del New York Times en agosto de ese a\u00f1o, dos meses y medio despu\u00e9s del asesinato de George Floyd y que fue el m\u00e1s le\u00eddo y aclamado en Estados Unidos durante 58 semanas. La autora dedica este libro \u201ca la memoria de mis padres que sobrevivieron el sistema de casta y a la memoria de Brett que lo desafi\u00f3\u201d.<\/p>\n<p class=\"p4\"><b>THE TEACHER\u2019S LOUNGE (Das Lehrerzimmer)<\/b>. Alemania, 2023. Un film de Ilker \u00c7atak 94 minutos<\/p>\n<p><img loading=\"lazy\" decoding=\"async\" class=\"alignnone size-medium wp-image-515637\" src=\"https:\/\/diarioelpopular.com\/wp-content\/uploads\/2024\/01\/THE-TEACHERS-LOUNGE-300x225.jpg\" alt=\"\" width=\"300\" height=\"225\" srcset=\"https:\/\/diarioelpopular.com\/wp-content\/uploads\/2024\/01\/THE-TEACHERS-LOUNGE-300x225.jpg 300w, https:\/\/diarioelpopular.com\/wp-content\/uploads\/2024\/01\/THE-TEACHERS-LOUNGE-97x73.jpg 97w, https:\/\/diarioelpopular.com\/wp-content\/uploads\/2024\/01\/THE-TEACHERS-LOUNGE.jpg 600w\" sizes=\"auto, (max-width: 300px) 100vw, 300px\" \/><\/p>\n<p class=\"p1\">Leonie Benesch en THE TEACHER\u2019S LOUNGE<\/p>\n<p>&nbsp;<\/p>\n<p class=\"p5\">Una severa cr\u00edtica al sistema educacional imperante en una escuela de Alemania es lo que ofrece el director Ilker \u00c7atak en este magn\u00edfico film. En una satisfactoria combinaci\u00f3n de la acertada direcci\u00f3n y del remarcable gui\u00f3n escrito por el\u00a0realizador y Johannes Duncker se aprecia un impactante drama matizado de suspenso que ha sido muy bien acogido en oportunidad de su estreno mundial en el festival de Berl\u00edn de 2023.<\/p>\n<p class=\"p3\">La historia presenta a Carla Novak (Leonie Benesch) que\u00a0en su primer trabajo como docente imparte\u00a0matem\u00e1ticas y\u00a0educaci\u00f3n f\u00edsica a estudiantes que cursan el\u00a0s\u00e9ptimo a\u00f1o de estudios. Con entusiasmo e idealismo la joven profesora se esmera en brindar la mejor educaci\u00f3n a sus alumnos.<\/p>\n<p class=\"p3\">El factor que impulsa la acci\u00f3n es una serie de robos que han tenido lugar en la sala de profesores lo que motiva a que la directora del establecimiento escolar Bettina Bohm (Anne-Kathrin Gummich) junto con otros docentes comiencen a revisar los bolsos de los estudiantes; de inmediato acusan a Ali (Can Rodenbostel), un alumno de rostro moreno proveniente de una familia de inmigrantes de Turqu\u00eda que a su vez sufre el bullying de sus compa\u00f1eros. Sorprendida y frustrada por el procedimiento realizado Carla defiende a Ali y al propio tiempo tratando de investigar por su cuenta el problema sospecha que la ladrona es la se\u00f1ora Kuhn (Eva L\u00f6bau), una de las secretarias de la escuela; eso produce un gran revuelo, sobre todo en Oskar (Leonard Stettnisch), el hijo de Kuhn, uno de los alumnos m\u00e1s destacados del\u00a0curso.<\/p>\n<p class=\"p3\">Como una bola de nieve que se va agrandando, la actitud de Carla motiva a que resulte marginalizada por sus colegas, sea reprendida por la directora Bohm sintiendo que su acusaci\u00f3n da\u00f1a\u00a0la imagen de la instituci\u00f3n, reciba la agresividad de algunos de sus alumnos liderados por Oskar, asi como el encono de ciertos padres; incluso lo que acontece alcanza difusi\u00f3n en el\u00a0peri\u00f3dico de la escuela. A medida que el relato progresa la tensi\u00f3n va increment\u00e1ndose hasta llegar a un desenlace convincente que resultar\u00eda indiscreto revelar.<\/p>\n<p class=\"p3\">En su cuarta pel\u00edcula, el director acertadamente ilustra el \u00e1mbito escolar como un microcosmos de lo que acontece en el medio social donde los rumores y las noticias falsas pueden afectar la vida de personas inocentes que por empe\u00f1arse en la b\u00fasqueda de la verdad terminan destruidas.<\/p>\n<p class=\"p3\">A los m\u00e9ritos de la realizaci\u00f3n y de la riqueza del gui\u00f3n se a\u00f1ade el irreprochable elenco en el que los actores ofrecen completa autenticidad a los personajes que les ha tocado componer; entre los mismos, se distingue Benesch quien en el rol protag\u00f3nico mantiene una postura tranquila y nada impetuosa para no afectar a sus alumnos, a pesar de la angustia que est\u00e1 viviendo por dentro.\u00a0En los renglones t\u00e9cnicos se destaca la buena banda sonora de Marvin Miller, decididamente funcional al clima de inquietud e incertidumbre\u00a0del relato.<\/p>\n<p class=\"p3\">En esencia, he aqu\u00ed un provocativo film de innegable calidad que ha sido seleccionado como uno de los cinco t\u00edtulos nominados al Oscar de la Mejor Pel\u00edcula Internacional de 2023..<\/p>\n","protected":false},"excerpt":{"rendered":"<p>Mark Stanley, Camilo Arancibia y Benjam\u00edn Westfall en LOS COLONOS &nbsp; &nbsp; Por Jorge Gutman &nbsp; LOS COLONOS. Chile-Argentina-Francia-Dinamarca-Gran Breta\u00f1a-Suecia-Taiw\u00e1n, 2023. Un film de Felipe&hellip;<\/p>\n","protected":false},"author":99,"featured_media":515635,"comment_status":"open","ping_status":"open","sticky":false,"template":"","format":"standard","meta":{"footnotes":""},"categories":[80,81,2482,434],"tags":[],"class_list":["post-515634","post","type-post","status-publish","format-standard","has-post-thumbnail","hentry","category-cine-2","category-columnistas","category-espectaculo","category-hablemos-de-cine"],"_links":{"self":[{"href":"https:\/\/diarioelpopular.com\/index.php\/wp-json\/wp\/v2\/posts\/515634","targetHints":{"allow":["GET"]}}],"collection":[{"href":"https:\/\/diarioelpopular.com\/index.php\/wp-json\/wp\/v2\/posts"}],"about":[{"href":"https:\/\/diarioelpopular.com\/index.php\/wp-json\/wp\/v2\/types\/post"}],"author":[{"embeddable":true,"href":"https:\/\/diarioelpopular.com\/index.php\/wp-json\/wp\/v2\/users\/99"}],"replies":[{"embeddable":true,"href":"https:\/\/diarioelpopular.com\/index.php\/wp-json\/wp\/v2\/comments?post=515634"}],"version-history":[{"count":1,"href":"https:\/\/diarioelpopular.com\/index.php\/wp-json\/wp\/v2\/posts\/515634\/revisions"}],"predecessor-version":[{"id":515638,"href":"https:\/\/diarioelpopular.com\/index.php\/wp-json\/wp\/v2\/posts\/515634\/revisions\/515638"}],"wp:featuredmedia":[{"embeddable":true,"href":"https:\/\/diarioelpopular.com\/index.php\/wp-json\/wp\/v2\/media\/515635"}],"wp:attachment":[{"href":"https:\/\/diarioelpopular.com\/index.php\/wp-json\/wp\/v2\/media?parent=515634"}],"wp:term":[{"taxonomy":"category","embeddable":true,"href":"https:\/\/diarioelpopular.com\/index.php\/wp-json\/wp\/v2\/categories?post=515634"},{"taxonomy":"post_tag","embeddable":true,"href":"https:\/\/diarioelpopular.com\/index.php\/wp-json\/wp\/v2\/tags?post=515634"}],"curies":[{"name":"wp","href":"https:\/\/api.w.org\/{rel}","templated":true}]}}