{"id":515648,"date":"2024-01-29T19:04:36","date_gmt":"2024-01-29T23:04:36","guid":{"rendered":"https:\/\/diarioelpopular.com\/?p=515648"},"modified":"2024-01-29T19:04:36","modified_gmt":"2024-01-29T23:04:36","slug":"se-espera-que-se-pague-aun-mas-por-el-seguro-de-automovil-este-ano","status":"publish","type":"post","link":"https:\/\/diarioelpopular.com\/index.php\/2024\/01\/29\/se-espera-que-se-pague-aun-mas-por-el-seguro-de-automovil-este-ano\/","title":{"rendered":"Se espera que se pague a\u00fan m\u00e1s por el seguro de autom\u00f3vil este a\u00f1o"},"content":{"rendered":"<p><img loading=\"lazy\" decoding=\"async\" class=\"alignnone size-custom-full-size wp-image-515649\" src=\"https:\/\/diarioelpopular.com\/wp-content\/uploads\/2024\/01\/Screen-Shot-2024-01-29-at-6.04.00-PM-636x382.png\" alt=\"\" width=\"636\" height=\"382\" srcset=\"https:\/\/diarioelpopular.com\/wp-content\/uploads\/2024\/01\/Screen-Shot-2024-01-29-at-6.04.00-PM-636x382.png 636w, https:\/\/diarioelpopular.com\/wp-content\/uploads\/2024\/01\/Screen-Shot-2024-01-29-at-6.04.00-PM-300x180.png 300w, https:\/\/diarioelpopular.com\/wp-content\/uploads\/2024\/01\/Screen-Shot-2024-01-29-at-6.04.00-PM-768x461.png 768w, https:\/\/diarioelpopular.com\/wp-content\/uploads\/2024\/01\/Screen-Shot-2024-01-29-at-6.04.00-PM-122x73.png 122w, https:\/\/diarioelpopular.com\/wp-content\/uploads\/2024\/01\/Screen-Shot-2024-01-29-at-6.04.00-PM.png 1024w\" sizes=\"auto, (max-width: 636px) 100vw, 636px\" \/><\/p>\n<p>&nbsp;<\/p>\n<ul>\n<li><em><strong>Seg\u00fan un nuevo informe, los canadienses podr\u00edan ver primas de seguros de autom\u00f3viles a\u00fan m\u00e1s altas este a\u00f1o en medio de una creciente crisis de robos de autom\u00f3viles en el pa\u00eds y otros desaf\u00edos de la industria.<\/strong><\/em><\/li>\n<\/ul>\n<p>&nbsp;<\/p>\n<p>En su perspectiva de seguros de autom\u00f3viles para 2024 publicada el 26 de enero, Ratesdotca anticipa otro aumento en las primas en todo el pa\u00eds este a\u00f1o.<\/p>\n<p>Entre diciembre de 2022 y diciembre de 2023, hubo un aumento de casi el seis por ciento en las primas de seguros de veh\u00edculos de pasajeros en Canad\u00e1, seg\u00fan Statistics Canada.<\/p>\n<p>&#8220;Estamos viendo que muchas compa\u00f1\u00edas de seguros asumen aumentos significativos de tarifas como resultado de p\u00e9rdidas mayores y desproporcionadas en 2023&#8221;, dijo Daniel Ivans, experto en seguros de Ratesdotca.<\/p>\n<p>&#8220;Entonces, a medida que las reclamaciones comenzaron a aumentar y los pagos de las aseguradoras continuaron aumentando, como resultado de eso, tambi\u00e9n estamos viendo aumentos en las primas de seguros en todos los \u00e1mbitos&#8221;, dijo este lunes.<\/p>\n<p>El informe de Ratesdotca destac\u00f3 varios factores que influyen en el mercado de seguros de autom\u00f3viles.<\/p>\n<p>Entre ellos se encuentra el robo de veh\u00edculos, que se ha convertido en la llamada \u201cepidemia\u201d en Canad\u00e1.<\/p>\n<p>A nivel nacional, m\u00e1s de 80.000 veh\u00edculos fueron robados el a\u00f1o pasado, seg\u00fan la Oficina de Seguros de Canad\u00e1. En 2022, las reclamaciones por robo de autom\u00f3viles ascendieron a 1.200 millones de d\u00f3laresc, de los cuales 700 millones de d\u00f3lares solo en Ontario.<\/p>\n<p>Debido al gran aumento de las reclamaciones por robo, las compa\u00f1\u00edas de seguros est\u00e1n teniendo que asumir aumentos de tarifas, pero tambi\u00e9n est\u00e1n dando a los consumidores opciones para combatir estas reclamaciones por robo instalando un dispositivo antirrobo con etiqueta o incluso un palo para el volante del veh\u00edculo.<\/p>\n<p>El gobierno federal celebrar\u00e1 una cumbre nacional en Ottawa el pr\u00f3ximo mes para tratar de encontrar formas de abordar el problema del robo de autom\u00f3viles en el pa\u00eds.<\/p>\n<p>&#8220;Estamos tomando medidas firmes para abordar el aumento del robo de autom\u00f3viles en este pa\u00eds&#8221;, dijo la presidenta de la Junta del Tesoro, Anita Anand, durante una conferencia de prensa en Ottawa el lunes.<\/p>\n<p>&#8220;Queremos asegurarnos de que estamos haciendo lo que podemos porque nos damos cuenta de que esto no es s\u00f3lo una cuesti\u00f3n de derecho penal, sino tambi\u00e9n una cuesti\u00f3n relacionada con la asequibilidad&#8221;, a\u00f1adi\u00f3.<\/p>\n<p>Cuando se trata de primas de seguros, la inflaci\u00f3n es otro factor importante que encarece las reparaciones y el mantenimiento.<\/p>\n<p>La tasa de inflaci\u00f3n anual de Canad\u00e1 aument\u00f3 un 3,4 por ciento el mes pasado, seg\u00fan un informe de Statistics Canada publicado el 16 de enero.<\/p>\n<p>En diciembre de 2023, el costo de las piezas, el mantenimiento y las reparaciones de los veh\u00edculos de pasajeros aument\u00f3 un 5,6 por ciento en comparaci\u00f3n con el a\u00f1o anterior, seg\u00fan mostraron los datos de StatCan.<\/p>\n<p>Los costos de mantenimiento y reparaci\u00f3n tambi\u00e9n est\u00e1n aumentando debido a los avances en la tecnolog\u00eda del autom\u00f3vil, como las c\u00e1maras retrovisoras y los sensores de parachoques, dijo Ratesdotca en su informe.<\/p>\n<p>&#8220;Las reparaciones de veh\u00edculos en modelos de autom\u00f3viles m\u00e1s nuevos y avanzados son complejas y requieren t\u00e9cnicos especializados y, por lo tanto, mayores costos de mano de obra&#8221;, afirma el informe, y agrega que las reparaciones complejas tardan m\u00e1s en completarse.<\/p>\n<p>Ivans dijo que dado que los autom\u00f3viles son cada vez m\u00e1s complicados de reparar, el reclamo promedio es mucho m\u00e1s caro.<\/p>\n<p>Los veh\u00edculos el\u00e9ctricos (EV) tambi\u00e9n cuestan m\u00e1s y tardan m\u00e1s en repararse, ya que requieren piezas de equipo originales y t\u00e9cnicos capacitados.<\/p>\n<p>Mientras tanto, la industria automotriz tambi\u00e9n contin\u00faa enfrentando interrupciones en la cadena de suministro y escasez de repuestos para veh\u00edculos que fueron provocadas por primera vez por la pandemia de COVID-19.<\/p>\n<p>Las preocupaciones sobre la cadena de suministro se han intensificado tras los ataques de los hut\u00edes contra barcos comerciales y tripulaciones que operaban en el Mar Rojo este mes. Como resultado, tanto Volvo como Tesla detuvieron la producci\u00f3n en sus f\u00e1bricas de Europa.<\/p>\n<p>Cuando las compa\u00f1\u00edas de seguros soliciten aumentos de tarifas aprobados por las autoridades reguladoras provinciales, necesitar\u00e1n demostrar mayores \u00edndices de siniestralidad y un mayor pago por reclamaciones para justificar los aumentos de primas para cubrir las p\u00e9rdidas del pr\u00f3ximo a\u00f1o, dijo Ivans.<\/p>\n<p>&#8220;Creo que es importante que los consumidores comprendan que las primas aumentar\u00e1n cada vez que aumenten las reclamaciones&#8221;, dijo.<\/p>\n<p>En Canad\u00e1, es obligatorio por ley contratar un seguro de autom\u00f3vil si posee un autom\u00f3vil u otro veh\u00edculo. El requisito m\u00ednimo de cobertura var\u00eda seg\u00fan las provincias y territorios.<\/p>\n","protected":false},"excerpt":{"rendered":"<p>&nbsp; Seg\u00fan un nuevo informe, los canadienses podr\u00edan ver primas de seguros de autom\u00f3viles a\u00fan m\u00e1s altas este a\u00f1o en medio de una creciente crisis&hellip;<\/p>\n","protected":false},"author":99,"featured_media":515649,"comment_status":"open","ping_status":"open","sticky":false,"template":"","format":"standard","meta":{"footnotes":""},"categories":[21,11191],"tags":[],"class_list":["post-515648","post","type-post","status-publish","format-standard","has-post-thumbnail","hentry","category-canada","category-top-news"],"_links":{"self":[{"href":"https:\/\/diarioelpopular.com\/index.php\/wp-json\/wp\/v2\/posts\/515648","targetHints":{"allow":["GET"]}}],"collection":[{"href":"https:\/\/diarioelpopular.com\/index.php\/wp-json\/wp\/v2\/posts"}],"about":[{"href":"https:\/\/diarioelpopular.com\/index.php\/wp-json\/wp\/v2\/types\/post"}],"author":[{"embeddable":true,"href":"https:\/\/diarioelpopular.com\/index.php\/wp-json\/wp\/v2\/users\/99"}],"replies":[{"embeddable":true,"href":"https:\/\/diarioelpopular.com\/index.php\/wp-json\/wp\/v2\/comments?post=515648"}],"version-history":[{"count":1,"href":"https:\/\/diarioelpopular.com\/index.php\/wp-json\/wp\/v2\/posts\/515648\/revisions"}],"predecessor-version":[{"id":515650,"href":"https:\/\/diarioelpopular.com\/index.php\/wp-json\/wp\/v2\/posts\/515648\/revisions\/515650"}],"wp:featuredmedia":[{"embeddable":true,"href":"https:\/\/diarioelpopular.com\/index.php\/wp-json\/wp\/v2\/media\/515649"}],"wp:attachment":[{"href":"https:\/\/diarioelpopular.com\/index.php\/wp-json\/wp\/v2\/media?parent=515648"}],"wp:term":[{"taxonomy":"category","embeddable":true,"href":"https:\/\/diarioelpopular.com\/index.php\/wp-json\/wp\/v2\/categories?post=515648"},{"taxonomy":"post_tag","embeddable":true,"href":"https:\/\/diarioelpopular.com\/index.php\/wp-json\/wp\/v2\/tags?post=515648"}],"curies":[{"name":"wp","href":"https:\/\/api.w.org\/{rel}","templated":true}]}}