{"id":515663,"date":"2024-01-30T09:34:05","date_gmt":"2024-01-30T13:34:05","guid":{"rendered":"https:\/\/diarioelpopular.com\/?p=515663"},"modified":"2024-01-30T09:34:05","modified_gmt":"2024-01-30T13:34:05","slug":"cronicas-de-isla-de-paz-a-zona-de-guerra","status":"publish","type":"post","link":"https:\/\/diarioelpopular.com\/index.php\/2024\/01\/30\/cronicas-de-isla-de-paz-a-zona-de-guerra\/","title":{"rendered":"CR\u00d3NICAS: De Isla de Paz a Zona de Guerra"},"content":{"rendered":"<p class=\"p2\"><em><strong>Por: Luc\u00eda P. de Garc\u00eda<\/strong><\/em><\/p>\n<p class=\"p2\"><em><strong>Toronto.-<\/strong><\/em> Ecuador ha tenido fama de ser una \u201cIsla de Paz\u201d donde la Naturaleza ha marcado a sus habitantes con dignidad, honradez, solidaridad, bondad, alegr\u00eda, dedicaci\u00f3n al trabajo, paciencia y a la vez rebeld\u00eda. Con esa impronta los ecuatorianos hemos enfrentado dificultades y desacuerdos, para una vez superados volver a hermanarnos y vivir en paz. Precisamente ahora nuestro pa\u00eds est\u00e1 sufriendo una inseguridad que obliga a preguntarnos \u00bfc\u00f3mo se lleg\u00f3 a tal extremo?<\/p>\n<p class=\"p2\">Al parecer, todo empez\u00f3 en 1999, en el gobierno de Jamil Mahuad, quien decret\u00f3 el Feriado Bancario que gener\u00f3 un \u00e9xodo poblacional que afect\u00f3 en especial a ni\u00f1os y j\u00f3venes, muchos de los cuales aliviaron su soledad y sufrimiento uni\u00e9ndose a incipientes pandillas. El mismo a\u00f1o, la firma de un Convenio con Estados Unidos para instalar por 10 a\u00f1os la Base Militar de Manta y en enero del 2000 la promulgaci\u00f3n de la dolarizaci\u00f3n, produjeron cambios profundos en el pa\u00eds.<span class=\"Apple-converted-space\">\u00a0<\/span><\/p>\n<p class=\"p2\">Si bien la dolarizaci\u00f3n result\u00f3 ventajosa ya que estabiliz\u00f3 la econom\u00eda, no sucedi\u00f3 lo mismo con la Base Militar pues encareci\u00f3 la vida en Manta, los burdeles proliferaron al igual que los abusos de los estadounidenses. La m\u00ednima efectividad en la captura de droga y el hundimiento de embarcaciones de humildes pescadores sin rescatarlos, desat\u00f3 un rechazo que en 2003 dio nacimiento a la \u201cCoalici\u00f3n No Bases Ecuador\u201d, integrada por 20 organizaciones con la finalidad de evitar la renovaci\u00f3n del Convenio. A ellas se sumaron varias entidades latinoamericanas que repudiaron la presencia estadounidense ya que evidenciaba, como lo se\u00f1al\u00f3 el propio Comandante del Puesto de Operaciones de Avanzada, que la Base de Manta era \u201cmuy importante dentro del Plan Colombia, estamos muy bien ubicados para operar en esta \u00e1rea\u201d.<span class=\"Apple-converted-space\">\u00a0<\/span><\/p>\n<p class=\"p2\">En 2007 Rafael Correa fue electo presidente con el ofrecimiento de no renovar el Convenio, por lo que al cumplirse el tiempo estipulado en 2009, la Base Militar Estadounidense en Manta fue desmantelada. Previamente, en 2008, la Asamblea Nacional Constituyente hab\u00eda incluido en la Nueva Constituci\u00f3n lo que hoy sigue vigente: Proh\u00edbe albergar bases militares, tropas u otras formas de presencia militar extranjera en territorio patrio. Faculta al Presidente a suscribir o ratificar los tratados y otros instrumentos internacionales; indica que en forma inmediata debe informar a la Asamblea General su car\u00e1cter y contenido; s\u00f3lo si \u00e9sta lo aprueba ser\u00e1n v\u00e1lidos.<span class=\"Apple-converted-space\">\u00a0<\/span><\/p>\n<p class=\"p2\">Cabe se\u00f1alar que en 2007 el pa\u00eds registraba 18 homicidios por cada 100.000 habitantes. A partir de aquel a\u00f1o empezaron a regresar much\u00edsimos emigrantes, para descubrir con pesar que sus hijos integraban pandillas, manejaban armas, asaltaban, robaban veh\u00edculos, asesinaban, varios estaban presos. El gobierno brind\u00f3 a los j\u00f3venes la oportunidad de reformarse. Tras reconocerles como \u201cgrupo juvenil urbano\u201d, les educ\u00f3 en la misma c\u00e1rcel, les inculc\u00f3 el deporte, les dio empleo, acceso a cr\u00e9ditos para que empezaran sus negocios. Apenas 20 pandilleros aceptaron; no obstante, al constatar los beneficios se sumaron miles. En 2017, al t\u00e9rmino del mandato de Correa, la ONU, el Banco Mundial, el Banco Interamericano de Desarrollo, FLACSO y otras entidades internacionales confirmaron el registro de 5 homicidios por cada 100.000 habitantes, y ponderaron que Ecuador se hubiera ubicado como el segundo pa\u00eds m\u00e1s seguro de Latinoam\u00e9rica, s\u00f3lo superado por Chile.<span class=\"Apple-converted-space\">\u00a0<\/span><\/p>\n<p class=\"p2\">El gobierno de Lenin Moreno, 2017-2021, al \u201creducir la obesidad del Estado\u201d produjo un desempleo que lleg\u00f3 al 70%. Al eliminar el Ministerio Coordinador de Seguridad, el Ministerio del Interior que estaba a cargo de la Polic\u00eda, el Ministerio de Justicia que manejaba la rehabilitaci\u00f3n carcelaria, y la Secretar\u00eda General de Inteligencia, dio paso al delito y a la violencia. Con las c\u00e1rceles descuidadas, hacinadas, olvidadas, en febrero del 2021 se produjo la primera matanza, fue brutal.<span class=\"Apple-converted-space\">\u00a0<\/span><\/p>\n<p class=\"p2\">Guillermo Lasso, electo presidente para el per\u00edodo 2021-2025, termin\u00f3 su mandato en noviembre del 2023 tras decretar la Muerte Cruzada. Su gobierno emiti\u00f3 16 declaraciones de Estados de Excepci\u00f3n. Ocurrieron 14 matanzas carcelarias. Se recort\u00f3 a\u00fan m\u00e1s el presupuesto a las entidades p\u00fablicas, hospitalarias, educacionales, culturales, deportivas, lo que agudiz\u00f3 el desempleo y la pobreza. El \u00e9xodo poblacional fue mayor que el de 1999. Al juntarse el crimen organizado con grupos colombianos disidentes, carteles mexicanos y mafias europeas, se convirti\u00f3 en una fuerza capaz de infiltrar todos los \u00e1mbitos del desmantelado y muy endeudado Estado. Con el crecimiento del delito y en especial del narcotr\u00e1fico, en el 2023 se registraron 46 asesinatos por cada 100.000 habitantes, lo que coloca a Ecuador como uno de los 5 pa\u00edses m\u00e1s violentos del mundo.<span class=\"Apple-converted-space\">\u00a0<\/span><\/p>\n<p class=\"p2\">Ese pa\u00eds donde reina la inseguridad, es el que recibi\u00f3 Daniel Noboa el 23 de noviembre del 2023 al posesionarse como Presidente de la Rep\u00fablica hasta mayo del 2025. En este tiempo se han dado numerosos actos delictivos que han provocado p\u00e1nico a la poblaci\u00f3n; masivas fugas carcelarias; ataques a polic\u00edas que ni siquiera contaban con chalecos antibalas, armas, patrulleros, mientras los delincuentes han convertido a las c\u00e1rceles en suites de lujo, desde donde manejan sus negocios.<span class=\"Apple-converted-space\">\u00a0<\/span><\/p>\n<p class=\"p2\">Ante esa \u201cgrave conmoci\u00f3n interna\u201d el 8 de enero el presidente Noboa firm\u00f3 su primer decreto de Estado de Excepci\u00f3n. El documento califica a los delincuentes como \u201cterroristas\u201d, y como \u201cconflicto armado interno\u201d al producto de sus acciones, por lo que encarga enfrentarlos y llevarlos ante la Justicia al liderazgo de las Fuerzas Armadas y a la Polic\u00eda. La poblaci\u00f3n y todos los grupos pol\u00edticos se han unido para apoyar la decisi\u00f3n que hace que la Isla de Paz pase a ser una Zona de Guerra. Aunque el enfrentamiento entre ecuatorianos duele, recuperar la Seguridad y la Paz lo amerita.<span class=\"Apple-converted-space\">\u00a0<\/span><\/p>\n","protected":false},"excerpt":{"rendered":"<p>Por: Luc\u00eda P. de Garc\u00eda Toronto.- Ecuador ha tenido fama de ser una \u201cIsla de Paz\u201d donde la Naturaleza ha marcado a sus habitantes con&hellip;<\/p>\n","protected":false},"author":99,"featured_media":0,"comment_status":"open","ping_status":"open","sticky":false,"template":"","format":"standard","meta":{"footnotes":""},"categories":[21],"tags":[],"class_list":["post-515663","post","type-post","status-publish","format-standard","hentry","category-canada"],"_links":{"self":[{"href":"https:\/\/diarioelpopular.com\/index.php\/wp-json\/wp\/v2\/posts\/515663","targetHints":{"allow":["GET"]}}],"collection":[{"href":"https:\/\/diarioelpopular.com\/index.php\/wp-json\/wp\/v2\/posts"}],"about":[{"href":"https:\/\/diarioelpopular.com\/index.php\/wp-json\/wp\/v2\/types\/post"}],"author":[{"embeddable":true,"href":"https:\/\/diarioelpopular.com\/index.php\/wp-json\/wp\/v2\/users\/99"}],"replies":[{"embeddable":true,"href":"https:\/\/diarioelpopular.com\/index.php\/wp-json\/wp\/v2\/comments?post=515663"}],"version-history":[{"count":1,"href":"https:\/\/diarioelpopular.com\/index.php\/wp-json\/wp\/v2\/posts\/515663\/revisions"}],"predecessor-version":[{"id":515664,"href":"https:\/\/diarioelpopular.com\/index.php\/wp-json\/wp\/v2\/posts\/515663\/revisions\/515664"}],"wp:attachment":[{"href":"https:\/\/diarioelpopular.com\/index.php\/wp-json\/wp\/v2\/media?parent=515663"}],"wp:term":[{"taxonomy":"category","embeddable":true,"href":"https:\/\/diarioelpopular.com\/index.php\/wp-json\/wp\/v2\/categories?post=515663"},{"taxonomy":"post_tag","embeddable":true,"href":"https:\/\/diarioelpopular.com\/index.php\/wp-json\/wp\/v2\/tags?post=515663"}],"curies":[{"name":"wp","href":"https:\/\/api.w.org\/{rel}","templated":true}]}}