{"id":515719,"date":"2024-02-06T08:57:11","date_gmt":"2024-02-06T12:57:11","guid":{"rendered":"https:\/\/diarioelpopular.com\/?p=515719"},"modified":"2024-02-06T08:57:11","modified_gmt":"2024-02-06T12:57:11","slug":"cronicas-idilio-entre-antonio-jose-de-sucre-y-mariana-carcelen","status":"publish","type":"post","link":"https:\/\/diarioelpopular.com\/index.php\/2024\/02\/06\/cronicas-idilio-entre-antonio-jose-de-sucre-y-mariana-carcelen\/","title":{"rendered":"CR\u00d3NICAS. Idilio entre Antonio Jos\u00e9 de Sucre y Mariana Carcel\u00e9n"},"content":{"rendered":"<p class=\"p2\"><em><strong>Por: Luc\u00eda P. de Garc\u00eda<\/strong><\/em><\/p>\n<p class=\"p2\"><em><strong>Toronto.-<\/strong><\/em> Antonio Jos\u00e9 de Sucre descend\u00eda de las faldas del volc\u00e1n Pichincha luego de otorgar la independencia de Espa\u00f1a a la Real Audiencia de Quito, hoy Ecuador. La poblaci\u00f3n, que desde la capital hab\u00eda contemplado la lucha, festejaba con algarab\u00eda, mientras \u00e9l y un grupo de sus subalternos se alojaban en el Convento de Santo Domingo. Una joven atraves\u00f3 a toda prisa uno de los corredores, al preguntar de qui\u00e9n se trataba le dijeron que era Mariana Carcel\u00e9n, hija del Marqu\u00e9s de Solanda. Ella, su madre y otras j\u00f3venes se hab\u00edan refugiado en el lugar para prevenir desmanes tras la contienda. El Gran Mariscal de Ayacucho se present\u00f3, ofreci\u00e9ndoles garant\u00edas para que volvieran a sus hogares sin inconvenientes. Poco despu\u00e9s liber\u00f3 a los patriotas que estaban encarcelados, entre ellos al padre de Mariana. Era el 24 de Mayo de 1822.<span class=\"Apple-converted-space\">\u00a0<\/span><\/p>\n<p class=\"p2\">A las gentilezas de Sucre el Marqu\u00e9s correspondi\u00f3 invit\u00e1ndole a una de sus haciendas, Quisinche, cerca de Quito. Las alamedas llenas de rosas y la complicidad de los enormes sauces auspici\u00f3 el idilio entre Antonio Jos\u00e9 y Mariana, cuyos progenitores apoyaron gustosos.<span class=\"Apple-converted-space\">\u00a0<\/span><\/p>\n<p class=\"p2\">Hab\u00edan transcurrido varias semanas cuando lleg\u00f3 de visita Sim\u00f3n Bol\u00edvar, quien encontr\u00f3 a Sucre<span class=\"Apple-converted-space\">\u00a0 <\/span>totalmente flechado por Cupido. \u00c9ste le confi\u00f3 que deseaba casarse y radicarse en Quito. El Libertador se alegr\u00f3 por la decisi\u00f3n de quien quer\u00eda como a un hijo, s\u00f3lo le pidi\u00f3 que antes le acompa\u00f1ara al Per\u00fa, pues le era imprescindible su presencia en esas tierras. Poniendo por sobre sus afectos la causa independentista, Antonio Jos\u00e9 parti\u00f3 prometi\u00e9ndole a Mariana amor eterno y pronto regreso. M\u00e1s, la campa\u00f1a en el Virreinato de Lima fue dif\u00edcil, larga, y el retorno se prolong\u00f3 aliviado por las eventuales visitas de Sucre a Mariana y el intercambio de cartas.<span class=\"Apple-converted-space\">\u00a0<\/span><\/p>\n<p class=\"p2\">A fines de 1823, al revisar su correspondencia, Sucre recibi\u00f3 la noticia de que Mariana se hab\u00eda casado con un general colombiano. Devastado, decidi\u00f3 arrancarse por completo el recuerdo de la quite\u00f1a entreg\u00e1ndose a la guerra. D\u00edas despu\u00e9s, unos amigos que llegaron de Quito le informaron que si bien era cierto que dicho oficial hab\u00eda pretendido a la joven, el asunto hab\u00eda terminado cuando Mariana y sus padres le hab\u00edan indicado que ella estaba comprometida. Aliviado, Sucre escribi\u00f3 a Vicente Aguirre, amigo com\u00fan de \u00e9l y de Mariana, que ante ella y su familia ratificara que \u201cyo quiero infinitamente a Mariana y ser\u00e9 fiel a mi palabra\u201d. La pareja contrajo nupcias en 1828, cuando Sucre era Presidente de Bolivia. Poco tiempo vivieron en tierras bolivianas. Sucre renunci\u00f3 a su cargo y regres\u00f3 a Quito, donde naci\u00f3 su hija Teresita. Un a\u00f1o m\u00e1s tarde fue a Bogot\u00e1 para presidir el Congreso que deb\u00eda evitar la fragmentaci\u00f3n de la Gran Colombia. De regreso a Quito fue asesinado en Berruecos el 4 de junio de 1830, cuando ten\u00eda 35 a\u00f1os de edad.<span class=\"Apple-converted-space\">\u00a0<\/span><\/p>\n<p class=\"p2\">Mariana qued\u00f3 viuda a los 24 a\u00f1os de edad. Luego de contraer segundas nupcias, Teresita falleci\u00f3 cuando ten\u00eda 2 a\u00f1os y Mariana fue madre de un ni\u00f1o. Nuevamente viuda, contrajo un tercer matrimonio del que naci\u00f3 una ni\u00f1a que muri\u00f3 al poco de nacer. Su \u00fanico v\u00e1stago le caus\u00f3 un gran dolor al casarse con la hija del primer Presidente del Ecuador, Juan Jos\u00e9 Flores, a quien Mariana culpaba por la muerte de Sucre. La Marquesa de Solanda falleci\u00f3 en 1861. Nunca pudo ser totalmente feliz. Mantuvo en secreto el lugar donde descansaron los restos del Gran Mariscal de Ayacucho para evitar que los profanaran sus enemigos pol\u00edticos. Al conocerse el secreto 70 a\u00f1os m\u00e1s tarde,<span class=\"Apple-converted-space\">\u00a0 <\/span>los restos de Sucre fueron trasladados con honores a la Catedral Metropolitana de Quito. El idilio entre Antonio Jos\u00e9 de Sucre y Mariana Carcel\u00e9n se inscribi\u00f3 en la historia.<span class=\"Apple-converted-space\">\u00a0 \u00a0<\/span><\/p>\n","protected":false},"excerpt":{"rendered":"<p>Por: Luc\u00eda P. de Garc\u00eda Toronto.- Antonio Jos\u00e9 de Sucre descend\u00eda de las faldas del volc\u00e1n Pichincha luego de otorgar la independencia de Espa\u00f1a a&hellip;<\/p>\n","protected":false},"author":99,"featured_media":0,"comment_status":"open","ping_status":"open","sticky":false,"template":"","format":"standard","meta":{"footnotes":""},"categories":[21],"tags":[],"class_list":["post-515719","post","type-post","status-publish","format-standard","hentry","category-canada"],"_links":{"self":[{"href":"https:\/\/diarioelpopular.com\/index.php\/wp-json\/wp\/v2\/posts\/515719","targetHints":{"allow":["GET"]}}],"collection":[{"href":"https:\/\/diarioelpopular.com\/index.php\/wp-json\/wp\/v2\/posts"}],"about":[{"href":"https:\/\/diarioelpopular.com\/index.php\/wp-json\/wp\/v2\/types\/post"}],"author":[{"embeddable":true,"href":"https:\/\/diarioelpopular.com\/index.php\/wp-json\/wp\/v2\/users\/99"}],"replies":[{"embeddable":true,"href":"https:\/\/diarioelpopular.com\/index.php\/wp-json\/wp\/v2\/comments?post=515719"}],"version-history":[{"count":1,"href":"https:\/\/diarioelpopular.com\/index.php\/wp-json\/wp\/v2\/posts\/515719\/revisions"}],"predecessor-version":[{"id":515720,"href":"https:\/\/diarioelpopular.com\/index.php\/wp-json\/wp\/v2\/posts\/515719\/revisions\/515720"}],"wp:attachment":[{"href":"https:\/\/diarioelpopular.com\/index.php\/wp-json\/wp\/v2\/media?parent=515719"}],"wp:term":[{"taxonomy":"category","embeddable":true,"href":"https:\/\/diarioelpopular.com\/index.php\/wp-json\/wp\/v2\/categories?post=515719"},{"taxonomy":"post_tag","embeddable":true,"href":"https:\/\/diarioelpopular.com\/index.php\/wp-json\/wp\/v2\/tags?post=515719"}],"curies":[{"name":"wp","href":"https:\/\/api.w.org\/{rel}","templated":true}]}}