{"id":515724,"date":"2024-02-06T09:58:25","date_gmt":"2024-02-06T13:58:25","guid":{"rendered":"https:\/\/diarioelpopular.com\/?p=515724"},"modified":"2024-02-06T09:58:25","modified_gmt":"2024-02-06T13:58:25","slug":"el-mercado-inmobiliario-del-gran-toronto-se-ajusta-a-medida-que-las-ventas-de-viviendas-aumentan-un-37-en-enero-junta","status":"publish","type":"post","link":"https:\/\/diarioelpopular.com\/index.php\/2024\/02\/06\/el-mercado-inmobiliario-del-gran-toronto-se-ajusta-a-medida-que-las-ventas-de-viviendas-aumentan-un-37-en-enero-junta\/","title":{"rendered":"El mercado inmobiliario del Gran Toronto se ajusta a medida que las ventas de viviendas aumentan un 37% en enero: junta"},"content":{"rendered":"<p><img loading=\"lazy\" decoding=\"async\" class=\"alignnone size-custom-full-size wp-image-515725\" src=\"https:\/\/diarioelpopular.com\/wp-content\/uploads\/2024\/02\/Screen-Shot-2024-02-06-at-8.57.42-AM-636x389.png\" alt=\"\" width=\"636\" height=\"389\" srcset=\"https:\/\/diarioelpopular.com\/wp-content\/uploads\/2024\/02\/Screen-Shot-2024-02-06-at-8.57.42-AM-636x389.png 636w, https:\/\/diarioelpopular.com\/wp-content\/uploads\/2024\/02\/Screen-Shot-2024-02-06-at-8.57.42-AM-300x184.png 300w, https:\/\/diarioelpopular.com\/wp-content\/uploads\/2024\/02\/Screen-Shot-2024-02-06-at-8.57.42-AM-768x470.png 768w, https:\/\/diarioelpopular.com\/wp-content\/uploads\/2024\/02\/Screen-Shot-2024-02-06-at-8.57.42-AM-119x73.png 119w, https:\/\/diarioelpopular.com\/wp-content\/uploads\/2024\/02\/Screen-Shot-2024-02-06-at-8.57.42-AM.png 1024w\" sizes=\"auto, (max-width: 636px) 100vw, 636px\" \/><\/p>\n<p>&nbsp;<\/p>\n<p>&nbsp;<\/p>\n<ul>\n<li><em><strong>Las ventas de viviendas en el \u00e1rea metropolitana de Toronto se dispararon un 37 por ciento el mes pasado en comparaci\u00f3n con el mismo mes del a\u00f1o anterior, ya que los menores costos de endeudamiento asociados con las hipotecas de tasa fija atrajeron a algunos compradores de regreso al mercado.<\/strong><\/em><\/li>\n<\/ul>\n<p>&nbsp;<\/p>\n<p>La Junta Regional de Bienes Ra\u00edces de Toronto dice que las 4.223 ventas de viviendas del mes pasado tambi\u00e9n marcaron un aumento intermensual del 22,9 por ciento con respecto a diciembre.<\/p>\n<p>La junta dice que el mercado est\u00e1 m\u00e1s ajustado que hace un a\u00f1o, ya que las nuevas ofertas aumentaron un 6,1 por ciento, pero no siguieron el ritmo de la demanda.<\/p>\n<p>Las ventas aumentaron en todas las categor\u00edas de viviendas en la regi\u00f3n sobre una base anual, lideradas por las casas adosadas con un 54,5 por ciento y las casas adosadas con un 42,9 por ciento.<\/p>\n<p>Mientras tanto, el precio promedio de la vivienda cay\u00f3 un uno por ciento respecto al mismo per\u00edodo del a\u00f1o pasado a $1,026,703, lo que tambi\u00e9n represent\u00f3 una ca\u00edda del 5,4 por ciento respecto al \u00faltimo mes de 2023.<\/p>\n<p>La presidenta del TRREB, Jennifer Pearce, dice que si la inflaci\u00f3n se enfr\u00eda este a\u00f1o como ha pronosticado el Banco de Canad\u00e1, las tasas de inter\u00e9s m\u00e1s bajas resultantes deber\u00edan incitar a m\u00e1s compradores a reingresar al mercado, incluidos aquellos que actualmente enfrentan alquileres elevados en busca de su primera vivienda.<\/p>\n","protected":false},"excerpt":{"rendered":"<p>&nbsp; &nbsp; Las ventas de viviendas en el \u00e1rea metropolitana de Toronto se dispararon un 37 por ciento el mes pasado en comparaci\u00f3n con el&hellip;<\/p>\n","protected":false},"author":99,"featured_media":515725,"comment_status":"open","ping_status":"open","sticky":false,"template":"","format":"standard","meta":{"footnotes":""},"categories":[21],"tags":[],"class_list":["post-515724","post","type-post","status-publish","format-standard","has-post-thumbnail","hentry","category-canada"],"_links":{"self":[{"href":"https:\/\/diarioelpopular.com\/index.php\/wp-json\/wp\/v2\/posts\/515724","targetHints":{"allow":["GET"]}}],"collection":[{"href":"https:\/\/diarioelpopular.com\/index.php\/wp-json\/wp\/v2\/posts"}],"about":[{"href":"https:\/\/diarioelpopular.com\/index.php\/wp-json\/wp\/v2\/types\/post"}],"author":[{"embeddable":true,"href":"https:\/\/diarioelpopular.com\/index.php\/wp-json\/wp\/v2\/users\/99"}],"replies":[{"embeddable":true,"href":"https:\/\/diarioelpopular.com\/index.php\/wp-json\/wp\/v2\/comments?post=515724"}],"version-history":[{"count":1,"href":"https:\/\/diarioelpopular.com\/index.php\/wp-json\/wp\/v2\/posts\/515724\/revisions"}],"predecessor-version":[{"id":515726,"href":"https:\/\/diarioelpopular.com\/index.php\/wp-json\/wp\/v2\/posts\/515724\/revisions\/515726"}],"wp:featuredmedia":[{"embeddable":true,"href":"https:\/\/diarioelpopular.com\/index.php\/wp-json\/wp\/v2\/media\/515725"}],"wp:attachment":[{"href":"https:\/\/diarioelpopular.com\/index.php\/wp-json\/wp\/v2\/media?parent=515724"}],"wp:term":[{"taxonomy":"category","embeddable":true,"href":"https:\/\/diarioelpopular.com\/index.php\/wp-json\/wp\/v2\/categories?post=515724"},{"taxonomy":"post_tag","embeddable":true,"href":"https:\/\/diarioelpopular.com\/index.php\/wp-json\/wp\/v2\/tags?post=515724"}],"curies":[{"name":"wp","href":"https:\/\/api.w.org\/{rel}","templated":true}]}}