{"id":515734,"date":"2024-02-06T22:07:29","date_gmt":"2024-02-07T02:07:29","guid":{"rendered":"https:\/\/diarioelpopular.com\/?p=515734"},"modified":"2024-02-06T22:07:29","modified_gmt":"2024-02-07T02:07:29","slug":"que-es-la-trampa-de-la-poblacion-a-la-que-se-enfrenta-canada-y-como-puede-afectar-a-quienes-planean-migrar-al-pais","status":"publish","type":"post","link":"https:\/\/diarioelpopular.com\/index.php\/2024\/02\/06\/que-es-la-trampa-de-la-poblacion-a-la-que-se-enfrenta-canada-y-como-puede-afectar-a-quienes-planean-migrar-al-pais\/","title":{"rendered":"Qu\u00e9 es la &#8220;trampa de la poblaci\u00f3n&#8221; a la que se enfrenta Canad\u00e1 y c\u00f3mo puede afectar a quienes planean migrar al pa\u00eds"},"content":{"rendered":"<div class=\"bbc-1151pbn ebmt73l0\" dir=\"ltr\">\n<h1 id=\"content\" class=\"bbc-14gqcmb e1p3vdyi0\" tabindex=\"-1\"><\/h1>\n<\/div>\n<figure class=\"bbc-1qn0xuy\">\n<div class=\"bbc-sni631\"><picture><img loading=\"lazy\" decoding=\"async\" class=\"bbc-1uwua2r\" src=\"https:\/\/ichef.bbci.co.uk\/ace\/ws\/640\/cpsprodpb\/4f27\/live\/de9b6970-c4f6-11ee-a708-a5e3cd8184fa.jpg\" sizes=\"auto, (min-width: 1008px) 760px, 100vw\" srcset=\"https:\/\/ichef.bbci.co.uk\/ace\/ws\/240\/cpsprodpb\/4f27\/live\/de9b6970-c4f6-11ee-a708-a5e3cd8184fa.jpg 240w, https:\/\/ichef.bbci.co.uk\/ace\/ws\/320\/cpsprodpb\/4f27\/live\/de9b6970-c4f6-11ee-a708-a5e3cd8184fa.jpg 320w, https:\/\/ichef.bbci.co.uk\/ace\/ws\/480\/cpsprodpb\/4f27\/live\/de9b6970-c4f6-11ee-a708-a5e3cd8184fa.jpg 480w, https:\/\/ichef.bbci.co.uk\/ace\/ws\/624\/cpsprodpb\/4f27\/live\/de9b6970-c4f6-11ee-a708-a5e3cd8184fa.jpg 624w, https:\/\/ichef.bbci.co.uk\/ace\/ws\/800\/cpsprodpb\/4f27\/live\/de9b6970-c4f6-11ee-a708-a5e3cd8184fa.jpg 800w\" alt=\"Migrantes en Canad\u00e1\" width=\"2119\" height=\"1192\" \/><\/picture><\/div><figcaption class=\"bbc-1jsyunq e6i104o0\" dir=\"ltr\">\n<h5><em>La diversidad es una de las caracter\u00edsticas principales de la inmigraci\u00f3n en Canad\u00e1.<\/em><\/h5>\n<\/figcaption><\/figure>\n<div class=\"bbc-19j92fr ebmt73l0\" dir=\"ltr\">\n<p dir=\"ltr\">\n<p class=\"bbc-hhl7in e17g058b0\" dir=\"ltr\"><em><b>Canad\u00e1 es conocido, entre otras cosas, por su pol\u00edtica de puertas abiertas a la inmigraci\u00f3n.<\/b><\/em><\/p>\n<\/div>\n<div class=\"bbc-19j92fr ebmt73l0\" dir=\"ltr\">\n<p dir=\"ltr\">\n<p dir=\"ltr\">\n<p class=\"bbc-hhl7in e17g058b0\" dir=\"ltr\">Esto ha permitido, a lo largo de los a\u00f1os, la llegada de talentos y abundante mano de obra que ha dinamizado su econom\u00eda, entre ellos muchos de Am\u00e9rica Latina.<\/p>\n<\/div>\n<div class=\"bbc-19j92fr ebmt73l0\" dir=\"ltr\">\n<p class=\"bbc-hhl7in e17g058b0\" dir=\"ltr\">Y, en los \u00faltimos a\u00f1os, ha convertido a Canad\u00e1 en uno de los pa\u00edses del mundo en los que m\u00e1s crece la poblaci\u00f3n.<\/p>\n<\/div>\n<div class=\"bbc-19j92fr ebmt73l0\" dir=\"ltr\">\n<p class=\"bbc-hhl7in e17g058b0\" dir=\"ltr\">En 2023 el n\u00famero de habitantes repunt\u00f3\u00a0un 3,2%, la mayor variaci\u00f3n\u00a0desde que existen datos, hasta superar los\u00a040,5 millones, r\u00e9cord hist\u00f3rico de poblaci\u00f3n.<\/p>\n<p dir=\"ltr\">\n<\/div>\n<section class=\"bbc-geybui\" role=\"region\" aria-label=\"Publicidad 2\" aria-hidden=\"true\" data-e2e=\"advertisement\"><\/section>\n<p><iframe loading=\"lazy\" id=\"flourish-id-a636c5d4\" class=\"bbc-axsk9o\" title=\"Interactive or visual content\" src=\"https:\/\/flo.uri.sh\/visualisation\/16551383\/embed?auto=1\" width=\"700\" height=\"575\" frameborder=\"0\" scrolling=\"no\" data-mce-fragment=\"1\"><\/iframe><\/p>\n<div class=\"bbc-19j92fr ebmt73l0\" dir=\"ltr\">\n<p dir=\"ltr\">\n<p class=\"bbc-hhl7in e17g058b0\" dir=\"ltr\">&#8220;El crecimiento demogr\u00e1fico de Canad\u00e1\u00a0proviene casi en su totalidad de la inmigraci\u00f3n neta permanente o temporal&#8221;, indic\u00f3 una portavoz del Departamento de Inmigraci\u00f3n canadiense (IRCC por sus siglas en Ingl\u00e9s).<\/p>\n<\/div>\n<div class=\"bbc-1n4f7vm ebmt73l0\" dir=\"ltr\"><\/div>\n<div class=\"bbc-19j92fr ebmt73l0\" dir=\"ltr\">\n<p class=\"bbc-hhl7in e17g058b0\" dir=\"ltr\">M\u00e1s de 1,25 millones de extranjeros se instalaron en Canad\u00e1 el a\u00f1o pasado entre residentes permanentes y no permanentes.<\/p>\n<\/div>\n<div class=\"bbc-19j92fr ebmt73l0\" dir=\"ltr\">\n<p class=\"bbc-hhl7in e17g058b0\" dir=\"ltr\">La magnitud de la cifra ha provocado, sin embargo, que salten las alarmas por la escasez de viviendas disponibles y un fen\u00f3meno que amenaza con minar la econom\u00eda canadiense:\u00a0la &#8220;trampa de la poblaci\u00f3n&#8221;.<\/p>\n<\/div>\n<div class=\"bbc-19j92fr ebmt73l0\" dir=\"ltr\">\n<p class=\"bbc-hhl7in e17g058b0\" dir=\"ltr\">Te contamos qu\u00e9 ocurre en Canad\u00e1 y c\u00f3mo puede afectar a la llegada de migrantes en el futuro.<\/p>\n<\/div>\n<div class=\"bbc-19j92fr ebmt73l0\" dir=\"ltr\">\n<h2 id=\"La-pol\u00edtica-de-puertas-abiertas\" class=\"bbc-1f03ibc eglt09e0\" tabindex=\"-1\">La pol\u00edtica de puertas abiertas<\/h2>\n<\/div>\n<div class=\"bbc-19j92fr ebmt73l0\" dir=\"ltr\">\n<p class=\"bbc-hhl7in e17g058b0\" dir=\"ltr\">En el \u00faltimo medio siglo, Canad\u00e1 se ha transformado en una naci\u00f3n multicultural.<\/p>\n<\/div>\n<div class=\"bbc-19j92fr ebmt73l0\" dir=\"ltr\">\n<p class=\"bbc-hhl7in e17g058b0\" dir=\"ltr\">Con una inmensa superficie habitada por solo 12 millones tras la Segunda Guerra Mundial, el gobierno canadiense promovi\u00f3 durante las siguientes d\u00e9cadas\u00a0pol\u00edticas para atraer a extranjeros que poblaran el pa\u00eds\u00a0y expandieran su econom\u00eda.<\/p>\n<\/div>\n<div class=\"bbc-19j92fr ebmt73l0\" dir=\"ltr\">\n<p class=\"bbc-hhl7in e17g058b0\" dir=\"ltr\">Adem\u00e1s de convertir a Canad\u00e1 en una de las sociedades m\u00e1s multiculturales del mundo, la inmigraci\u00f3n ha sido un motor clave de crecimiento al aportar talento y mano de obra a las empresas.<\/p>\n<p dir=\"ltr\">\n<\/div>\n<figure class=\"bbc-1qn0xuy\">\n<div class=\"bbc-18qcclp\"><picture><img loading=\"lazy\" decoding=\"async\" class=\"bbc-1uwua2r\" src=\"https:\/\/ichef.bbci.co.uk\/ace\/ws\/640\/cpsprodpb\/4ca6\/live\/04d37d80-bc87-11ee-8fea-cf48c525db2a.jpg\" sizes=\"auto, (min-width: 1008px) 760px, 100vw\" srcset=\"https:\/\/ichef.bbci.co.uk\/ace\/ws\/240\/cpsprodpb\/4ca6\/live\/04d37d80-bc87-11ee-8fea-cf48c525db2a.jpg 240w, https:\/\/ichef.bbci.co.uk\/ace\/ws\/320\/cpsprodpb\/4ca6\/live\/04d37d80-bc87-11ee-8fea-cf48c525db2a.jpg 320w, https:\/\/ichef.bbci.co.uk\/ace\/ws\/480\/cpsprodpb\/4ca6\/live\/04d37d80-bc87-11ee-8fea-cf48c525db2a.jpg 480w, https:\/\/ichef.bbci.co.uk\/ace\/ws\/624\/cpsprodpb\/4ca6\/live\/04d37d80-bc87-11ee-8fea-cf48c525db2a.jpg 624w, https:\/\/ichef.bbci.co.uk\/ace\/ws\/800\/cpsprodpb\/4ca6\/live\/04d37d80-bc87-11ee-8fea-cf48c525db2a.jpg 800w\" alt=\"Justin Trudeau\" width=\"819\" height=\"461\" \/><\/picture><\/div><figcaption class=\"bbc-1jsyunq e6i104o0\" dir=\"ltr\">\n<h5><em>El primer ministro, Justin Trudeau, ha mantenido pol\u00edticas favorables a la inmigraci\u00f3n para atraer talento y mano de obra al pa\u00eds.<\/em><\/h5>\n<\/figcaption><\/figure>\n<div class=\"bbc-19j92fr ebmt73l0\" dir=\"ltr\">\n<p dir=\"ltr\">\n<p dir=\"ltr\">\n<p class=\"bbc-hhl7in e17g058b0\" dir=\"ltr\">El primer ministro,\u00a0Justin Trudeau, que gobierna desde 2015, dio un impulso a las pol\u00edticas de puertas abiertas con medidas para incrementar progresivamente la admisi\u00f3n de for\u00e1neos.<\/p>\n<\/div>\n<div class=\"bbc-19j92fr ebmt73l0\" dir=\"ltr\">\n<p class=\"bbc-hhl7in e17g058b0\" dir=\"ltr\">Aunque el gobierno establece l\u00edmites a los nuevos residentes permanentes (por ejemplo, en 2023 se especific\u00f3 un m\u00e1ximo de 465.000 visados) hasta ahora no lo ha hecho a los no permanentes, categor\u00eda que incluye sobre todo a estudiantes extranjeros, aunque tambi\u00e9n a trabajadores temporales y refugiados.<\/p>\n<\/div>\n<div class=\"bbc-19j92fr ebmt73l0\" dir=\"ltr\">\n<p class=\"bbc-hhl7in e17g058b0\" dir=\"ltr\">As\u00ed, el a\u00f1o pasado se concedieron visados a unos\u00a0454.590 nuevos residentes permanentes y 804.690 a no permanentes.<\/p>\n<\/div>\n<div class=\"bbc-19j92fr ebmt73l0\" dir=\"ltr\">\n<p class=\"bbc-hhl7in e17g058b0\" dir=\"ltr\">Estas cifras, muy superiores a las de a\u00f1os anteriores, suponen el mayor aumento poblacional en Canad\u00e1 desde que se tienen registros.<\/p>\n<\/div>\n<div class=\"bbc-19j92fr ebmt73l0\" dir=\"ltr\">\n<p class=\"bbc-hhl7in e17g058b0\" dir=\"ltr\">Y han provocado, seg\u00fan el Banco Nacional de Canad\u00e1 (NBC por sus siglas en ingl\u00e9s) el preocupante fen\u00f3meno de la &#8220;trampa de la poblaci\u00f3n&#8221;.<\/p>\n<\/div>\n<div class=\"bbc-19j92fr ebmt73l0\" dir=\"ltr\">\n<h2 id=\"La-trampa-de-la-poblaci\u00f3n\" class=\"bbc-1f03ibc eglt09e0\" tabindex=\"-1\">La &#8220;trampa de la poblaci\u00f3n&#8221;<\/h2>\n<\/div>\n<div class=\"bbc-19j92fr ebmt73l0\" dir=\"ltr\">\n<p class=\"bbc-hhl7in e17g058b0\" dir=\"ltr\">Mientras la poblaci\u00f3n de Canad\u00e1 crec\u00eda un 3,2% en 2023 respecto al a\u00f1o anterior, el PIB lo hizo solo un estimado 1,29%, a la espera de conocer el dato definitivo.<\/p>\n<\/div>\n<div class=\"bbc-19j92fr ebmt73l0\" dir=\"ltr\">\n<p class=\"bbc-hhl7in e17g058b0\" dir=\"ltr\">La &#8220;trampa de la poblaci\u00f3n&#8221; ocurre cuando\u00a0el n\u00famero de habitantes de un pa\u00eds crece r\u00e1pido, pero su econom\u00eda no puede desarrollarse al mismo ritmo.<\/p>\n<\/div>\n<div class=\"bbc-19j92fr ebmt73l0\" dir=\"ltr\">\n<p class=\"bbc-hhl7in e17g058b0\" dir=\"ltr\">Esto significa que la inversi\u00f3n de las empresas y organismos p\u00fablicos del pa\u00eds solo alcanza para mantener los recursos actuales, haciendo imposible cualquier aumento en los niveles de vida.<\/p>\n<\/div>\n<div class=\"bbc-19j92fr ebmt73l0\" dir=\"ltr\">\n<p class=\"bbc-hhl7in e17g058b0\" dir=\"ltr\">Seg\u00fan el RBC, Canad\u00e1 sufre este fen\u00f3meno debido a un aumento significativo de inmigrantes sin un crecimiento econ\u00f3mico equivalente para apoyar a la nueva poblaci\u00f3n.<\/p>\n<\/div>\n<div class=\"bbc-19j92fr ebmt73l0\" dir=\"ltr\">\n<p class=\"bbc-hhl7in e17g058b0\" dir=\"ltr\">&#8220;Es la primera vez en la historia moderna que nuestro stock neto de capital\u00a0<i class=\"bbc-h1y5j7 eih42320\">per c\u00e1pita<\/i>\u00a0ha disminuido anualmente&#8221;, le explica Alexandra Ducharme, economista del RBC.<\/p>\n<\/div>\n<div class=\"bbc-19j92fr ebmt73l0\" dir=\"ltr\">\n<p class=\"bbc-hhl7in e17g058b0\" dir=\"ltr\">El &#8220;stock neto de capital\u00a0<i class=\"bbc-h1y5j7 eih42320\">per c\u00e1pita<\/i>&#8221; es la cantidad promedio de recursos para la producci\u00f3n -como edificios, tecnolog\u00eda y maquinaria- que hay disponible para cada persona.<\/p>\n<\/div>\n<div class=\"bbc-19j92fr ebmt73l0\" dir=\"ltr\">\n<p class=\"bbc-hhl7in e17g058b0\" dir=\"ltr\">&#8220;Las cifras preliminares indican que el pasado trimestre es probablemente el sexto consecutivo de ca\u00edda en este \u00edndice, lo que ser\u00eda\u00a0la racha m\u00e1s larga desde la recesi\u00f3n de 1982&#8221;, apunta la economista.<\/p>\n<\/div>\n<div class=\"bbc-19j92fr ebmt73l0\" dir=\"ltr\">\n<p class=\"bbc-hhl7in e17g058b0\" dir=\"ltr\">Y asegura que, &#8220;a menos que logremos que la inversi\u00f3n se recupere notablemente, ser\u00e1 dif\u00edcil escapar de la trampa, considerando los objetivos de inmigraci\u00f3n&#8221; del gobierno.<\/p>\n<p dir=\"ltr\">\n<\/div>\n<figure class=\"bbc-1qn0xuy\">\n<div class=\"bbc-18qcclp\"><picture><img loading=\"lazy\" decoding=\"async\" class=\"bbc-1uwua2r\" src=\"https:\/\/ichef.bbci.co.uk\/ace\/ws\/640\/cpsprodpb\/db43\/live\/fa304ba0-bc87-11ee-896d-39d9bd3cadbb.jpg\" sizes=\"auto, (min-width: 1008px) 760px, 100vw\" srcset=\"https:\/\/ichef.bbci.co.uk\/ace\/ws\/240\/cpsprodpb\/db43\/live\/fa304ba0-bc87-11ee-896d-39d9bd3cadbb.jpg 240w, https:\/\/ichef.bbci.co.uk\/ace\/ws\/320\/cpsprodpb\/db43\/live\/fa304ba0-bc87-11ee-896d-39d9bd3cadbb.jpg 320w, https:\/\/ichef.bbci.co.uk\/ace\/ws\/480\/cpsprodpb\/db43\/live\/fa304ba0-bc87-11ee-896d-39d9bd3cadbb.jpg 480w, https:\/\/ichef.bbci.co.uk\/ace\/ws\/624\/cpsprodpb\/db43\/live\/fa304ba0-bc87-11ee-896d-39d9bd3cadbb.jpg 624w, https:\/\/ichef.bbci.co.uk\/ace\/ws\/800\/cpsprodpb\/db43\/live\/fa304ba0-bc87-11ee-896d-39d9bd3cadbb.jpg 800w\" alt=\"Calle de Montreal\" width=\"2127\" height=\"1409\" \/><\/picture><\/div><figcaption class=\"bbc-1jsyunq e6i104o0\" dir=\"ltr\">\n<h5><em>Algunas ciudades canadienses est\u00e1n absorbiendo un alto n\u00famero de nuevos residentes.<\/em><\/h5>\n<\/figcaption><\/figure>\n<div class=\"bbc-19j92fr ebmt73l0\" dir=\"ltr\">\n<p dir=\"ltr\">\n<p dir=\"ltr\">\n<p class=\"bbc-hhl7in e17g058b0\" dir=\"ltr\">Preguntada por este problema, la portavoz del Departamento de Inmigraci\u00f3n afirm\u00f3 que &#8220;en general,\u00a0la inmigraci\u00f3n sigue contribuyendo de forma positiva\u00a0al crecimiento econ\u00f3mico&#8221;.<\/p>\n<\/div>\n<div class=\"bbc-19j92fr ebmt73l0\" dir=\"ltr\">\n<p class=\"bbc-hhl7in e17g058b0\" dir=\"ltr\">Sin embargo, el RBC cree que la &#8220;trampa de la poblaci\u00f3n&#8221; puede provocar falta de empleos, presi\u00f3n sobre los servicios p\u00fablicos y escasez de vivienda.<\/p>\n<\/div>\n<div class=\"bbc-19j92fr ebmt73l0\" dir=\"ltr\">\n<p class=\"bbc-hhl7in e17g058b0\" dir=\"ltr\">Esto \u00faltimo ya es un hecho: en los \u00faltimos seis a\u00f1os\u00a0el crecimiento de la poblaci\u00f3n ha superado con creces la construcci\u00f3n de nuevas viviendas, excepto en 2021 cuando la inmigraci\u00f3n se limit\u00f3 por la pandemia.<\/p>\n<\/div>\n<div class=\"bbc-19j92fr ebmt73l0\" dir=\"ltr\">\n<h2 id=\"El-problema-de-la-vivienda\" class=\"bbc-1f03ibc eglt09e0\" tabindex=\"-1\">El problema de la vivienda<\/h2>\n<\/div>\n<div class=\"bbc-19j92fr ebmt73l0\" dir=\"ltr\">\n<p class=\"bbc-hhl7in e17g058b0\" dir=\"ltr\">En 2023 Canad\u00e1 sum\u00f3 1,2 millones de nuevos habitantes, pero solo comenzaron las obras de unas\u00a0200.000 viviendas.<\/p>\n<\/div>\n<div class=\"bbc-19j92fr ebmt73l0\" dir=\"ltr\">\n<p class=\"bbc-hhl7in e17g058b0\" dir=\"ltr\">Por cada unidad residencial que se inici\u00f3 el a\u00f1o pasado, 4,2 personas en edad laboral se incorporaron al mercado de trabajo canadiense, seg\u00fan datos del BNC.<\/p>\n<\/div>\n<div class=\"bbc-19j92fr ebmt73l0\" dir=\"ltr\">\n<p class=\"bbc-hhl7in e17g058b0\" dir=\"ltr\">Y, si bien los a\u00f1os anteriores a 2023 la diferencia no fue tan grande, este desequilibrio &#8220;ha contribuido a la reciente presi\u00f3n extrema sobre la inflaci\u00f3n de la vivienda,\u00a0tanto en los precios de compra como en los alquileres&#8221;, seg\u00fan la economista del RBC.<\/p>\n<\/div>\n<div class=\"bbc-19j92fr ebmt73l0\" dir=\"ltr\">\n<p class=\"bbc-hhl7in e17g058b0\" dir=\"ltr\">El banco central del pa\u00eds tambi\u00e9n se hizo eco de este problema.<\/p>\n<\/div>\n<div class=\"bbc-19j92fr ebmt73l0\" dir=\"ltr\">\n<p class=\"bbc-hhl7in e17g058b0\" dir=\"ltr\">&#8220;En el \u00faltimo a\u00f1o tuvimos un aumento particularmente grande en el crecimiento demogr\u00e1fico a trav\u00e9s de la inmigraci\u00f3n (\u2026) en un momento en el que hab\u00eda una oferta limitada. Esto se puede ver m\u00e1s claramente en el sector de la vivienda y, en particular, en los alquileres&#8221;, dijo Carolyn Rogers, vicegobernadora del Banco de Canad\u00e1.<\/p>\n<\/div>\n<div class=\"bbc-19j92fr ebmt73l0\" dir=\"ltr\">\n<p class=\"bbc-hhl7in e17g058b0\" dir=\"ltr\">El precio medio de alquiler mensual de un apartamento individual en Canad\u00e1 se situ\u00f3 en unos $2.000 en diciembre de 2023,\u00a0un 22% m\u00e1s que dos a\u00f1os antes, y en ciudades como Toronto o Vancouver super\u00f3 los $2.600, seg\u00fan datos del portal Rentals.ca.<\/p>\n<p dir=\"ltr\">\n<\/div>\n<figure class=\"bbc-1qn0xuy\">\n<div class=\"bbc-18qcclp\"><picture><img loading=\"lazy\" decoding=\"async\" class=\"bbc-1uwua2r\" src=\"https:\/\/ichef.bbci.co.uk\/ace\/ws\/640\/cpsprodpb\/b25d\/live\/0f4cf560-bc88-11ee-ace0-c35c1b4f6d82.jpg\" sizes=\"auto, (min-width: 1008px) 760px, 100vw\" srcset=\"https:\/\/ichef.bbci.co.uk\/ace\/ws\/240\/cpsprodpb\/b25d\/live\/0f4cf560-bc88-11ee-ace0-c35c1b4f6d82.jpg 240w, https:\/\/ichef.bbci.co.uk\/ace\/ws\/320\/cpsprodpb\/b25d\/live\/0f4cf560-bc88-11ee-ace0-c35c1b4f6d82.jpg 320w, https:\/\/ichef.bbci.co.uk\/ace\/ws\/480\/cpsprodpb\/b25d\/live\/0f4cf560-bc88-11ee-ace0-c35c1b4f6d82.jpg 480w, https:\/\/ichef.bbci.co.uk\/ace\/ws\/624\/cpsprodpb\/b25d\/live\/0f4cf560-bc88-11ee-ace0-c35c1b4f6d82.jpg 624w, https:\/\/ichef.bbci.co.uk\/ace\/ws\/800\/cpsprodpb\/b25d\/live\/0f4cf560-bc88-11ee-ace0-c35c1b4f6d82.jpg 800w\" alt=\"Toronto\" width=\"1024\" height=\"683\" \/><\/picture><\/div><figcaption class=\"bbc-1jsyunq e6i104o0\" dir=\"ltr\">\n<h5><em>Pese al fr\u00edo invierno, Toronto es una de las ciudades favoritas para quienes deciden empezar una nueva vida en Norteam\u00e9rica.<\/em><\/h5>\n<\/figcaption><\/figure>\n<div class=\"bbc-19j92fr ebmt73l0\" dir=\"ltr\">\n<p class=\"bbc-hhl7in e17g058b0\" dir=\"ltr\">De continuar esta tendencia habr\u00eda\u00a0una escasez de aproximadamente 3,5 millones de viviendas para el a\u00f1o 2030, estim\u00f3 en un informe reciente la Corporaci\u00f3n de Hipotecas y Viviendas de Canad\u00e1.<\/p>\n<\/div>\n<div class=\"bbc-19j92fr ebmt73l0\" dir=\"ltr\">\n<p class=\"bbc-hhl7in e17g058b0\" dir=\"ltr\">El Departamento de Inmigraci\u00f3n, sin embargo, se mostr\u00f3 optimista: &#8220;Aunque el crecimiento demogr\u00e1fico por la inmigraci\u00f3n aumenta la demanda de vivienda, infraestructura y servicios, tambi\u00e9n contribuye significativamente a la oferta de mano de obra, incluido el sector de la construcci\u00f3n, para edificar nuevas viviendas&#8221;, dijo a BBC Mundo su portavoz.<\/p>\n<\/div>\n<div class=\"bbc-19j92fr ebmt73l0\" dir=\"ltr\">\n<p class=\"bbc-hhl7in e17g058b0\" dir=\"ltr\">El gobierno puso en marcha en marzo del a\u00f1o pasado el Fondo Acelerador de Vivienda, al que asign\u00f3 US$4.000 millones hasta 2026-27 para fomentar una mayor construcci\u00f3n de edificios residenciales en las ciudades.<\/p>\n<\/div>\n<div class=\"bbc-19j92fr ebmt73l0\" dir=\"ltr\">\n<p class=\"bbc-hhl7in e17g058b0\" dir=\"ltr\">Esta iniciativa tiene como objetivo proveer\u00a0100.000 unidades adicionales\u00a0en\u00a0todo el pa\u00eds en los pr\u00f3ximos a\u00f1os, agilizando la burocracia en planificaci\u00f3n y aprobaciones.<\/p>\n<\/div>\n<div class=\"bbc-19j92fr ebmt73l0\" dir=\"ltr\">\n<p class=\"bbc-hhl7in e17g058b0\" dir=\"ltr\">No obstante, la cifra se considera insuficiente para absorber el acelerado ritmo de crecimiento de la poblaci\u00f3n.<\/p>\n<\/div>\n<div class=\"bbc-19j92fr ebmt73l0\" dir=\"ltr\">\n<h2 id=\"El-nuevo-l\u00edmite-a-estudiantes\" class=\"bbc-1f03ibc eglt09e0\" tabindex=\"-1\">El nuevo l\u00edmite a estudiantes<\/h2>\n<\/div>\n<div class=\"bbc-19j92fr ebmt73l0\" dir=\"ltr\">\n<p class=\"bbc-hhl7in e17g058b0\" dir=\"ltr\">Gran parte de los extranjeros que se mudan a Canad\u00e1 lo hacen a trav\u00e9s de programas de estudios.<\/p>\n<\/div>\n<div class=\"bbc-19j92fr ebmt73l0\" dir=\"ltr\">\n<p class=\"bbc-hhl7in e17g058b0\" dir=\"ltr\">La educaci\u00f3n internacional\u00a0aporta unos US$16.400 millones cada a\u00f1o a la econom\u00eda canadiense y genera m\u00e1s de 200.000 puestos de trabajo, seg\u00fan datos de Inmigraci\u00f3n.<\/p>\n<\/div>\n<div class=\"bbc-19j92fr ebmt73l0\" dir=\"ltr\">\n<p class=\"bbc-hhl7in e17g058b0\" dir=\"ltr\">Matricularse en una universidad canadiense garantiza a los estudiantes extranjeros un visado temporal que, con los a\u00f1os, se puede convertir en permanente.<\/p>\n<\/div>\n<div class=\"bbc-19j92fr ebmt73l0\" dir=\"ltr\">\n<p class=\"bbc-hhl7in e17g058b0\" dir=\"ltr\">Solo en 2023, Canad\u00e1 expidi\u00f3 560.000 nuevos visados de estudiante, algo menos de la mitad de los extranjeros que se mudaron ese a\u00f1o al pa\u00eds norteamericano.<\/p>\n<\/div>\n<div class=\"bbc-19j92fr ebmt73l0\" dir=\"ltr\">\n<p class=\"bbc-hhl7in e17g058b0\" dir=\"ltr\">&#8220;Este aumento tambi\u00e9n est\u00e1 ejerciendo presi\u00f3n sobre la vivienda, la atenci\u00f3n sanitaria y otros servicios&#8221;, afirm\u00f3 a mediados de enero el ministro de Inmigraci\u00f3n, Marc Miller, que recientemente anunci\u00f3 una nueva medida para evitar esto.<\/p>\n<\/div>\n<p><iframe loading=\"lazy\" id=\"flourish-id-f63e5429\" class=\"bbc-axsk9o\" title=\"Interactive or visual content\" src=\"https:\/\/flo.uri.sh\/visualisation\/16551251\/embed?auto=1\" width=\"700\" height=\"575\" frameborder=\"0\" scrolling=\"no\" data-mce-fragment=\"1\"><\/iframe><\/p>\n<div class=\"bbc-19j92fr ebmt73l0\" dir=\"ltr\">\n<p dir=\"ltr\">\n<p class=\"bbc-hhl7in e17g058b0\" dir=\"ltr\">El gobierno\u00a0ha limitado por dos a\u00f1os desde 2024 el n\u00famero de nuevos visados para estudiantes internacionales a 360.000, lo que supondr\u00e1 un recorte del 35% respecto a 2023.<\/p>\n<\/div>\n<div class=\"bbc-19j92fr ebmt73l0\" dir=\"ltr\">\n<p class=\"bbc-hhl7in e17g058b0\" dir=\"ltr\">La reducci\u00f3n de la cuota se distribuir\u00e1 entre las provincias, seg\u00fan la capacidad de cada una de ellas de proveer alojamiento a nuevos residentes.<\/p>\n<\/div>\n<div class=\"bbc-19j92fr ebmt73l0\" dir=\"ltr\">\n<p class=\"bbc-hhl7in e17g058b0\" dir=\"ltr\">Por su parte, el gobierno lanz\u00f3 un programa piloto para tratar de que los nuevos ciudadanos se asienten en las zonas rurales y del norte del pa\u00eds, donde la presi\u00f3n demogr\u00e1fica es menor.<\/p>\n<\/div>\n<div class=\"bbc-19j92fr ebmt73l0\" dir=\"ltr\">\n<p class=\"bbc-hhl7in e17g058b0\" dir=\"ltr\">Este programa &#8220;crea una v\u00eda hacia la residencia permanente para trabajadores extranjeros cualificados,\u00a0alentando a los nuevos inmigrantes a distribuirse uniformemente por todo el pa\u00eds\u00a0en lugar de establecerse en grandes centros urbanos donde la vivienda y el costo de vida es menos asequible&#8221;, indic\u00f3 la portavoz de Inmigraci\u00f3n.<\/p>\n<\/div>\n<div class=\"bbc-19j92fr ebmt73l0\" dir=\"ltr\">\n<p class=\"bbc-hhl7in e17g058b0\" dir=\"ltr\">Expertos creen que las iniciativas del gobierno contribuyen a aliviar los efectos de la explosi\u00f3n demogr\u00e1fica en Canad\u00e1, si bien la mayor\u00eda ven con escepticismo que pueda solucionar los problemas de la &#8220;trampa de la poblaci\u00f3n&#8221; y la escasez de vivienda.<\/p>\n<\/div>\n<p>&nbsp;<\/p>\n<p>&nbsp;<\/p>\n","protected":false},"excerpt":{"rendered":"<p>La diversidad es una de las caracter\u00edsticas principales de la inmigraci\u00f3n en Canad\u00e1. Canad\u00e1 es conocido, entre otras cosas, por su pol\u00edtica de puertas abiertas&hellip;<\/p>\n","protected":false},"author":99,"featured_media":515736,"comment_status":"open","ping_status":"open","sticky":false,"template":"","format":"standard","meta":{"footnotes":""},"categories":[21],"tags":[],"class_list":["post-515734","post","type-post","status-publish","format-standard","has-post-thumbnail","hentry","category-canada"],"_links":{"self":[{"href":"https:\/\/diarioelpopular.com\/index.php\/wp-json\/wp\/v2\/posts\/515734","targetHints":{"allow":["GET"]}}],"collection":[{"href":"https:\/\/diarioelpopular.com\/index.php\/wp-json\/wp\/v2\/posts"}],"about":[{"href":"https:\/\/diarioelpopular.com\/index.php\/wp-json\/wp\/v2\/types\/post"}],"author":[{"embeddable":true,"href":"https:\/\/diarioelpopular.com\/index.php\/wp-json\/wp\/v2\/users\/99"}],"replies":[{"embeddable":true,"href":"https:\/\/diarioelpopular.com\/index.php\/wp-json\/wp\/v2\/comments?post=515734"}],"version-history":[{"count":1,"href":"https:\/\/diarioelpopular.com\/index.php\/wp-json\/wp\/v2\/posts\/515734\/revisions"}],"predecessor-version":[{"id":515737,"href":"https:\/\/diarioelpopular.com\/index.php\/wp-json\/wp\/v2\/posts\/515734\/revisions\/515737"}],"wp:featuredmedia":[{"embeddable":true,"href":"https:\/\/diarioelpopular.com\/index.php\/wp-json\/wp\/v2\/media\/515736"}],"wp:attachment":[{"href":"https:\/\/diarioelpopular.com\/index.php\/wp-json\/wp\/v2\/media?parent=515734"}],"wp:term":[{"taxonomy":"category","embeddable":true,"href":"https:\/\/diarioelpopular.com\/index.php\/wp-json\/wp\/v2\/categories?post=515734"},{"taxonomy":"post_tag","embeddable":true,"href":"https:\/\/diarioelpopular.com\/index.php\/wp-json\/wp\/v2\/tags?post=515734"}],"curies":[{"name":"wp","href":"https:\/\/api.w.org\/{rel}","templated":true}]}}