{"id":515795,"date":"2024-02-12T10:29:07","date_gmt":"2024-02-12T14:29:07","guid":{"rendered":"https:\/\/diarioelpopular.com\/?p=515795"},"modified":"2024-02-12T10:29:07","modified_gmt":"2024-02-12T14:29:07","slug":"a-medida-que-la-politica-de-guarderia-infantil-de-los-liberales-se-desmorona-los-conservadores-podrian-pasar-a-la-ofensiva","status":"publish","type":"post","link":"https:\/\/diarioelpopular.com\/index.php\/2024\/02\/12\/a-medida-que-la-politica-de-guarderia-infantil-de-los-liberales-se-desmorona-los-conservadores-podrian-pasar-a-la-ofensiva\/","title":{"rendered":"A medida que la pol\u00edtica de guarder\u00eda infantil de los liberales se desmorona, los conservadores podr\u00edan pasar a la ofensiva"},"content":{"rendered":"<p><img loading=\"lazy\" decoding=\"async\" class=\"alignnone size-custom-big-size wp-image-515796\" src=\"https:\/\/diarioelpopular.com\/wp-content\/uploads\/2024\/02\/Screen-Shot-2024-02-12-at-9.28.30-AM-1200x705.png\" alt=\"\" width=\"1200\" height=\"705\" srcset=\"https:\/\/diarioelpopular.com\/wp-content\/uploads\/2024\/02\/Screen-Shot-2024-02-12-at-9.28.30-AM-1200x705.png 1200w, https:\/\/diarioelpopular.com\/wp-content\/uploads\/2024\/02\/Screen-Shot-2024-02-12-at-9.28.30-AM-300x176.png 300w, https:\/\/diarioelpopular.com\/wp-content\/uploads\/2024\/02\/Screen-Shot-2024-02-12-at-9.28.30-AM-768x451.png 768w, https:\/\/diarioelpopular.com\/wp-content\/uploads\/2024\/02\/Screen-Shot-2024-02-12-at-9.28.30-AM-636x374.png 636w, https:\/\/diarioelpopular.com\/wp-content\/uploads\/2024\/02\/Screen-Shot-2024-02-12-at-9.28.30-AM-124x73.png 124w, https:\/\/diarioelpopular.com\/wp-content\/uploads\/2024\/02\/Screen-Shot-2024-02-12-at-9.28.30-AM.png 1024w\" sizes=\"auto, (max-width: 1200px) 100vw, 1200px\" \/><\/p>\n<p>&nbsp;<\/p>\n<p>&nbsp;<\/p>\n<p>&nbsp;<\/p>\n<ul>\n<li><em><strong>Si el Partido Conservador quisiera ofrecer una alternativa, como un aumento de la prestaci\u00f3n por hijos a cargo o acuerdos renegociados con las provincias que ofrezcan mucha m\u00e1s flexibilidad, este puede ser el momento<\/strong><\/em><\/li>\n<\/ul>\n<p>&nbsp;<\/p>\n<p><em><strong>OTTAWA.-<\/strong><\/em> Hace menos de un a\u00f1o, los conservadores federales se callaron un\u00e1nimemente y votaron a favor de la legislaci\u00f3n del gobierno liberal para asegurar financiaci\u00f3n a largo plazo para su floreciente sistema nacional de cuidado infantil.<\/p>\n<p>Aunque los conservadores tradicionalmente han favorecido dar dinero directamente a los padres en lugar de programas de guarder\u00eda socializados, los encuestadores supuestamente dijeron al partido que era una tonter\u00eda resistirse a la pol\u00edtica, que promet\u00eda otorgar a los padres 10 d\u00f3lares por d\u00eda de guarder\u00eda en todo el pa\u00eds.<\/p>\n<p>Ahora, la guarder\u00eda liberal de 10 d\u00f3lares al d\u00eda no est\u00e1 cumpliendo sus promesas, y los padres se est\u00e1n dando cuenta. Las listas de espera est\u00e1n repletas, los proveedores de guarder\u00edas protestan porque el programa los est\u00e1 llevando a la quiebra y, de hecho, las plazas de guarder\u00eda se est\u00e1n agotando en algunas ciudades.<\/p>\n<p>Para los conservadores, el c\u00e1lculo pol\u00edtico puede haber cambiado.<\/p>\n<p>El n\u00famero de ni\u00f1os menores de cinco a\u00f1os en guarder\u00edas en realidad se redujo en 118.000 entre 2019 y 2023, una disminuci\u00f3n del 8,5 por ciento a nivel nacional, seg\u00fan datos de Statistics Canada. A\u00fan m\u00e1s preocupante es que el 46,4 por ciento de los padres informaron dificultades para encontrar cuidado infantil en 2023, frente al 36,4 por ciento en 2019.<\/p>\n<p>Los conservadores federales sol\u00edan oponerse al programa nacional de cuidado infantil de los liberales, antes de capitular ante los encuestadores y empezar a votar a favor. Si finalmente quisieran salir de su postura defensiva y empezar a ofrecer una alternativa, como un aumento de la prestaci\u00f3n por hijos a cargo o acuerdos renegociados con las provincias que ofrezcan mucha m\u00e1s flexibilidad, este podr\u00eda ser el momento.<\/p>\n<p>Las encuestas mostraron que incluso en las primeras etapas de los planes de guarder\u00edas del gobierno, los canadienses ten\u00edan aproximadamente la misma probabilidad de apoyar dar dinero en efectivo a los padres como guarder\u00eda universal, dijo Andrea Mrozek, miembro principal de Cardus, un grupo de expertos socialmente conservador que lleva a cabo investigaciones exhaustivas sobre la atenci\u00f3n infantil. cuidado.<\/p>\n<p>&#8220;Siempre es dif\u00edcil para los pol\u00edticos quitarle cosas que la gente tiene, pero la gente no tiene esto&#8221;, dijo Mrozek. \u201cDado que el sistema es la debacle que es, creo que podr\u00eda aumentar la gente que piensa que el dinero para los padres es una ganancia. Si fuera 50-50, en 2021, me pregunto cu\u00e1l ser\u00eda hoy\u201d.<\/p>\n<p>El gobierno y los defensores del programa de guarder\u00eda universal se\u00f1alar\u00e1n el hecho de que las tarifas promedio de los padres fueron m\u00e1s bajas en 2023 en comparaci\u00f3n con 2022. Pero eso es s\u00f3lo para el peque\u00f1o n\u00famero de personas que pueden conseguir plazas.<\/p>\n<p>&#8220;Las personas que realmente se benefician de un cuidado infantil por 10 d\u00f3lares al d\u00eda son tan felices como las almejas&#8221;, dijo Gordon Cleveland, economista de la Universidad de Toronto y defensor de la guarder\u00eda universal. \u201cB\u00e1sicamente, el problema es que se ha puesto mucho \u00e9nfasis en mejorar la asequibilidad y muy poco en mejorar el acceso\u201d.<\/p>\n<p>Pero Cleveland dijo que el problema al proponer una alternativa al sistema actual es que los padres que se benefician del programa de $10 est\u00e1n ahorrando miles de d\u00f3lares al a\u00f1o en tarifas y cualquier programa para reemplazar ese dinero con efectivo directo a los padres ser\u00eda enormemente costoso.<\/p>\n<p>La clave para que los liberales preserven el programa ser\u00eda trabajar con las provincias para ampliar el acceso, dijo.<\/p>\n<p>Pero los problemas para otros padres en todo el pa\u00eds se han ido acumulando. En Alberta, algunas guarder\u00edas comenzaron a cerrar progresivamente para protestar por lo que describieron como un programa restrictivo y sin fondos suficientes. En Ontario, la YMCA y otros proveedores han estado haciendo sonar la alarma, describiendo el modelo de financiaci\u00f3n actual como insostenible. En B.C., han ido apareciendo titulares en toda la provincia sobre la escasez de guarder\u00edas.<\/p>\n<p>Y un an\u00e1lisis reciente del Instituto Fraser encontr\u00f3 que el programa ni siquiera estaba aumentando la tasa de mujeres en la fuerza laboral, un objetivo clave para cualquier programa universal de cuidado infantil. La tasa de participaci\u00f3n de las mujeres en la fuerza laboral fue del 61,5 por ciento en septiembre de 2023, en comparaci\u00f3n con un m\u00e1ximo del 61,7 por ciento en 2015, seg\u00fan el estudio.<\/p>\n<p>Quienes se oponen al sistema, como Mrozek, argumentan que el modelo actual tiende a ser rentable para las familias m\u00e1s ricas, mientras que deja a las familias pobres en la intemperie o en largas listas de espera.<\/p>\n<p>Cuando los investigadores de B.C. Cuando recorrieron la provincia en busca de personas de bajos ingresos que hubieran podido acceder a servicios de cuidado infantil por 10 d\u00f3lares al d\u00eda, s\u00f3lo encontraron 13 familias. La Dra. Lea Caragata, directora de la escuela de trabajo social de la UBC y coautora de ese estudio, dijo a CTV News que el programa necesitaba ampliarse masivamente y que deb\u00eda considerarse prohibido para los canadienses m\u00e1s ricos.<\/p>\n<p>Un informe de la Unidad de Investigaci\u00f3n y Recursos sobre Cuidado Infantil, un instituto de investigaci\u00f3n de pol\u00edticas no partidista y sin fines de lucro, sobre el trabajo at\u00edpico encontr\u00f3 que \u201clos beneficios del gasto gubernamental en pol\u00edticas sociales benefician desproporcionadamente a las clases media y alta en comparaci\u00f3n con las clases media y alta\u201d. otros grupos sociales\u201d.<\/p>\n<p>\u201cEsto puede llevar a que las familias con un nivel socioecon\u00f3mico m\u00e1s bajo reciban menos apoyo, mientras que las familias que ya est\u00e1n m\u00e1s favorecidas reciban m\u00e1s apoyo\u201d, se lee en el informe.<\/p>\n<p>Cleveland dijo que cualquier mejora en el acceso al cuidado infantil requerir\u00e1 voluntad pol\u00edtica y m\u00e1s fondos de las provincias, lo que significa que el gobierno de Trudeau depender\u00e1 de los gobiernos conservadores en algunas de las provincias m\u00e1s grandes de Canad\u00e1 para ampliar el programa.<\/p>\n<p>Dijo que hay lecciones que aprender de la Isla del Pr\u00edncipe Eduardo, que ha aumentado enormemente los salarios de los educadores de la primera infancia, y de Manitoba, que est\u00e1 construyendo r\u00e1pidamente centros de cuidado infantil modulares que requieren menos de un a\u00f1o de tiempo de construcci\u00f3n.<\/p>\n<p>Sin embargo, es posible que algunos gobiernos provinciales est\u00e9n esperando el momento oportuno, con la creencia de que no vale la pena invertir demasiado dinero en un programa que podr\u00eda ser radicalmente diferente bajo un posible gobierno de Poilievre.<\/p>\n<p>&#8220;Creo que es cierto que en Ontario y Alberta, y tal vez en otras provincias, no est\u00e1n seguros de si realmente tendr\u00e1 \u00e9xito, por lo que se est\u00e1n conteniendo&#8221;, dijo Cleveland.<\/p>\n","protected":false},"excerpt":{"rendered":"<p>&nbsp; &nbsp; &nbsp; Si el Partido Conservador quisiera ofrecer una alternativa, como un aumento de la prestaci\u00f3n por hijos a cargo o acuerdos renegociados con&hellip;<\/p>\n","protected":false},"author":99,"featured_media":515796,"comment_status":"open","ping_status":"open","sticky":false,"template":"","format":"standard","meta":{"footnotes":""},"categories":[21,11191],"tags":[],"class_list":["post-515795","post","type-post","status-publish","format-standard","has-post-thumbnail","hentry","category-canada","category-top-news"],"_links":{"self":[{"href":"https:\/\/diarioelpopular.com\/index.php\/wp-json\/wp\/v2\/posts\/515795","targetHints":{"allow":["GET"]}}],"collection":[{"href":"https:\/\/diarioelpopular.com\/index.php\/wp-json\/wp\/v2\/posts"}],"about":[{"href":"https:\/\/diarioelpopular.com\/index.php\/wp-json\/wp\/v2\/types\/post"}],"author":[{"embeddable":true,"href":"https:\/\/diarioelpopular.com\/index.php\/wp-json\/wp\/v2\/users\/99"}],"replies":[{"embeddable":true,"href":"https:\/\/diarioelpopular.com\/index.php\/wp-json\/wp\/v2\/comments?post=515795"}],"version-history":[{"count":1,"href":"https:\/\/diarioelpopular.com\/index.php\/wp-json\/wp\/v2\/posts\/515795\/revisions"}],"predecessor-version":[{"id":515797,"href":"https:\/\/diarioelpopular.com\/index.php\/wp-json\/wp\/v2\/posts\/515795\/revisions\/515797"}],"wp:featuredmedia":[{"embeddable":true,"href":"https:\/\/diarioelpopular.com\/index.php\/wp-json\/wp\/v2\/media\/515796"}],"wp:attachment":[{"href":"https:\/\/diarioelpopular.com\/index.php\/wp-json\/wp\/v2\/media?parent=515795"}],"wp:term":[{"taxonomy":"category","embeddable":true,"href":"https:\/\/diarioelpopular.com\/index.php\/wp-json\/wp\/v2\/categories?post=515795"},{"taxonomy":"post_tag","embeddable":true,"href":"https:\/\/diarioelpopular.com\/index.php\/wp-json\/wp\/v2\/tags?post=515795"}],"curies":[{"name":"wp","href":"https:\/\/api.w.org\/{rel}","templated":true}]}}