{"id":515815,"date":"2024-02-13T10:29:31","date_gmt":"2024-02-13T14:29:31","guid":{"rendered":"https:\/\/diarioelpopular.com\/?p=515815"},"modified":"2024-02-13T10:29:31","modified_gmt":"2024-02-13T14:29:31","slug":"cronicas-la-bandera-de-canada","status":"publish","type":"post","link":"https:\/\/diarioelpopular.com\/index.php\/2024\/02\/13\/cronicas-la-bandera-de-canada\/","title":{"rendered":"CR\u00d3NICAS. La Bandera de Canad\u00e1"},"content":{"rendered":"<p><img loading=\"lazy\" decoding=\"async\" class=\"alignnone size-custom-full-size wp-image-515816\" src=\"https:\/\/diarioelpopular.com\/wp-content\/uploads\/2024\/02\/vlbsnanrgyk51-636x580.jpg\" alt=\"\" width=\"636\" height=\"580\" srcset=\"https:\/\/diarioelpopular.com\/wp-content\/uploads\/2024\/02\/vlbsnanrgyk51-636x580.jpg 636w, https:\/\/diarioelpopular.com\/wp-content\/uploads\/2024\/02\/vlbsnanrgyk51-300x274.jpg 300w, https:\/\/diarioelpopular.com\/wp-content\/uploads\/2024\/02\/vlbsnanrgyk51-80x73.jpg 80w, https:\/\/diarioelpopular.com\/wp-content\/uploads\/2024\/02\/vlbsnanrgyk51.jpg 756w\" sizes=\"auto, (max-width: 636px) 100vw, 636px\" \/><\/p>\n<p>&nbsp;<\/p>\n<p class=\"p2\"><em><strong>Por: Luc\u00eda P. de Garc\u00eda<\/strong><\/em><\/p>\n<p class=\"p2\"><em><strong>Toronto.-<\/strong> <\/em>La primera bandera que onde\u00f3 en suelo canadiense fue la que trajo a Terranova John Cabot en 1497, la Cruz de San Jorge. En 1534 Jacques Cartier plant\u00f3 en la pen\u00ednsula de Gaspecia una cruz con la flor de lis, convirtiendo a esas tierras en la Nueva Francia. En 1621, bajo el imperio brit\u00e1nico, Canad\u00e1 luci\u00f3 al viento la Royal Union Flag.<span class=\"Apple-converted-space\">\u00a0 \u00a0<\/span><\/p>\n<p class=\"p2\">Al nacer la Confederaci\u00f3n Canadiense en 1896 se adopt\u00f3 la bandera del Gobernador General de Canad\u00e1, que ten\u00eda en su centro los escudos de las provincias de Ontario, Quebec, Nueva Escocia y Nuevo Brunswick, a los que rodeaba una corona de hojas del \u00e1rbol de Arce, tambi\u00e9n conocido como maple. Cuatro a\u00f1os despu\u00e9s se le agreg\u00f3 el escudo compuesto al que se le denomin\u00f3 \u201cEnse\u00f1a Roja Canadiense\u201d. Al adjuntarse m\u00e1s provincias, cada una a\u00f1adi\u00f3 su propio escudo.<span class=\"Apple-converted-space\">\u00a0<\/span><\/p>\n<p class=\"p2\">Para evitar tantas reformas, en 1925 el Primer Ministro William Lyon Mackenzie form\u00f3 un Comit\u00e9 al que encarg\u00f3 un dise\u00f1o definitivo de la bandera, pero el ente no logr\u00f3 ponerse de acuerdo y se disolvi\u00f3. Vale indicar que las tropas canadienses que participaron en la Primera y en la Segunda Guerra Mundial enarbolaron la Ense\u00f1a Roja Canadiense.<span class=\"Apple-converted-space\">\u00a0 \u00a0<\/span><\/p>\n<p class=\"p2\">En noviembre de 1945 el Senado y la C\u00e1mara de los Comunes designaron un Comit\u00e9 para que creara una bandera nacional. A mayo de 1946 se recibieron 2.695 dise\u00f1os. El Comit\u00e9 sugiri\u00f3 que se acogiera el que en un fondo rojo destacaba una gran hoja de arce en tono amarillo oto\u00f1al y a los extremos conten\u00eda una franja de la bandera brit\u00e1nica, pero Quebec solicit\u00f3 que no constara ning\u00fan s\u00edmbolo extranjero. Al no haber un consenso, el Primer Ministro de entonces, Mackenzie King, decidi\u00f3 que se continuara utilizando la Ense\u00f1a Roja Canadiense.<span class=\"Apple-converted-space\">\u00a0 \u00a0<\/span><\/p>\n<p class=\"p2\">El debate fue creciendo y agudiz\u00e1ndose en el pa\u00eds, hasta volverse un tema controversial. En 1963 el Primer Ministro Lester B. Pearson, liberal, propuso crear una nueva bandera que realmente identificara el esp\u00edritu canadiense, y \u00e9l mismo propuso una bandera con bordes azules, centro blanco, y en ese centro tres hojas rojas de maple en una misma rama. \u201cEl Bander\u00edn de Pearson\u201d se discuti\u00f3 en el Parlamento, donde se mocion\u00f3 que fuera la poblaci\u00f3n la que definiera<span class=\"Apple-converted-space\">\u00a0 <\/span>en refer\u00e9ndum. Pearson prefiri\u00f3 que decidieran quince integrantes del mismo Parlamento.<\/p>\n<p class=\"p2\">El Comit\u00e9 escogi\u00f3 por unanimidad el actual dise\u00f1o. Lo realiz\u00f3 George F.G. Stanley, quien se inspir\u00f3 en el estandarte del Royal Military College, de la ciudad de Kingston, Ontario. La hoja de maple con once puntas la dise\u00f1\u00f3 Jacques Saint-Cyr.<span class=\"Apple-converted-space\">\u00a0<\/span><\/p>\n<p class=\"p2\">Tras la aprobaci\u00f3n de la Casa de los Comunes, la del Senado, y la proclamaci\u00f3n de la reina Isabel II, la Bandera de Canad\u00e1 fue aprobada en enero de 1965. Un mes despu\u00e9s, el 15 de febrero, se la present\u00f3 oficialmente al pa\u00eds en Ottawa, en la colina del Parlamento, en ceremonia oficial ante el Gobernador General Georges P. Vanier, el Primer Ministro Lester B. Pearson, los miembros del Gabinete, del Parlamento, y de una multitud que con alborozo cant\u00f3 el himno nacional mientras se arriaba la antigua bandera y se izaba la nueva.<\/p>\n<p class=\"p2\">Desde entonces, cada 15 de Febrero se celebra el D\u00eda de la Bandera Nacional. \u201cThe Maple Leaf\u201d consta de dos rect\u00e1ngulos rojos delgados que representan la cruz de San Jorge y el Arce canadiense, los mismos que est\u00e1n situados cual franjas verticales a los lados del gran rect\u00e1ngulo blanco del centro, el cual representa el emblema franc\u00e9s del reinado de Carlos VII. En medio del conjunto se destaca la cl\u00e1sica hoja de maple rojo estilizada con once puntas. Nuestra querida bandera, la que por su sencillez y belleza el mundo identifica a Canad\u00e1, a los habitantes nos une en dignidad, respeto, democracia, multiculturalismo, progreso.<span class=\"Apple-converted-space\">\u00a0<\/span><\/p>\n","protected":false},"excerpt":{"rendered":"<p>&nbsp; Por: Luc\u00eda P. de Garc\u00eda Toronto.- La primera bandera que onde\u00f3 en suelo canadiense fue la que trajo a Terranova John Cabot en 1497,&hellip;<\/p>\n","protected":false},"author":99,"featured_media":515816,"comment_status":"open","ping_status":"open","sticky":false,"template":"","format":"standard","meta":{"footnotes":""},"categories":[21],"tags":[],"class_list":["post-515815","post","type-post","status-publish","format-standard","has-post-thumbnail","hentry","category-canada"],"_links":{"self":[{"href":"https:\/\/diarioelpopular.com\/index.php\/wp-json\/wp\/v2\/posts\/515815","targetHints":{"allow":["GET"]}}],"collection":[{"href":"https:\/\/diarioelpopular.com\/index.php\/wp-json\/wp\/v2\/posts"}],"about":[{"href":"https:\/\/diarioelpopular.com\/index.php\/wp-json\/wp\/v2\/types\/post"}],"author":[{"embeddable":true,"href":"https:\/\/diarioelpopular.com\/index.php\/wp-json\/wp\/v2\/users\/99"}],"replies":[{"embeddable":true,"href":"https:\/\/diarioelpopular.com\/index.php\/wp-json\/wp\/v2\/comments?post=515815"}],"version-history":[{"count":1,"href":"https:\/\/diarioelpopular.com\/index.php\/wp-json\/wp\/v2\/posts\/515815\/revisions"}],"predecessor-version":[{"id":515817,"href":"https:\/\/diarioelpopular.com\/index.php\/wp-json\/wp\/v2\/posts\/515815\/revisions\/515817"}],"wp:featuredmedia":[{"embeddable":true,"href":"https:\/\/diarioelpopular.com\/index.php\/wp-json\/wp\/v2\/media\/515816"}],"wp:attachment":[{"href":"https:\/\/diarioelpopular.com\/index.php\/wp-json\/wp\/v2\/media?parent=515815"}],"wp:term":[{"taxonomy":"category","embeddable":true,"href":"https:\/\/diarioelpopular.com\/index.php\/wp-json\/wp\/v2\/categories?post=515815"},{"taxonomy":"post_tag","embeddable":true,"href":"https:\/\/diarioelpopular.com\/index.php\/wp-json\/wp\/v2\/tags?post=515815"}],"curies":[{"name":"wp","href":"https:\/\/api.w.org\/{rel}","templated":true}]}}