{"id":515822,"date":"2024-02-14T10:14:05","date_gmt":"2024-02-14T14:14:05","guid":{"rendered":"https:\/\/diarioelpopular.com\/?p=515822"},"modified":"2024-02-14T10:14:05","modified_gmt":"2024-02-14T14:14:05","slug":"a-medida-que-se-acerca-la-fecha-limite-para-la-atencion-farmaceutica-singh-reflexiona-sobre-un-futuro-sin-el-acuerdo-del-ndp-con-los-liberales","status":"publish","type":"post","link":"https:\/\/diarioelpopular.com\/index.php\/2024\/02\/14\/a-medida-que-se-acerca-la-fecha-limite-para-la-atencion-farmaceutica-singh-reflexiona-sobre-un-futuro-sin-el-acuerdo-del-ndp-con-los-liberales\/","title":{"rendered":"A medida que se acerca la fecha l\u00edmite para la atenci\u00f3n farmac\u00e9utica, Singh reflexiona sobre un futuro sin el acuerdo del NDP con los liberales"},"content":{"rendered":"<p><img loading=\"lazy\" decoding=\"async\" class=\"alignnone size-custom-big-size wp-image-515823\" src=\"https:\/\/diarioelpopular.com\/wp-content\/uploads\/2024\/02\/Screen-Shot-2024-02-14-at-9.13.18-AM-1200x518.png\" alt=\"\" width=\"1200\" height=\"518\" srcset=\"https:\/\/diarioelpopular.com\/wp-content\/uploads\/2024\/02\/Screen-Shot-2024-02-14-at-9.13.18-AM-1200x518.png 1200w, https:\/\/diarioelpopular.com\/wp-content\/uploads\/2024\/02\/Screen-Shot-2024-02-14-at-9.13.18-AM-300x129.png 300w, https:\/\/diarioelpopular.com\/wp-content\/uploads\/2024\/02\/Screen-Shot-2024-02-14-at-9.13.18-AM-768x331.png 768w, https:\/\/diarioelpopular.com\/wp-content\/uploads\/2024\/02\/Screen-Shot-2024-02-14-at-9.13.18-AM-636x274.png 636w, https:\/\/diarioelpopular.com\/wp-content\/uploads\/2024\/02\/Screen-Shot-2024-02-14-at-9.13.18-AM-146x63.png 146w, https:\/\/diarioelpopular.com\/wp-content\/uploads\/2024\/02\/Screen-Shot-2024-02-14-at-9.13.18-AM.png 1024w\" sizes=\"auto, (max-width: 1200px) 100vw, 1200px\" \/><\/p>\n<p>&nbsp;<\/p>\n<p>&nbsp;<\/p>\n<p><em><strong>El l\u00edder del NDP, Jagmeet Singh, est\u00e1 reflexionando sobre lo que significar\u00eda si el acuerdo de suministro y confianza que vincula a su partido con los liberales terminara prematuramente.<\/strong><\/em><\/p>\n<p>&nbsp;<\/p>\n<p><em><strong>OTTAWA.-<\/strong><\/em> El acuerdo est\u00e1 a punto de desmoronarse si las partes no pueden llegar a un acuerdo sobre la legislaci\u00f3n que sentar\u00eda las bases para un futuro plan de atenci\u00f3n farmac\u00e9utica para finales de mes.<\/p>\n<p>&#8220;Mi sensaci\u00f3n en este momento es que no s\u00e9 hacia d\u00f3nde va&#8221;, dijo Singh en una conferencia de prensa en Ottawa el martes.<\/p>\n<p>El NDP firm\u00f3 un pacto pol\u00edtico con los liberales en 2022 para apoyar al gobierno en votaciones clave a cambio de avances en prioridades compartidas como la atenci\u00f3n farmac\u00e9utica.<\/p>\n<p>Los liberales acordaron presentar y aprobar una legislaci\u00f3n sobre atenci\u00f3n farmac\u00e9utica para finales de 2023, pero las negociaciones sobre su contenido se estancaron y las partes ampliaron el plazo hasta el 1 de marzo con la esperanza de llegar a un acuerdo.<\/p>\n<p>Las esperanzas de Singh parec\u00edan desvanecerse el martes cuando explic\u00f3 c\u00f3mo ser\u00e1 la relaci\u00f3n del NDP con el gobierno minoritario si el acuerdo muere el pr\u00f3ximo mes.<\/p>\n<p>El NDP no apoyar\u00eda autom\u00e1ticamente la aprobaci\u00f3n de proyectos de ley gubernamentales y los liberales tendr\u00edan que negociar con ellos cada vez que quisieran apoyo, dijo Singh.<\/p>\n<p>&#8220;Eso no significa que no podamos encontrar formas de aprobar otros proyectos de ley que todav\u00eda apoyamos. Eso no significa que no podamos seguir impulsando&#8230; cosas como la legislaci\u00f3n contra la sarna que queremos que suceda&#8221;. ,&#8221; \u00e9l dijo.<\/p>\n<p>En otras palabras, los dem\u00e1s elementos del acuerdo no est\u00e1n necesariamente condenados si el acuerdo fracasa.<\/p>\n<p>Cuando se trata de votaciones importantes que podr\u00edan desencadenar una elecci\u00f3n anticipada, como la relativa al presupuesto, Singh dijo que el NDP tendr\u00eda que resolverlo caso por caso.<\/p>\n<p>&#8220;Si el acuerdo no est\u00e1 en vigor, estamos diciendo que ninguno de nuestros votos debe darse por sentado&#8221;, afirm\u00f3.<\/p>\n<p>Ambos partidos se han visto arrastrados a la baja en las encuestas recientemente a medida que los conservadores ganan popularidad, pero el NDP insiste en que la pol\u00edtica electoral no est\u00e1 poniendo en riesgo el acuerdo.<\/p>\n<p>En cambio, Singh dijo que la divisi\u00f3n tiene que ver con el enfoque de un futuro acuerdo farmac\u00e9utico.<\/p>\n<p>Los Nuevos Dem\u00f3cratas han insistido en que no apoyar\u00e1n un proyecto de ley que no refleje un sistema universal de pagador \u00fanico.<\/p>\n<p>&#8220;Hay un peque\u00f1o problema filos\u00f3fico aqu\u00ed, y es que el NDP est\u00e1 comprometido con la atenci\u00f3n farmac\u00e9utica de pagador \u00fanico y los liberales no. Y es por eso que no tenemos legislaci\u00f3n&#8221;, dijo el cr\u00edtico de salud del NDP Don Davies, quien ha sido liderando la negociaci\u00f3n para su partido.<\/p>\n<p>El ministro de Salud, Mark Holland, ha expresado su preocupaci\u00f3n por comprometerse con el costo futuro de dicho programa, incluso si el gobierno no necesita lanzarlo de inmediato.<\/p>\n<p>El costo anual previsto de un programa completo es de aproximadamente 38.900 millones de d\u00f3lares, lo que se compensar\u00eda con ahorros en toda la econom\u00eda, estim\u00f3 el Oficial de Presupuesto Parlamentario en un informe publicado en octubre.<\/p>\n<p>El NDP ha sugerido que el plan podr\u00eda implementarse gradualmente si primero solo cubre ciertos medicamentos esenciales.<\/p>\n<p>Davies dijo que espera reunirse con el ministro de Salud, Mark Holland, esta semana y agreg\u00f3 que mantienen una comunicaci\u00f3n casi diaria.<\/p>\n<p>Los liberales saben muy bien a qu\u00e9 se comprometieron y cumplir\u00e1n con sus obligaciones en virtud del acuerdo, dijo el martes el l\u00edder de la C\u00e1mara Liberal, Steven MacKinnon.<\/p>\n<p>Retirar el apoyo de los liberales si no cumplen con el plazo del 1 de marzo &#8220;no es una estrategia bien pensada&#8221;, intervino el martes la parlamentaria liberal Hedy Fry en las redes sociales.<\/p>\n<p>Si eso desencadena una elecci\u00f3n y los conservadores ganan, seguramente no habr\u00e1 atenci\u00f3n farmac\u00e9utica durante los pr\u00f3ximos cuatro a\u00f1os, dijo en una publicaci\u00f3n en X, antes conocido como Twitter.<\/p>\n","protected":false},"excerpt":{"rendered":"<p>&nbsp; &nbsp; El l\u00edder del NDP, Jagmeet Singh, est\u00e1 reflexionando sobre lo que significar\u00eda si el acuerdo de suministro y confianza que vincula a su&hellip;<\/p>\n","protected":false},"author":99,"featured_media":515823,"comment_status":"open","ping_status":"open","sticky":false,"template":"","format":"standard","meta":{"footnotes":""},"categories":[21,11191],"tags":[],"class_list":["post-515822","post","type-post","status-publish","format-standard","has-post-thumbnail","hentry","category-canada","category-top-news"],"_links":{"self":[{"href":"https:\/\/diarioelpopular.com\/index.php\/wp-json\/wp\/v2\/posts\/515822","targetHints":{"allow":["GET"]}}],"collection":[{"href":"https:\/\/diarioelpopular.com\/index.php\/wp-json\/wp\/v2\/posts"}],"about":[{"href":"https:\/\/diarioelpopular.com\/index.php\/wp-json\/wp\/v2\/types\/post"}],"author":[{"embeddable":true,"href":"https:\/\/diarioelpopular.com\/index.php\/wp-json\/wp\/v2\/users\/99"}],"replies":[{"embeddable":true,"href":"https:\/\/diarioelpopular.com\/index.php\/wp-json\/wp\/v2\/comments?post=515822"}],"version-history":[{"count":1,"href":"https:\/\/diarioelpopular.com\/index.php\/wp-json\/wp\/v2\/posts\/515822\/revisions"}],"predecessor-version":[{"id":515824,"href":"https:\/\/diarioelpopular.com\/index.php\/wp-json\/wp\/v2\/posts\/515822\/revisions\/515824"}],"wp:featuredmedia":[{"embeddable":true,"href":"https:\/\/diarioelpopular.com\/index.php\/wp-json\/wp\/v2\/media\/515823"}],"wp:attachment":[{"href":"https:\/\/diarioelpopular.com\/index.php\/wp-json\/wp\/v2\/media?parent=515822"}],"wp:term":[{"taxonomy":"category","embeddable":true,"href":"https:\/\/diarioelpopular.com\/index.php\/wp-json\/wp\/v2\/categories?post=515822"},{"taxonomy":"post_tag","embeddable":true,"href":"https:\/\/diarioelpopular.com\/index.php\/wp-json\/wp\/v2\/tags?post=515822"}],"curies":[{"name":"wp","href":"https:\/\/api.w.org\/{rel}","templated":true}]}}