{"id":515825,"date":"2024-02-14T10:23:53","date_gmt":"2024-02-14T14:23:53","guid":{"rendered":"https:\/\/diarioelpopular.com\/?p=515825"},"modified":"2024-02-14T10:23:53","modified_gmt":"2024-02-14T14:23:53","slug":"ontario-hace-que-la-renovacion-de-matriculas-sea-automatica-ford","status":"publish","type":"post","link":"https:\/\/diarioelpopular.com\/index.php\/2024\/02\/14\/ontario-hace-que-la-renovacion-de-matriculas-sea-automatica-ford\/","title":{"rendered":"Ontario hace que la renovaci\u00f3n de matr\u00edculas sea autom\u00e1tica: Ford"},"content":{"rendered":"<p>&nbsp;<\/p>\n<p><img loading=\"lazy\" decoding=\"async\" class=\"alignnone size-custom-full-size wp-image-515826\" src=\"https:\/\/diarioelpopular.com\/wp-content\/uploads\/2024\/02\/Screen-Shot-2024-02-14-at-9.22.28-AM-636x480.png\" alt=\"\" width=\"636\" height=\"480\" srcset=\"https:\/\/diarioelpopular.com\/wp-content\/uploads\/2024\/02\/Screen-Shot-2024-02-14-at-9.22.28-AM-636x480.png 636w, https:\/\/diarioelpopular.com\/wp-content\/uploads\/2024\/02\/Screen-Shot-2024-02-14-at-9.22.28-AM-300x226.png 300w, https:\/\/diarioelpopular.com\/wp-content\/uploads\/2024\/02\/Screen-Shot-2024-02-14-at-9.22.28-AM-768x580.png 768w, https:\/\/diarioelpopular.com\/wp-content\/uploads\/2024\/02\/Screen-Shot-2024-02-14-at-9.22.28-AM-97x73.png 97w, https:\/\/diarioelpopular.com\/wp-content\/uploads\/2024\/02\/Screen-Shot-2024-02-14-at-9.22.28-AM.png 1024w\" sizes=\"auto, (max-width: 636px) 100vw, 636px\" \/><\/p>\n<ul>\n<li><em><strong>Los conductores de Ontario pronto ya no necesitar\u00e1n renovar sus placas, ya que el gobierno est\u00e1 adoptando un sistema autom\u00e1tico.<\/strong><\/em><\/li>\n<\/ul>\n<p>&nbsp;<\/p>\n<p><em><strong>TORONTO.-<\/strong><\/em> El premier Doug Ford hizo el anuncio en respuesta a una pregunta del Toronto Star, quien inform\u00f3 esta semana que hay m\u00e1s de un mill\u00f3n de placas vencidas en las carreteras.<\/p>\n<p>Ford elimin\u00f3 la tarifa anual de $120 para las renovaciones en 2022 y, desde entonces, los funcionarios encargados de hacer cumplir la ley han dicho que muchos menos conductores se acuerdan de renovar cada a\u00f1o.<\/p>\n<p>Ford dijo que se presentar\u00e1 un proyecto de ley en la legislatura cuando reanude sus sesiones la pr\u00f3xima semana para que esas renovaciones sean autom\u00e1ticas.<\/p>\n<p>Dice que de esa manera los conductores \u201cno tendr\u00e1n que preocuparse en absoluto por eso\u201d.<\/p>\n<p>Su oficina dice que ser\u00e1 parte de un proyecto de ley m\u00e1s amplio que tambi\u00e9n incluye una medida que requerir\u00eda que cualquier futuro plan provincial de fijaci\u00f3n de precios del carbono se someta a refer\u00e9ndum.<\/p>\n","protected":false},"excerpt":{"rendered":"<p>&nbsp; Los conductores de Ontario pronto ya no necesitar\u00e1n renovar sus placas, ya que el gobierno est\u00e1 adoptando un sistema autom\u00e1tico. &nbsp; TORONTO.- El premier&hellip;<\/p>\n","protected":false},"author":99,"featured_media":515826,"comment_status":"open","ping_status":"open","sticky":false,"template":"","format":"standard","meta":{"footnotes":""},"categories":[21],"tags":[],"class_list":["post-515825","post","type-post","status-publish","format-standard","has-post-thumbnail","hentry","category-canada"],"_links":{"self":[{"href":"https:\/\/diarioelpopular.com\/index.php\/wp-json\/wp\/v2\/posts\/515825","targetHints":{"allow":["GET"]}}],"collection":[{"href":"https:\/\/diarioelpopular.com\/index.php\/wp-json\/wp\/v2\/posts"}],"about":[{"href":"https:\/\/diarioelpopular.com\/index.php\/wp-json\/wp\/v2\/types\/post"}],"author":[{"embeddable":true,"href":"https:\/\/diarioelpopular.com\/index.php\/wp-json\/wp\/v2\/users\/99"}],"replies":[{"embeddable":true,"href":"https:\/\/diarioelpopular.com\/index.php\/wp-json\/wp\/v2\/comments?post=515825"}],"version-history":[{"count":1,"href":"https:\/\/diarioelpopular.com\/index.php\/wp-json\/wp\/v2\/posts\/515825\/revisions"}],"predecessor-version":[{"id":515827,"href":"https:\/\/diarioelpopular.com\/index.php\/wp-json\/wp\/v2\/posts\/515825\/revisions\/515827"}],"wp:featuredmedia":[{"embeddable":true,"href":"https:\/\/diarioelpopular.com\/index.php\/wp-json\/wp\/v2\/media\/515826"}],"wp:attachment":[{"href":"https:\/\/diarioelpopular.com\/index.php\/wp-json\/wp\/v2\/media?parent=515825"}],"wp:term":[{"taxonomy":"category","embeddable":true,"href":"https:\/\/diarioelpopular.com\/index.php\/wp-json\/wp\/v2\/categories?post=515825"},{"taxonomy":"post_tag","embeddable":true,"href":"https:\/\/diarioelpopular.com\/index.php\/wp-json\/wp\/v2\/tags?post=515825"}],"curies":[{"name":"wp","href":"https:\/\/api.w.org\/{rel}","templated":true}]}}