{"id":515852,"date":"2024-02-16T10:05:24","date_gmt":"2024-02-16T14:05:24","guid":{"rendered":"https:\/\/diarioelpopular.com\/?p=515852"},"modified":"2024-02-16T10:05:24","modified_gmt":"2024-02-16T14:05:24","slug":"pierre-poilievre-dice-que-recortaria-la-ayuda-exterior-despilfarradora-y-aumentaria-el-gasto-en-defensa-despues-de-que-justin-trudeau-debilitara-a-canada","status":"publish","type":"post","link":"https:\/\/diarioelpopular.com\/index.php\/2024\/02\/16\/pierre-poilievre-dice-que-recortaria-la-ayuda-exterior-despilfarradora-y-aumentaria-el-gasto-en-defensa-despues-de-que-justin-trudeau-debilitara-a-canada\/","title":{"rendered":"Pierre Poilievre dice que recortar\u00eda la ayuda exterior &#8220;despilfarradora&#8221; y aumentar\u00eda el gasto en defensa despu\u00e9s de que Justin Trudeau debilitara a Canad\u00e1"},"content":{"rendered":"<p><img loading=\"lazy\" decoding=\"async\" class=\"alignnone size-custom-big-size wp-image-515853\" src=\"https:\/\/diarioelpopular.com\/wp-content\/uploads\/2024\/02\/Screen-Shot-2024-02-16-at-9.04.48-AM-1200x710.png\" alt=\"\" width=\"1200\" height=\"710\" srcset=\"https:\/\/diarioelpopular.com\/wp-content\/uploads\/2024\/02\/Screen-Shot-2024-02-16-at-9.04.48-AM-1200x710.png 1200w, https:\/\/diarioelpopular.com\/wp-content\/uploads\/2024\/02\/Screen-Shot-2024-02-16-at-9.04.48-AM-300x178.png 300w, https:\/\/diarioelpopular.com\/wp-content\/uploads\/2024\/02\/Screen-Shot-2024-02-16-at-9.04.48-AM-768x454.png 768w, https:\/\/diarioelpopular.com\/wp-content\/uploads\/2024\/02\/Screen-Shot-2024-02-16-at-9.04.48-AM-636x376.png 636w, https:\/\/diarioelpopular.com\/wp-content\/uploads\/2024\/02\/Screen-Shot-2024-02-16-at-9.04.48-AM-123x73.png 123w, https:\/\/diarioelpopular.com\/wp-content\/uploads\/2024\/02\/Screen-Shot-2024-02-16-at-9.04.48-AM.png 1024w\" sizes=\"auto, (max-width: 1200px) 100vw, 1200px\" \/><\/p>\n<p>&nbsp;<\/p>\n<p>&nbsp;<\/p>\n<p>&nbsp;<\/p>\n<ul>\n<li><em><strong>El l\u00edder conservador Pierre Poilievre dice que un gobierno conservador bajo su liderazgo recortar\u00eda la ayuda exterior &#8220;despilfarradora&#8221; y la &#8220;burocracia administrativa&#8221; para aumentar la financiaci\u00f3n para el ej\u00e9rcito canadiense, mientras su oficina confirma que el partido quiere &#8220;trabajar para&#8221; los miles de millones de d\u00f3lares adicionales en defensa para cumplir los objetivos de los miembros de la Alianza del Tratado del Atl\u00e1ntico Norte.<\/strong><\/em><\/li>\n<\/ul>\n<p>&nbsp;<\/p>\n<p>&nbsp;<\/p>\n<p><em><strong>OTTAWA.-<\/strong> <\/em>El l\u00edder conservador Pierre Poilievre dice que un gobierno conservador bajo su liderazgo recortar\u00eda la ayuda exterior &#8220;despilfarradora&#8221; y la &#8220;burocracia administrativa&#8221; para aumentar la financiaci\u00f3n para el ej\u00e9rcito canadiense, mientras su oficina confirma que el partido quiere &#8220;trabajar para&#8221; los miles de millones de d\u00f3lares en el gasto adicional en defensa para cumplir los objetivos de los miembros de la Alianza del Tratado del Atl\u00e1ntico Norte (OTAN).<\/p>\n<p>En una conferencia de prensa en las afueras de Montreal, Poilievre acus\u00f3 al actual gobierno liberal de arriesgar la soberan\u00eda canadiense al no financiar mejor la marina, el ej\u00e9rcito y la fuerza a\u00e9rea del pa\u00eds.<\/p>\n<p>&#8220;Justin Trudeau ha dejado a Canad\u00e1 d\u00e9bil, pobre e indefenso&#8221;, afirm\u00f3 Poilievre. &#8220;Su plan de defensa nacional es confiar en Joe Biden o Donald Trump para proteger a Canad\u00e1. Eso pone a Estados Unidos a cargo del futuro de Canad\u00e1. No quiero eso&#8221;.<\/p>\n<p>El l\u00edder conservador prometi\u00f3 que recortar\u00eda la &#8220;ayuda exterior despilfarradora&#8221; y la &#8220;burocracia administrativa&#8221; para redirigir los fondos existentes para reforzar los recursos militares de primera l\u00ednea, pero no especific\u00f3 en qu\u00e9 medida. Poilievre tambi\u00e9n dijo que se librar\u00eda de la &#8220;corrupci\u00f3n y la incompetencia&#8221; en los procesos utilizados para comprar nuevos equipos para el ej\u00e9rcito, de modo que el pa\u00eds obtenga un mejor valor por su dinero.<\/p>\n<p>En el Parlamento, el ministro de Desarrollo Internacional, Ahmed Hussen, consider\u00f3 &#8220;impactante&#8221; que Poilievre quisiera recortar la ayuda exterior, argumentando que esto reducir\u00eda la influencia global de Canad\u00e1 y afectar\u00eda a &#8220;las personas m\u00e1s vulnerables del mundo&#8221;.<\/p>\n<p>&#8220;Es, francamente, irresponsable, poco pensado e imprudente&#8221;, dijo Hussen.<\/p>\n<p>En los \u00faltimos meses, Poilievre ha criticado duramente el elevado gasto gubernamental y dijo que su partido &#8220;arreglar\u00eda el presupuesto&#8221; recortando consultores externos para el servicio p\u00fablico.<\/p>\n<p>En un discurso ante el grupo conservador en enero, Poilievre dijo que recortar\u00eda la ayuda a grupos como la Agencia de Obras P\u00fablicas y Socorro de las Naciones Unidas para los Refugiados de Palestina (UNRWA), algunos de cuyos empleados Israel ha acusado de ayudar en los ataques de Ham\u00e1s del 7 de octubre. Tambi\u00e9n dijo que su partido recortar\u00eda la financiaci\u00f3n al Banco Asi\u00e1tico de Infraestructura de China.<\/p>\n<p>El gobierno federal ha suspendido la financiaci\u00f3n a la UNRWA despu\u00e9s de prometer m\u00e1s de 110 millones de d\u00f3lares a la agencia desde 2019. Tambi\u00e9n dej\u00f3 de financiar al Banco Asi\u00e1tico de Infraestructura en junio pasado, despu\u00e9s de financiar a la organizaci\u00f3n con 260 millones de d\u00f3lares desde 2016.<\/p>\n<p>Pero esos ahorros ser\u00edan una fracci\u00f3n de lo que se necesita para cumplir el compromiso de Canad\u00e1 con la OTAN de gastar al menos el dos por ciento del producto interno bruto (PIB) en defensa. El organismo de control del presupuesto federal de Canad\u00e1, el Oficial de Presupuesto Parlamentario, inform\u00f3 en 2022 que el gobierno necesitar\u00eda aumentar el gasto militar anual en 13.000 millones de d\u00f3lares (y a veces m\u00e1s) en los pr\u00f3ximos a\u00f1os para cumplir el objetivo de gasto de la OTAN.<\/p>\n<p>El jueves, el portavoz de Poilievre, Sebastian Skamski, confirm\u00f3 que un gobierno conservador &#8220;trabajar\u00eda para cumplir el compromiso de gasto de Canad\u00e1 con la OTAN&#8221;, pero no proporcion\u00f3 un cronograma para hacerlo.<\/p>\n<p>Bajo el gobierno liberal del primer ministro Justin Trudeau, el gasto total del Departamento de Defensa Nacional (la rama gubernamental responsable de las Fuerzas Armadas canadienses) aument\u00f3 un 24,6 por ciento entre 2018 y 2023, seg\u00fan estad\u00edsticas federales. La oficina del ministro de Defensa, Bill Blair, tambi\u00e9n ha dicho que el gobierno planea aumentar a\u00fan m\u00e1s el gasto en defensa a 39.700 millones de d\u00f3lares en el a\u00f1o fiscal 2026-27, frente a 26.900 millones de d\u00f3lares en 2022-23.<\/p>\n<p>Blair tambi\u00e9n anunci\u00f3 que el gobierno gastar\u00eda m\u00e1s de 273,5 millones de d\u00f3lares para comprar un nuevo sistema de defensa a\u00e9rea y equipo de drones para las tropas canadienses que lideran un grupo de batalla de la OTAN en Letonia.<\/p>\n","protected":false},"excerpt":{"rendered":"<p>&nbsp; &nbsp; &nbsp; El l\u00edder conservador Pierre Poilievre dice que un gobierno conservador bajo su liderazgo recortar\u00eda la ayuda exterior &#8220;despilfarradora&#8221; y la &#8220;burocracia administrativa&#8221;&hellip;<\/p>\n","protected":false},"author":99,"featured_media":515853,"comment_status":"open","ping_status":"open","sticky":false,"template":"","format":"standard","meta":{"footnotes":""},"categories":[21,11191],"tags":[],"class_list":["post-515852","post","type-post","status-publish","format-standard","has-post-thumbnail","hentry","category-canada","category-top-news"],"_links":{"self":[{"href":"https:\/\/diarioelpopular.com\/index.php\/wp-json\/wp\/v2\/posts\/515852","targetHints":{"allow":["GET"]}}],"collection":[{"href":"https:\/\/diarioelpopular.com\/index.php\/wp-json\/wp\/v2\/posts"}],"about":[{"href":"https:\/\/diarioelpopular.com\/index.php\/wp-json\/wp\/v2\/types\/post"}],"author":[{"embeddable":true,"href":"https:\/\/diarioelpopular.com\/index.php\/wp-json\/wp\/v2\/users\/99"}],"replies":[{"embeddable":true,"href":"https:\/\/diarioelpopular.com\/index.php\/wp-json\/wp\/v2\/comments?post=515852"}],"version-history":[{"count":1,"href":"https:\/\/diarioelpopular.com\/index.php\/wp-json\/wp\/v2\/posts\/515852\/revisions"}],"predecessor-version":[{"id":515854,"href":"https:\/\/diarioelpopular.com\/index.php\/wp-json\/wp\/v2\/posts\/515852\/revisions\/515854"}],"wp:featuredmedia":[{"embeddable":true,"href":"https:\/\/diarioelpopular.com\/index.php\/wp-json\/wp\/v2\/media\/515853"}],"wp:attachment":[{"href":"https:\/\/diarioelpopular.com\/index.php\/wp-json\/wp\/v2\/media?parent=515852"}],"wp:term":[{"taxonomy":"category","embeddable":true,"href":"https:\/\/diarioelpopular.com\/index.php\/wp-json\/wp\/v2\/categories?post=515852"},{"taxonomy":"post_tag","embeddable":true,"href":"https:\/\/diarioelpopular.com\/index.php\/wp-json\/wp\/v2\/tags?post=515852"}],"curies":[{"name":"wp","href":"https:\/\/api.w.org\/{rel}","templated":true}]}}