{"id":515897,"date":"2024-02-20T09:54:24","date_gmt":"2024-02-20T13:54:24","guid":{"rendered":"https:\/\/diarioelpopular.com\/?p=515897"},"modified":"2024-02-20T09:54:24","modified_gmt":"2024-02-20T13:54:24","slug":"cronicas-cambio-climatico-presente","status":"publish","type":"post","link":"https:\/\/diarioelpopular.com\/index.php\/2024\/02\/20\/cronicas-cambio-climatico-presente\/","title":{"rendered":"CRONICAS. Cambio Clim\u00e1tico \u00a1Presente!"},"content":{"rendered":"<p><img loading=\"lazy\" decoding=\"async\" class=\"alignnone size-custom-full-size wp-image-515898\" src=\"https:\/\/diarioelpopular.com\/wp-content\/uploads\/2024\/02\/Screen-Shot-2024-02-20-at-8.53.54-AM-636x379.png\" alt=\"\" width=\"636\" height=\"379\" srcset=\"https:\/\/diarioelpopular.com\/wp-content\/uploads\/2024\/02\/Screen-Shot-2024-02-20-at-8.53.54-AM-636x380.png 636w, https:\/\/diarioelpopular.com\/wp-content\/uploads\/2024\/02\/Screen-Shot-2024-02-20-at-8.53.54-AM-300x179.png 300w, https:\/\/diarioelpopular.com\/wp-content\/uploads\/2024\/02\/Screen-Shot-2024-02-20-at-8.53.54-AM-768x457.png 768w, https:\/\/diarioelpopular.com\/wp-content\/uploads\/2024\/02\/Screen-Shot-2024-02-20-at-8.53.54-AM-123x73.png 123w, https:\/\/diarioelpopular.com\/wp-content\/uploads\/2024\/02\/Screen-Shot-2024-02-20-at-8.53.54-AM.png 1024w\" sizes=\"auto, (max-width: 636px) 100vw, 636px\" \/><\/p>\n<p>&nbsp;<\/p>\n<p>&nbsp;<\/p>\n<p class=\"p1\"><em><strong>Por: Luc\u00eda P. de Garc\u00eda<\/strong><\/em><\/p>\n<p class=\"p1\"><em><strong>Toronto.-<\/strong> <\/em>Desde los a\u00f1os 70 se han sucedido importantes eventos internacionales con elocuentes discursos y resoluciones ambientalistas. Un ejemplo son las COP, \u201cConferencia de las Partes\u201d, cuyas reuniones anuales las auspicia la ONU desde 1995. No obstante, los intereses de gobiernos, corporaciones, empresas y m\u00e1s frustran los compromisos, y el negacionismo liderado por la extrema derecha mundial invita a no hacer nada, aduciendo que los humanos no tenemos ninguna culpa de la destrucci\u00f3n de la Madre Naturaleza pues son procesos normales del planeta.<span class=\"Apple-converted-space\">\u00a0<\/span><\/p>\n<p class=\"p1\">Los cient\u00edficos rechazan tal criterio, afirman que las evidencias demuestran que el cambio clim\u00e1tico ya est\u00e1 presente: en 2020, el \u00c1rtico alcanz\u00f3 la temperatura de 38 grados cent\u00edgrados, lo cual desat\u00f3 una enorme p\u00e9rdida de hielo. El normal calor del Valle de la Muerte en California, el sitio m\u00e1s caluroso del mundo, registr\u00f3 una temperatura sin precedentes de 54,4. En el presente a\u00f1o, el invierno europeo lleg\u00f3 a -52 al norte, mientras al sur se registraron calores r\u00e9cord de 48,8. En el verano de la Patagonia argentina los term\u00f3metros superaron los 30 grados. En Canad\u00e1, nuestra propia Provincia de Ontario nos ha sorprendido con un invierno donde la nieve ha sido escasa y las temperaturas predominantes han oscilado entre 2 y 10 grados cent\u00edgrados. Como si eso no fuera suficiente, los cient\u00edficos alertan de un cambio clim\u00e1tico subterr\u00e1neo provocado por t\u00faneles, alcantarillas, estacionamientos, que hacen que los suelos se inflen, contraigan, hundan, agrieten, lo que est\u00e1n empezando a afectar a los edificios.<\/p>\n<p class=\"p1\">A m\u00e1s de estos aspectos, la contaminaci\u00f3n ambiental sigue en aumento. El pl\u00e1stico reina en todos los continentes y en los mares forma islas que crecen, asesinan flora y fauna acu\u00e1ticas, calientan las aguas y las cambian de color. La tala de bosques y selvas avanza al igual que la miner\u00eda ilegal. Las guerras no s\u00f3lo exterminan personas sino que destruyen el entorno, los suelos, envenenan el aire, en tanto incrementan las fortunas de los fabricantes de armas. Los alimentos escasean o se desperdician. La atenci\u00f3n de salud, educaci\u00f3n, vivienda, empleo, se deterioran al tiempo que se incrementan la pobreza y el uso de drogas. La humanidad crece sin control, cuando urge instaurar la paternidad responsable y facilitar los medios para lograrlo.<span class=\"Apple-converted-space\">\u00a0<\/span><\/p>\n<p class=\"p1\">No se puede negar que constantemente se dan pasos para contrarrestar estos males, pero no son suficientes. Predomina la indiferencia de los gobiernos y de la sociedad, para angustia de los j\u00f3venes de la generaci\u00f3n actual que claman por un cambio profundo que destierre al materialismo para evitar la sobreexplotaci\u00f3n de recursos, el maltrato a la Madre Tierra, esta \u201cguerra contra la Creaci\u00f3n\u201d como la llaman los l\u00edderes religiosos mundiales.<\/p>\n<p class=\"p1\"><span class=\"Apple-converted-space\">\u00a0<\/span>As\u00ed las cosas, urge que todos actuemos. Es el momento. Empecemos por negarnos a aceptar como real la advertencia de Antonio Guterres, Secretario General de la ONU: \u201cLa era del calentamiento global ha terminado, ahora es el momento de la era de la ebullici\u00f3n global\u201d. Esa posibilidad terror\u00edfica no podemos legar a nuestros hijos y nietos.<span class=\"Apple-converted-space\">\u00a0<\/span><\/p>\n<p class=\"p1\">Por ellos, refresquemos la solicitud que con el respaldo de millones de firmas de todo el mundo se present\u00f3 a la ONU en 1991: incluir en los Art\u00edculos de la Carta de Derechos Universales de las Naciones Unidas los enunciados del libro que en 1979 escribiera el famoso ocean\u00f3grafo Jacques Cousteau junto a cient\u00edficos y fil\u00f3sofos \u201cCarta de Derechos de las Generaciones Futuras\u201d. Y no s\u00f3lo eso, ante la indiferencia de los gobiernos, presionemos para que la m\u00e1xima autoridad del mundo, la ONU, sea la que lidere y dirija con plena autoridad, un compromiso internacional serio y obligatorio a favor de la vida en nuestro \u00fanico y bello Planeta.<span class=\"Apple-converted-space\">\u00a0<\/span><\/p>\n<p class=\"p1\">Por nuestros hijos y nietos, y con ellos, sigamos las directrices que nos se\u00f1ala el siempre actual texto de Cousteau: erradicar combustibles f\u00f3siles, gases contaminantes, energ\u00eda at\u00f3mica, basura t\u00f3xica. Cuidar bosques, selvas, la pureza de las aguas; dejar descansar a flora, fauna y obtener alimentos de las algas marinas. Ayudar a la Naturaleza mediante control demogr\u00e1fico, educaci\u00f3n, amparo en la vejez. Evitar da\u00f1os a la vida, libertad y dignidad humana. Usar los recursos del Estado para perpetuar los derechos de las generaciones a una Tierra saludable.<span class=\"Apple-converted-space\">\u00a0<\/span><\/p>\n","protected":false},"excerpt":{"rendered":"<p>&nbsp; &nbsp; Por: Luc\u00eda P. de Garc\u00eda Toronto.- Desde los a\u00f1os 70 se han sucedido importantes eventos internacionales con elocuentes discursos y resoluciones ambientalistas. Un&hellip;<\/p>\n","protected":false},"author":99,"featured_media":515898,"comment_status":"open","ping_status":"open","sticky":false,"template":"","format":"standard","meta":{"footnotes":""},"categories":[21],"tags":[],"class_list":["post-515897","post","type-post","status-publish","format-standard","has-post-thumbnail","hentry","category-canada"],"_links":{"self":[{"href":"https:\/\/diarioelpopular.com\/index.php\/wp-json\/wp\/v2\/posts\/515897","targetHints":{"allow":["GET"]}}],"collection":[{"href":"https:\/\/diarioelpopular.com\/index.php\/wp-json\/wp\/v2\/posts"}],"about":[{"href":"https:\/\/diarioelpopular.com\/index.php\/wp-json\/wp\/v2\/types\/post"}],"author":[{"embeddable":true,"href":"https:\/\/diarioelpopular.com\/index.php\/wp-json\/wp\/v2\/users\/99"}],"replies":[{"embeddable":true,"href":"https:\/\/diarioelpopular.com\/index.php\/wp-json\/wp\/v2\/comments?post=515897"}],"version-history":[{"count":1,"href":"https:\/\/diarioelpopular.com\/index.php\/wp-json\/wp\/v2\/posts\/515897\/revisions"}],"predecessor-version":[{"id":515899,"href":"https:\/\/diarioelpopular.com\/index.php\/wp-json\/wp\/v2\/posts\/515897\/revisions\/515899"}],"wp:featuredmedia":[{"embeddable":true,"href":"https:\/\/diarioelpopular.com\/index.php\/wp-json\/wp\/v2\/media\/515898"}],"wp:attachment":[{"href":"https:\/\/diarioelpopular.com\/index.php\/wp-json\/wp\/v2\/media?parent=515897"}],"wp:term":[{"taxonomy":"category","embeddable":true,"href":"https:\/\/diarioelpopular.com\/index.php\/wp-json\/wp\/v2\/categories?post=515897"},{"taxonomy":"post_tag","embeddable":true,"href":"https:\/\/diarioelpopular.com\/index.php\/wp-json\/wp\/v2\/tags?post=515897"}],"curies":[{"name":"wp","href":"https:\/\/api.w.org\/{rel}","templated":true}]}}