{"id":515942,"date":"2024-02-22T11:33:35","date_gmt":"2024-02-22T15:33:35","guid":{"rendered":"https:\/\/diarioelpopular.com\/?p=515942"},"modified":"2024-02-22T11:33:35","modified_gmt":"2024-02-22T15:33:35","slug":"nueve-delincuentes-detenidos-en-relacion-con-red-de-exportacion-de-vehiculos-robados","status":"publish","type":"post","link":"https:\/\/diarioelpopular.com\/index.php\/2024\/02\/22\/nueve-delincuentes-detenidos-en-relacion-con-red-de-exportacion-de-vehiculos-robados\/","title":{"rendered":"Nueve delincuentes detenidos en relaci\u00f3n con red de exportaci\u00f3n de veh\u00edculos robados"},"content":{"rendered":"<p><img loading=\"lazy\" decoding=\"async\" class=\"alignnone size-custom-full-size wp-image-515943\" src=\"https:\/\/diarioelpopular.com\/wp-content\/uploads\/2024\/02\/Screen-Shot-2024-02-22-at-10.28.15-AM-636x452.png\" alt=\"\" width=\"636\" height=\"452\" srcset=\"https:\/\/diarioelpopular.com\/wp-content\/uploads\/2024\/02\/Screen-Shot-2024-02-22-at-10.28.15-AM-636x452.png 636w, https:\/\/diarioelpopular.com\/wp-content\/uploads\/2024\/02\/Screen-Shot-2024-02-22-at-10.28.15-AM-300x213.png 300w, https:\/\/diarioelpopular.com\/wp-content\/uploads\/2024\/02\/Screen-Shot-2024-02-22-at-10.28.15-AM-768x546.png 768w, https:\/\/diarioelpopular.com\/wp-content\/uploads\/2024\/02\/Screen-Shot-2024-02-22-at-10.28.15-AM-103x73.png 103w, https:\/\/diarioelpopular.com\/wp-content\/uploads\/2024\/02\/Screen-Shot-2024-02-22-at-10.28.15-AM.png 1024w\" sizes=\"auto, (max-width: 636px) 100vw, 636px\" \/><\/p>\n<p>&nbsp;<\/p>\n<ul>\n<li><em><strong>Se recuperaron 21 veh\u00edculos por valor de m\u00e1s de 1,7 millones de d\u00f3lares<\/strong><\/em><\/li>\n<\/ul>\n<p>&nbsp;<\/p>\n<p><em><strong>MONTREAL.-<\/strong> <\/em>Nueve delincuentes fueron arrestados el mi\u00e9rcoles por la ma\u00f1ana en relaci\u00f3n con una red de exportaci\u00f3n de veh\u00edculos robados, anunci\u00f3 la polic\u00eda de Montreal.<\/p>\n<p>Los arrestos y la investigaci\u00f3n que los condujo dieron como resultado la recuperaci\u00f3n de 21 veh\u00edculos valorados en m\u00e1s de 1,7 millones de d\u00f3lares, dijo la fuerza.<\/p>\n<p>La red, que opera principalmente en Montreal y sus alrededores, se centraba en los SUV de lujo y las furgonetas nuevas con el fin de revenderlos en el extranjero. Los veh\u00edculos hab\u00edan sido sustra\u00eddos de distintos lugares, entre ellos una empresa de alquiler y estacionamientos p\u00fablicos. Al menos seis veh\u00edculos hab\u00edan sido robados del aeropuerto Trudeau, dijo la polic\u00eda.<\/p>\n<p>&#8220;La red actu\u00f3 con total autonom\u00eda, lo que significa que sus miembros participaron en todas las etapas previas a la exportaci\u00f3n de veh\u00edculos robados, desde la localizaci\u00f3n hasta el robo y el almacenamiento&#8221;, dijo la SPVM en un comunicado.<\/p>\n<p>Las b\u00fasquedas realizadas en Montreal, Mascouche, Terrebonne, St-Esprit, St-F\u00e9lix-de-Valois, Ste-Julienne y St-Lin dieron lugar a la imputaci\u00f3n de cargos por 55 robos de veh\u00edculos, de los cuales 37 tuvieron lugar en Montreal. Los cargos contra los sospechosos, que tienen entre 27 y 64 a\u00f1os de edad, incluyen robo de veh\u00edculos motorizados, recepci\u00f3n de propiedad robada, allanamiento de morada, tr\u00e1fico de propiedad obtenida mediante el delito y posesi\u00f3n de armas de fuego prohibida o restringida, entre otros.<\/p>\n<p>Seis sospechosos comparecieron ante el tribunal de Montreal el mi\u00e9rcoles por la tarde y los tres restantes comparecen este jueves.<\/p>\n<p>Los veh\u00edculos objetivo inclu\u00edan principalmente los siguientes tipos: Ford Expedition, GMC Yukon, Chevrolet Tahoe, Dodge Durango, Ford F150, Dodge RAM.<\/p>\n<p>Adem\u00e1s de los veh\u00edculos, fueron incautadas dos armas de fuego cargadas, 40.000 d\u00f3lares en efectivo, distintas herramientas utilizadas para los hurtos, una onza de coca\u00edna y ocho libras de cannabis.<\/p>\n<p>La SPVM dijo que ha implementado diferentes estrategias para combatir el robo de autom\u00f3viles desde 2021, lo que result\u00f3 en 538 arrestos en 2023. El a\u00f1o pasado tambi\u00e9n se recuperaron un total de 6.834 autom\u00f3viles robados en Montreal.<\/p>\n<p>Cualquier persona que tenga informaci\u00f3n sobre robos de autom\u00f3viles en la ciudad puede comunicarse con el 911, su estaci\u00f3n de polic\u00eda local o con Info-Crime Montreal al 514-393-1133.<\/p>\n","protected":false},"excerpt":{"rendered":"<p>&nbsp; Se recuperaron 21 veh\u00edculos por valor de m\u00e1s de 1,7 millones de d\u00f3lares &nbsp; MONTREAL.- Nueve delincuentes fueron arrestados el mi\u00e9rcoles por la ma\u00f1ana&hellip;<\/p>\n","protected":false},"author":99,"featured_media":515943,"comment_status":"open","ping_status":"open","sticky":false,"template":"","format":"standard","meta":{"footnotes":""},"categories":[21],"tags":[],"class_list":["post-515942","post","type-post","status-publish","format-standard","has-post-thumbnail","hentry","category-canada"],"_links":{"self":[{"href":"https:\/\/diarioelpopular.com\/index.php\/wp-json\/wp\/v2\/posts\/515942","targetHints":{"allow":["GET"]}}],"collection":[{"href":"https:\/\/diarioelpopular.com\/index.php\/wp-json\/wp\/v2\/posts"}],"about":[{"href":"https:\/\/diarioelpopular.com\/index.php\/wp-json\/wp\/v2\/types\/post"}],"author":[{"embeddable":true,"href":"https:\/\/diarioelpopular.com\/index.php\/wp-json\/wp\/v2\/users\/99"}],"replies":[{"embeddable":true,"href":"https:\/\/diarioelpopular.com\/index.php\/wp-json\/wp\/v2\/comments?post=515942"}],"version-history":[{"count":1,"href":"https:\/\/diarioelpopular.com\/index.php\/wp-json\/wp\/v2\/posts\/515942\/revisions"}],"predecessor-version":[{"id":515944,"href":"https:\/\/diarioelpopular.com\/index.php\/wp-json\/wp\/v2\/posts\/515942\/revisions\/515944"}],"wp:featuredmedia":[{"embeddable":true,"href":"https:\/\/diarioelpopular.com\/index.php\/wp-json\/wp\/v2\/media\/515943"}],"wp:attachment":[{"href":"https:\/\/diarioelpopular.com\/index.php\/wp-json\/wp\/v2\/media?parent=515942"}],"wp:term":[{"taxonomy":"category","embeddable":true,"href":"https:\/\/diarioelpopular.com\/index.php\/wp-json\/wp\/v2\/categories?post=515942"},{"taxonomy":"post_tag","embeddable":true,"href":"https:\/\/diarioelpopular.com\/index.php\/wp-json\/wp\/v2\/tags?post=515942"}],"curies":[{"name":"wp","href":"https:\/\/api.w.org\/{rel}","templated":true}]}}