{"id":516024,"date":"2024-02-25T12:54:00","date_gmt":"2024-02-25T16:54:00","guid":{"rendered":"https:\/\/diarioelpopular.com\/?p=516024"},"modified":"2024-02-25T12:54:00","modified_gmt":"2024-02-25T16:54:00","slug":"para-justin-trudeau-ya-es-hora-de-irse-y-el-lo-sabe","status":"publish","type":"post","link":"https:\/\/diarioelpopular.com\/index.php\/2024\/02\/25\/para-justin-trudeau-ya-es-hora-de-irse-y-el-lo-sabe\/","title":{"rendered":"Para Justin Trudeau ya es hora de irse y \u00e9l lo sabe"},"content":{"rendered":"<p><img loading=\"lazy\" decoding=\"async\" class=\"alignnone size-custom-full-size wp-image-516025\" src=\"https:\/\/diarioelpopular.com\/wp-content\/uploads\/2024\/02\/Screen-Shot-2024-02-25-at-11.53.24-AM-636x762.png\" alt=\"\" width=\"636\" height=\"762\" srcset=\"https:\/\/diarioelpopular.com\/wp-content\/uploads\/2024\/02\/Screen-Shot-2024-02-25-at-11.53.24-AM-636x762.png 636w, https:\/\/diarioelpopular.com\/wp-content\/uploads\/2024\/02\/Screen-Shot-2024-02-25-at-11.53.24-AM-250x300.png 250w, https:\/\/diarioelpopular.com\/wp-content\/uploads\/2024\/02\/Screen-Shot-2024-02-25-at-11.53.24-AM-61x73.png 61w, https:\/\/diarioelpopular.com\/wp-content\/uploads\/2024\/02\/Screen-Shot-2024-02-25-at-11.53.24-AM.png 694w\" sizes=\"auto, (max-width: 636px) 100vw, 636px\" \/><\/p>\n<p>&nbsp;<\/p>\n<p>&nbsp;<\/p>\n<p>&nbsp;<\/p>\n<ul>\n<li><em><strong>Si se queda, llevar\u00e1 al Partido Liberal de Canad\u00e1 a la peor derrota de su historia.<\/strong><\/em><\/li>\n<\/ul>\n<p>&nbsp;<\/p>\n<p><em>Autor del art\u00edculo: Warren Kinsella<\/em><\/p>\n<p>Har\u00e1 sus maletas Louis Vuitton y se dirigir\u00e1 a las salidas, y a los lucrativos pastos de anticipos multimillonarios para libros y discursos ante multitudes selectas a 100.000 d\u00f3lares cada uno. A una vida menos p\u00fablica, una que lo ve salir con quien quiera, refrescarse en fiestas en el jard\u00edn y decir lo que quiera, incluidas malas palabras.<\/p>\n<p>Una vida que le permitir\u00e1 decirnos que nos hagamos cosas que son biol\u00f3gicamente imposibles.<\/p>\n<p>Ahora bien, \u00bfsabemos con certeza que Justin Trudeau se ir\u00e1 pronto? Por supuesto que no. No hay secretos en pol\u00edtica. Cuando eres primer ministro o presidente, si ofreces incluso el indicio m\u00e1s indirecto de que te diriges a las salidas, se filtrar\u00e1. Y vuestro poder se evaporar\u00e1 porque nos hemos convertido en los panecillos de ayer.<\/p>\n<p>Entonces, \u00bfpor qu\u00e9 este exasesor de un primer ministro liberal est\u00e1 convencido de que Justin Trudeau se marchar\u00e1 m\u00e1s pronto que tarde? Gracias por preguntar. Tres razones&#8230; Recortar y guardar.<\/p>\n<p><em><strong>Uno: El precedente.<\/strong><\/em><\/p>\n<p>La semana que viene se cumplir\u00e1n cuarenta a\u00f1os, su padre, un tal Pierre Elliott Trudeau, dio su legendario paseo por la nieve, como \u00e9l mismo dijo.<\/p>\n<p>Fue el 29 de febrero de 1984, despu\u00e9s de sacudirse la nieve de los zapatos, que Trudeau padre inform\u00f3 a una naci\u00f3n agradecida, y de hecho parec\u00eda m\u00e1s feliz que nadie (y la gente estaba muy, muy feliz).<\/p>\n<p>Entonces, \u00bfqu\u00e9 podr\u00eda ser m\u00e1s perfecto que su hijo \u2013el delf\u00edn, o heredero al trono, como dicen los franceses\u2013 replicando la gran decisi\u00f3n de su padre, el mismo d\u00eda, de la misma manera? Es como algo sacado de una pel\u00edcula de Hollywood. Con final feliz.<\/p>\n<p>Es cierto que hay dos cosas que militan en contra de esta teor\u00eda. Una es que no se pronostica nieve en Ottawa la pr\u00f3xima semana. La otra es que Trudeau, como muchos hijos, quiere escapar de la sombra de su padre. No permanecer dentro de \u00e9l.<\/p>\n<p>Entonces, si bien es muy divertido hablar del precedente hist\u00f3rico, probablemente no sea lo m\u00e1s importante en la mente del hijo. Tacha ese.<\/p>\n<p><em><strong>Dos: sus encuestas apestan.<\/strong><\/em><\/p>\n<p>Al contrario de lo que piensan los que odian a Trudeau, Justin Trudeau no es un imb\u00e9cil. No se llega a ser primer ministro siendo un idiota. Se necesitan a\u00f1os de intrigas y conspiraciones y no faltan conocimientos estrat\u00e9gicos.<\/p>\n<p>Adem\u00e1s, Trudeau sabe leer. \u00c9l, como el resto de nosotros, sabe leer una encuesta. Y sus encuestas son abismal, sorprendente, irrefutable e hist\u00f3ricamente malas.<\/p>\n<p>Encuestas acreditadas (incluidas las utilizadas por el propio gobierno de Trudeau) dicen que est\u00e1 hasta 20 puntos por detr\u00e1s de los conservadores de Pierre Poilievre, a quien Trudeau detesta. \u00a1Veinte puntos!<\/p>\n<p>Los modelos son ciencia vud\u00fa, pero pintan un panorama aproximado. Y, si eres un Grit, el cuadro que pintan es tan horripilante como el de Francisco Goya que muestra al tit\u00e1n Cronos comi\u00e9ndose a alguien vivo.<\/p>\n<p>Un par de modelos evocados la semana pasada muestran que los conservadores est\u00e1n en la c\u00faspide de la mayor\u00eda m\u00e1s grande en la historia de Canad\u00e1. Lo \u00fanico que mantendr\u00eda vivos a los liberales ser\u00eda una legislaci\u00f3n sobre especies en peligro de extinci\u00f3n.<\/p>\n<p>\u00bfPor qu\u00e9 Trudeau se quedar\u00eda para ser humillado? \u00bfPor qu\u00e9 no hacer lo que hizo su padre y entregar la c\u00e1scara ahuecada del Partido Liberal de Canad\u00e1 a alg\u00fan pobre idiota, como John Turner, para que la use? Pan comido.<\/p>\n<p><em><strong>Tres: Su coraz\u00f3n.<\/strong><\/em><\/p>\n<p>Esa cosa peque\u00f1a y negra que se rumoreaba que estaba en el centro del cofre del Primer Ministro ya no est\u00e1 all\u00ed. Parece profundamente infeliz. \u00bfY qui\u00e9n puede culparlo?<\/p>\n<p>Todo lo que hace le va mal estos d\u00edas. Anuncios, pol\u00edticas, lo que sea: ya nada parece ir a su favor.<\/p>\n<p>Hace mucho tiempo, Justin Trudeau era el centro de atenci\u00f3n de las reuniones internacionales. Recibi\u00f3 perfiles aduladores de revistas y ex primeras damas estadounidenses que le lanzaban miradas codiciosas.<\/p>\n<p>Hoy en d\u00eda, no podr\u00eda llamar la atenci\u00f3n en una cumbre del G7 prendi\u00e9ndose fuego. Nuestros aliados ahora realizan regularmente ejercicios militares e intercambian informaci\u00f3n de inteligencia sin nosotros.<\/p>\n<p>A nivel internacional, somos los Milli Vanilli de los pa\u00edses: sincronizamos las palabras con los labios, pero no pudimos tocar una melod\u00eda que hiciera que cualquiera quisiera bailar.<\/p>\n<p>En noviembre, cuando Trudeau acus\u00f3 escandalosamente a Israel de \u201cmatar beb\u00e9s\u201d, lo notable no fue que el presidente israel\u00ed Benjam\u00edn Netanyahu respondiera furiosamente. Lo notable fue que Netanyahu incluso se molest\u00f3 en hacerlo.<\/p>\n<p>Todo esto ha dejado a Trudeau con un aspecto perfecta y comprensiblemente miserable. Claro, posar\u00e1 para las fotos con ese rictus de sonrisa falsa que ha perfeccionado y dar\u00e1 la impresi\u00f3n de que todav\u00eda disfruta del trabajo. Claro, puede participar en el vaiv\u00e9n en el teatro de tonter\u00edas de la C\u00e1mara de los Comunes, en esas raras ocasiones en que aparece.<\/p>\n<p>Pero todo es pol\u00edtica performativa. Parece como si alguien le hubiera robado el dinero del almuerzo y lo hubiera echado del club Glee.<\/p>\n<p>Entonces, \u00bfse va? Creo que lo es. Quiz\u00e1s no la pr\u00f3xima semana, porque ser\u00eda demasiado obvio, incluso para \u00e9l.<\/p>\n<p>Pero \u00e9l se va. Si se queda, conducir\u00e1 al Partido Liberal de Canad\u00e1 a la peor derrota de su historia. Punto final.<\/p>\n<p>Nadie se mete en pol\u00edtica por dinero, porque no lo hay. Nadie se mete en ella para hacerse famoso, porque la pol\u00edtica suele hacer infames a quienes la practican.<\/p>\n<p>Te metes en ello para cambiar las cosas y dejar tu huella.<\/p>\n<p>Justin Trudeau cambi\u00f3 algunas cosas y, si eres justo, sabes que no todas fueron malas. Dej\u00f3 su huella en la historia.<\/p>\n<p>Pero es hora de irse. Y \u00e9l lo sabe.<\/p>\n","protected":false},"excerpt":{"rendered":"<p>&nbsp; &nbsp; &nbsp; Si se queda, llevar\u00e1 al Partido Liberal de Canad\u00e1 a la peor derrota de su historia. &nbsp; Autor del art\u00edculo: Warren Kinsella&hellip;<\/p>\n","protected":false},"author":99,"featured_media":516025,"comment_status":"open","ping_status":"open","sticky":false,"template":"","format":"standard","meta":{"footnotes":""},"categories":[21,11191],"tags":[],"class_list":["post-516024","post","type-post","status-publish","format-standard","has-post-thumbnail","hentry","category-canada","category-top-news"],"_links":{"self":[{"href":"https:\/\/diarioelpopular.com\/index.php\/wp-json\/wp\/v2\/posts\/516024","targetHints":{"allow":["GET"]}}],"collection":[{"href":"https:\/\/diarioelpopular.com\/index.php\/wp-json\/wp\/v2\/posts"}],"about":[{"href":"https:\/\/diarioelpopular.com\/index.php\/wp-json\/wp\/v2\/types\/post"}],"author":[{"embeddable":true,"href":"https:\/\/diarioelpopular.com\/index.php\/wp-json\/wp\/v2\/users\/99"}],"replies":[{"embeddable":true,"href":"https:\/\/diarioelpopular.com\/index.php\/wp-json\/wp\/v2\/comments?post=516024"}],"version-history":[{"count":1,"href":"https:\/\/diarioelpopular.com\/index.php\/wp-json\/wp\/v2\/posts\/516024\/revisions"}],"predecessor-version":[{"id":516026,"href":"https:\/\/diarioelpopular.com\/index.php\/wp-json\/wp\/v2\/posts\/516024\/revisions\/516026"}],"wp:featuredmedia":[{"embeddable":true,"href":"https:\/\/diarioelpopular.com\/index.php\/wp-json\/wp\/v2\/media\/516025"}],"wp:attachment":[{"href":"https:\/\/diarioelpopular.com\/index.php\/wp-json\/wp\/v2\/media?parent=516024"}],"wp:term":[{"taxonomy":"category","embeddable":true,"href":"https:\/\/diarioelpopular.com\/index.php\/wp-json\/wp\/v2\/categories?post=516024"},{"taxonomy":"post_tag","embeddable":true,"href":"https:\/\/diarioelpopular.com\/index.php\/wp-json\/wp\/v2\/tags?post=516024"}],"curies":[{"name":"wp","href":"https:\/\/api.w.org\/{rel}","templated":true}]}}