{"id":516045,"date":"2024-02-26T11:01:57","date_gmt":"2024-02-26T15:01:57","guid":{"rendered":"https:\/\/diarioelpopular.com\/?p=516045"},"modified":"2024-02-26T11:01:57","modified_gmt":"2024-02-26T15:01:57","slug":"donald-trump-afirma-que-los-migrantes-estan-matando-estados-unidos-y-promete-deportacion-masiva","status":"publish","type":"post","link":"https:\/\/diarioelpopular.com\/index.php\/2024\/02\/26\/donald-trump-afirma-que-los-migrantes-estan-matando-estados-unidos-y-promete-deportacion-masiva\/","title":{"rendered":"Donald Trump afirma que \u201clos migrantes est\u00e1n matando Estados Unidos\u201d y promete deportaci\u00f3n masiva"},"content":{"rendered":"<p><img loading=\"lazy\" decoding=\"async\" class=\"alignnone size-custom-big-size wp-image-516046\" src=\"https:\/\/diarioelpopular.com\/wp-content\/uploads\/2024\/02\/Screen-Shot-2024-02-26-at-9.57.52-AM-1200x870.png\" alt=\"\" width=\"1200\" height=\"870\" srcset=\"https:\/\/diarioelpopular.com\/wp-content\/uploads\/2024\/02\/Screen-Shot-2024-02-26-at-9.57.52-AM-1200x870.png 1200w, https:\/\/diarioelpopular.com\/wp-content\/uploads\/2024\/02\/Screen-Shot-2024-02-26-at-9.57.52-AM-300x217.png 300w, https:\/\/diarioelpopular.com\/wp-content\/uploads\/2024\/02\/Screen-Shot-2024-02-26-at-9.57.52-AM-768x557.png 768w, https:\/\/diarioelpopular.com\/wp-content\/uploads\/2024\/02\/Screen-Shot-2024-02-26-at-9.57.52-AM-636x461.png 636w, https:\/\/diarioelpopular.com\/wp-content\/uploads\/2024\/02\/Screen-Shot-2024-02-26-at-9.57.52-AM-101x73.png 101w, https:\/\/diarioelpopular.com\/wp-content\/uploads\/2024\/02\/Screen-Shot-2024-02-26-at-9.57.52-AM.png 1024w\" sizes=\"auto, (max-width: 1200px) 100vw, 1200px\" \/><\/p>\n<h5><em>Donald Trump volvi\u00f3 a arremeter contra los migrantes. Es uno de los caballos de batalla de su campa\u00f1a presidencial. FOTO Getty.<\/em><\/h5>\n<p>&nbsp;<\/p>\n<div id=\"\" class=\"portlet-boundary portlet-static-end content-viewer-portlet last full-access norestricted\">\n<div class=\"ecr_articulo_titulo_multimedia art_23830722\">\n<div class=\"block-headline\">\n<h4 class=\"lead cita\"><em>&#8211; El corrupto y convicto candidato agreg\u00f3 que si regresa a la presidencia liderar\u00e1 una deportaci\u00f3n masiva, la m\u00e1s grande la historia<\/em><\/h4>\n<\/div>\n<\/div>\n<\/div>\n<div id=\"\" class=\"portlet-boundary portlet-static-end content-viewer-portlet last full-access norestricted\">\n<div class=\"template-ec-11\"><\/div>\n<\/div>\n<div id=\"\" class=\"portlet-boundary portlet-static-end content-viewer-portlet last full-access norestricted\">\n<div class=\"TEMPLATE-EC-01\"><\/div>\n<\/div>\n<div id=\"\" class=\"portlet-boundary portlet-static-end content-viewer-portlet section__textos last full-access norestricted\">\n<div class=\"ecr_articulo art_23830722\">\n<div class=\"block-date information-noticia toolsWrapper\">\n<div class=\"tools\">\n<div class=\"div_author_r\">\n<p><b><a href=\"https:\/\/www.elcolombiano.com\/internacional\/trump-pide-que-se-desestime-los-cargos-por-posesion-de-documentos-clasificados-de-la-casa-blanca-y-apela-a-la-inmunidad-presidencial-EI23816442\" target=\"_blank\" rel=\"noopener noreferrer\">Donald Trump<\/a><\/b>\u00a0acus\u00f3 a los migrantes de estar \u201cmatando\u201d a Estados Unidos\u00a0y prometi\u00f3 de nuevo que si gana las elecciones de noviembre pondr\u00e1 fin a la \u201cinvasi\u00f3n\u201d con una deportaci\u00f3n masiva.<\/p>\n<p>\u201cSer\u00e1 la deportaci\u00f3n m\u00e1s grande en la historia de nuestro pa\u00eds y no tenemos otra opci\u00f3n.\u00a0No es nada agradable decirlo y odio decirlo. Esos payasos de los medios dir\u00e1n: \u2018Oh, es tan malo\u2019. \u00c9l es&#8230; No, no. Est\u00e1n matando a nuestra gente. Est\u00e1n matando a nuestro pa\u00eds, est\u00e1n matando a nuestra gente, no tenemos otra opci\u00f3n\u201d, afirm\u00f3 durante una convenci\u00f3n ultraconservadora cerca de Washington.<\/p>\n<p>La crisis migratoria es uno de los temas centrales de la campa\u00f1a para los comicios que disputar\u00e1n probablemente Trump, de 77 a\u00f1os, y el presidente dem\u00f3crata\u00a0J<a href=\"https:\/\/www.elcolombiano.com\/internacional\/joe-biden-impondra-sanciones-contra-rusia-por-muerte-navalny-y-guerra-ucrania-AI23817700\" target=\"_blank\" rel=\"noopener noreferrer\">oe Biden,<\/a>\u00a0de 81, a quien los conservadores acusan de no hacer lo suficiente para remediarla.<\/p>\n<p>El expresidente hizo un paralelismo entre los migrantes y la delincuencia, partiendo de un caso ocurrido hace unos d\u00edas en Nueva York.<\/p>\n<p><em><strong>Crimen migrante<\/strong><\/em><\/p>\n<p>\u201cTom\u00f3 m\u00e1s tiempo de lo que pensaba pero lo predije. Se llama crimen migrante\u201d, afirm\u00f3 citando un t\u00e9rmino acu\u00f1ado por \u00e9l. \u201cEs mucho m\u00e1s mortal de lo que nadie pensaba. De hecho se pelear\u00e1n a pu\u00f1etazos con la polic\u00eda en medio de la calle\u201d, a\u00f1adi\u00f3.<\/p>\n<p>\u201cVa a ser m\u00e1s grave que los delitos violentos y los delitos tal como los conoc\u00edamos, porque tenemos millones y millones de personas, y provienen de prisiones y c\u00e1rceles\u201d, afirm\u00f3 agitando de nuevo el miedo al migrante.<\/p>\n<p>Provienen \u201cde instituciones mentales y manicomios. No, no son lo mismo. Un manicomio es una instituci\u00f3n mental con esteroides, \u00bfvale? Es \u2018El silencio de los inocentes\u2019, \u00bfvale? T\u00fa lo sabes. \u00a1Hannibal Lecter! Todos est\u00e1n siendo depositados en nuestro pa\u00eds\u201d, dijo.<\/p>\n<p>Hannibal Lecter es el psic\u00f3pata de ficci\u00f3n m\u00e1s famoso de la gran pantalla, gracias a la pel\u00edcula\u00a0<i>El silencio de los inocentes<\/i>.<\/p>\n<p>Trump, quien ya dijo que los migrantes \u201cenvenenan la sangre del pa\u00eds\u201d,\u00a0lo que le vali\u00f3 comparaciones con Adolf Hitler, es partidario de reanudar la construcci\u00f3n del muro en la frontera con M\u00e9xico y de los llamados Protocolos de Protecci\u00f3n al Migrante (conocidos como \u201cQu\u00e9date en M\u00e9xico\u201d o MPP).<\/p>\n<p>El exmagnate prometi\u00f3 abordar el problema a su regreso a la Casa Blanca, tomando medidas \u201ctan draconianas como sea necesario\u201d para frenar los cruces fronterizos de migrantes y solicitantes de asilo.<\/p>\n<p><em><strong>Una pesadilla<\/strong><\/em><\/p>\n<p>Seg\u00fan \u00e9l, con la llegada de Biden al poder el pa\u00eds se ha convertido en una \u201cpesadilla\u201d.<\/p>\n<p>\u201cUn voto a Trump es tu billete de vuelta a la libertad y tu pasaporte para salir de la tiran\u00eda\u201d, dijo, aclamado por cientos de seguidores con gorras rojas.<\/p>\n<p>Bajo el gobierno dem\u00f3crata, \u201cEstados Unidos es una pesadilla\u201d, afirm\u00f3 en la la Conferencia de Acci\u00f3n Pol\u00edtica Conservadora (CPAC), celebrada en los suburbios de Washington.<\/p>\n<p>Trump despert\u00f3 la risa del p\u00fablico imitando\u00a0a Biden, al que describe como \u201cuna amenaza para la democracia\u201d y un presidente \u201crodeado de fascistas\u201d.<\/p>\n<p>Y les prometi\u00f3 que el 5 de noviembre, d\u00eda de las elecciones, ser\u00eda para ellos el \u201cd\u00eda de la liberaci\u00f3n\u201d.<\/p>\n<p>Su discurso estuvo marcado por una ret\u00f3rica tan amarga como siempre, haciendo numerosas referencias a una democracia estadounidense al borde del colapso.<\/p>\n<p>\u201cTodo en nuestro pa\u00eds va a funcionar correctamente. De nuevo, va a funcionar. Vamos a ser respetados en todo el mundo\u201d, asegur\u00f3 Trump, quien conf\u00eda en ser reelegido.<\/p>\n<\/div>\n<\/div>\n<\/div>\n<\/div>\n<\/div>\n","protected":false},"excerpt":{"rendered":"<p>Donald Trump volvi\u00f3 a arremeter contra los migrantes. Es uno de los caballos de batalla de su campa\u00f1a presidencial. FOTO Getty. &nbsp; &#8211; El corrupto&hellip;<\/p>\n","protected":false},"author":99,"featured_media":516046,"comment_status":"open","ping_status":"open","sticky":false,"template":"","format":"standard","meta":{"footnotes":""},"categories":[24],"tags":[],"class_list":["post-516045","post","type-post","status-publish","format-standard","has-post-thumbnail","hentry","category-mundo"],"_links":{"self":[{"href":"https:\/\/diarioelpopular.com\/index.php\/wp-json\/wp\/v2\/posts\/516045","targetHints":{"allow":["GET"]}}],"collection":[{"href":"https:\/\/diarioelpopular.com\/index.php\/wp-json\/wp\/v2\/posts"}],"about":[{"href":"https:\/\/diarioelpopular.com\/index.php\/wp-json\/wp\/v2\/types\/post"}],"author":[{"embeddable":true,"href":"https:\/\/diarioelpopular.com\/index.php\/wp-json\/wp\/v2\/users\/99"}],"replies":[{"embeddable":true,"href":"https:\/\/diarioelpopular.com\/index.php\/wp-json\/wp\/v2\/comments?post=516045"}],"version-history":[{"count":1,"href":"https:\/\/diarioelpopular.com\/index.php\/wp-json\/wp\/v2\/posts\/516045\/revisions"}],"predecessor-version":[{"id":516047,"href":"https:\/\/diarioelpopular.com\/index.php\/wp-json\/wp\/v2\/posts\/516045\/revisions\/516047"}],"wp:featuredmedia":[{"embeddable":true,"href":"https:\/\/diarioelpopular.com\/index.php\/wp-json\/wp\/v2\/media\/516046"}],"wp:attachment":[{"href":"https:\/\/diarioelpopular.com\/index.php\/wp-json\/wp\/v2\/media?parent=516045"}],"wp:term":[{"taxonomy":"category","embeddable":true,"href":"https:\/\/diarioelpopular.com\/index.php\/wp-json\/wp\/v2\/categories?post=516045"},{"taxonomy":"post_tag","embeddable":true,"href":"https:\/\/diarioelpopular.com\/index.php\/wp-json\/wp\/v2\/tags?post=516045"}],"curies":[{"name":"wp","href":"https:\/\/api.w.org\/{rel}","templated":true}]}}