{"id":516052,"date":"2024-02-27T10:16:53","date_gmt":"2024-02-27T14:16:53","guid":{"rendered":"https:\/\/diarioelpopular.com\/?p=516052"},"modified":"2024-02-27T10:16:53","modified_gmt":"2024-02-27T14:16:53","slug":"cronicas-eutanasia","status":"publish","type":"post","link":"https:\/\/diarioelpopular.com\/index.php\/2024\/02\/27\/cronicas-eutanasia\/","title":{"rendered":"CR\u00d3NICAS. Eutanasia"},"content":{"rendered":"<p><img loading=\"lazy\" decoding=\"async\" class=\"alignnone size-custom-full-size wp-image-516053\" src=\"https:\/\/diarioelpopular.com\/wp-content\/uploads\/2024\/02\/Screen-Shot-2024-02-27-at-9.16.20-AM-636x388.png\" alt=\"\" width=\"636\" height=\"388\" srcset=\"https:\/\/diarioelpopular.com\/wp-content\/uploads\/2024\/02\/Screen-Shot-2024-02-27-at-9.16.20-AM-636x388.png 636w, https:\/\/diarioelpopular.com\/wp-content\/uploads\/2024\/02\/Screen-Shot-2024-02-27-at-9.16.20-AM-300x183.png 300w, https:\/\/diarioelpopular.com\/wp-content\/uploads\/2024\/02\/Screen-Shot-2024-02-27-at-9.16.20-AM-768x468.png 768w, https:\/\/diarioelpopular.com\/wp-content\/uploads\/2024\/02\/Screen-Shot-2024-02-27-at-9.16.20-AM-120x73.png 120w, https:\/\/diarioelpopular.com\/wp-content\/uploads\/2024\/02\/Screen-Shot-2024-02-27-at-9.16.20-AM.png 1024w\" sizes=\"auto, (max-width: 636px) 100vw, 636px\" \/><\/p>\n<p>&nbsp;<\/p>\n<p class=\"p1\">Por. Luc\u00eda P. de Garc\u00eda.<\/p>\n<p class=\"p1\">Toronto.- Desde hace muchos a\u00f1os se habla de la eutanasia, palabra que proviene del lat\u00edn y significa \u201cmuerte buena y apacible\u201d. Esta forma de provocar el fallecimiento deliberado de una persona ya se aplica en animales, no por crueldad sino por compasi\u00f3n y amor, precisamente para evitar el intenso padecer de ese ser.<span class=\"Apple-converted-space\">\u00a0<\/span><\/p>\n<p class=\"p1\">Se dice que a trav\u00e9s del tiempo y precisamente por compasi\u00f3n y amor, en el \u00e1mbito m\u00e9dico se ha aplicado la eutanasia, pero en forma muy discreta. En la actualidad se la cita en temas relacionados con el sufrimiento que provocan ciertas dolencias, en especial las llamadas enfermedades hu\u00e9rfanas, raras o catastr\u00f3ficas, que a m\u00e1s de ser extremadamente crueles requieren medicamentos hu\u00e9rfanos, compuestos biotecnol\u00f3gicos tan caros que es vital que los Estados ayuden a esa poblaci\u00f3n que las padece y que constituye el 8% mundial.<span class=\"Apple-converted-space\">\u00a0<\/span><\/p>\n<p class=\"p1\">Para resaltar la importancia de atender a las personas que sufren tales rarezas se ha designado como el D\u00eda Mundial de las Enfermedades Raras al \u00faltimo d\u00eda de febrero, pues sin duda este mes tiene la \u201crareza\u201d de contar con menos d\u00edas que los otros meses del a\u00f1o y adem\u00e1s, si el a\u00f1o es com\u00fan, esta conmemoraci\u00f3n se da el 28, y si es bisiesto, el d\u00eda 29.<\/p>\n<p class=\"p1\">Coincidiendo con este mes tan particular y considerando aspectos legales, humanos, \u00e9ticos y m\u00e9dicos que proclaman que vivir no es una obligaci\u00f3n sino un derecho, el 7 de febrero la Corte Constitucional de Ecuador acept\u00f3 el pedido que le hiciera Paola Rold\u00e1n Espinosa, quite\u00f1a de 42 a\u00f1os de edad, que se le permita morir con dignidad por eutanasia, debido a que sufre de esclerosis lateral amiotr\u00f3fica (ELA), mal incurable que destruye las c\u00e9lulas nerviosas que controlan los m\u00fasculos, el mismo que le fue diagnosticado en agosto del 2020.<span class=\"Apple-converted-space\">\u00a0<\/span><\/p>\n<p class=\"p1\">Paola es madre de un ni\u00f1o de 5 a\u00f1os de edad. Con el apoyo de su esposo, sus padres, su familia, y en su casa convertida en hospital, ha debido ser atendida d\u00eda y noche ya que tiene el 95% de discapacidad y apenas controla los m\u00fasculos de la cara. Adem\u00e1s de soportar dolor intenso, constante e implacable, depende de un respirador y se alimenta por v\u00eda parenteral.<span class=\"Apple-converted-space\">\u00a0<\/span><\/p>\n<p class=\"p1\">El a\u00f1o pasado y junto a sus abogados, Paola plante\u00f3 la causa a nombre propio y de cientos de pacientes con enfermedades incurables o catastr\u00f3ficas. En octubre y desde su lecho, con l\u00e1grimas y voz entrecortada se dirigi\u00f3 a los jueces para decirles que m\u00e1s duro que el dolor f\u00edsico es el dolor emocional de tener a su lado a su hijo y no poder ni siquiera abrazarlo, ni abrazar a sus seres queridos. \u201cNo saben lo doloroso, injusto y humillante que es pedirles a quienes no han vivido lo que yo, que reconozcan el derecho que me corresponde a una muerte digna. Lo que vivo es doloroso, solitario, cruel\u201d.<span class=\"Apple-converted-space\">\u00a0<\/span><\/p>\n<p class=\"p1\">La Corte Constitucional le reconoci\u00f3 ese derecho al emitir su fallo la fecha ya se\u00f1alada, el mismo que tiene aplicaci\u00f3n inmediata ya que el caso cumple con los tres requisitos: Que la persona tenga un padecimiento intenso proveniente de una lesi\u00f3n corporal grave e irreversible o de una enfermedad grave e incurable que impida cumplir con el plan de vida. Que haya consentimiento libre e informado de manera directa o indirecta, a trav\u00e9s de un representante, por medio del cual solicite la eutanasia. Que la ejecute un m\u00e9dico, y si \u00e9ste tiene una \u201cobjeci\u00f3n de conciencia\u201d, se la derive a otro profesional. El fallo implica despenalizar al m\u00e9dico que aplica la eutanasia; disponer que el Ministerio de Salud emita un reglamento elaborado por una mesa t\u00e9cnica; que la Defensor\u00eda del Pueblo regule el procedimiento y la Asamblea Nacional lo convierta en Ley.<span class=\"Apple-converted-space\">\u00a0<\/span><\/p>\n<p class=\"p1\">Luego de conocer la noticia, Paola coment\u00f3 \u201cen realidad son cientos y cientos de voces que hoy salen del silencio y se muestran junto a m\u00ed. Hoy Ecuador es un pa\u00eds un poco m\u00e1s acogedor, m\u00e1s libre y m\u00e1s digno\u201d. Efectivamente es as\u00ed. Paola representa a otros que al no poder expresar su angustia y dolor extremo lo han hecho a trav\u00e9s de ella. Hoy Ecuador pasa a integrar la lista de los pocos pa\u00edses del mundo que despenalizan la eutanasia: Colombia, Espa\u00f1a, Portugal, B\u00e9lgica, Pa\u00edses Bajos, Luxemburgo, Nueva Zelanda; algunos lugares de Estados Unidos, Australia, Alemania, Suiza; Canad\u00e1 en determinados casos.<\/p>\n<p class=\"p1\">Ahora, Paola puede acordar con su familia la forma, el d\u00eda y la hora de partir hacia la eternidad con la dignidad que imprime la eutanasia. Con esa certeza, su padre, conmovido, dijo \u201cDios quiere que los seres humanos vivamos con dignidad y que tengamos una muerte dulce, as\u00ed fueron las palabras de un sacerdote, mentor m\u00edo, \u00e9l dijo que la enfermedad de mi hija es una enfermedad cruel\u201d. Esa despedida final, si bien es penosa y triste, es a la vez compasiva, valiente, respetuosa, llena de ternura, de espiritualidad y sobre todo colmada de amor.<span class=\"Apple-converted-space\">\u00a0<\/span><\/p>\n","protected":false},"excerpt":{"rendered":"<p>&nbsp; Por. Luc\u00eda P. de Garc\u00eda. Toronto.- Desde hace muchos a\u00f1os se habla de la eutanasia, palabra que proviene del lat\u00edn y significa \u201cmuerte buena&hellip;<\/p>\n","protected":false},"author":99,"featured_media":516053,"comment_status":"open","ping_status":"open","sticky":false,"template":"","format":"standard","meta":{"footnotes":""},"categories":[21],"tags":[],"class_list":["post-516052","post","type-post","status-publish","format-standard","has-post-thumbnail","hentry","category-canada"],"_links":{"self":[{"href":"https:\/\/diarioelpopular.com\/index.php\/wp-json\/wp\/v2\/posts\/516052","targetHints":{"allow":["GET"]}}],"collection":[{"href":"https:\/\/diarioelpopular.com\/index.php\/wp-json\/wp\/v2\/posts"}],"about":[{"href":"https:\/\/diarioelpopular.com\/index.php\/wp-json\/wp\/v2\/types\/post"}],"author":[{"embeddable":true,"href":"https:\/\/diarioelpopular.com\/index.php\/wp-json\/wp\/v2\/users\/99"}],"replies":[{"embeddable":true,"href":"https:\/\/diarioelpopular.com\/index.php\/wp-json\/wp\/v2\/comments?post=516052"}],"version-history":[{"count":1,"href":"https:\/\/diarioelpopular.com\/index.php\/wp-json\/wp\/v2\/posts\/516052\/revisions"}],"predecessor-version":[{"id":516054,"href":"https:\/\/diarioelpopular.com\/index.php\/wp-json\/wp\/v2\/posts\/516052\/revisions\/516054"}],"wp:featuredmedia":[{"embeddable":true,"href":"https:\/\/diarioelpopular.com\/index.php\/wp-json\/wp\/v2\/media\/516053"}],"wp:attachment":[{"href":"https:\/\/diarioelpopular.com\/index.php\/wp-json\/wp\/v2\/media?parent=516052"}],"wp:term":[{"taxonomy":"category","embeddable":true,"href":"https:\/\/diarioelpopular.com\/index.php\/wp-json\/wp\/v2\/categories?post=516052"},{"taxonomy":"post_tag","embeddable":true,"href":"https:\/\/diarioelpopular.com\/index.php\/wp-json\/wp\/v2\/tags?post=516052"}],"curies":[{"name":"wp","href":"https:\/\/api.w.org\/{rel}","templated":true}]}}