{"id":516078,"date":"2024-02-28T10:05:24","date_gmt":"2024-02-28T14:05:24","guid":{"rendered":"https:\/\/diarioelpopular.com\/?p=516078"},"modified":"2024-02-28T10:05:24","modified_gmt":"2024-02-28T14:05:24","slug":"generaciones-de-inmigrantes-trabajan-para-mantener-vivas-las-lenguas-y-la-cultura-en-canada","status":"publish","type":"post","link":"https:\/\/diarioelpopular.com\/index.php\/2024\/02\/28\/generaciones-de-inmigrantes-trabajan-para-mantener-vivas-las-lenguas-y-la-cultura-en-canada\/","title":{"rendered":"Generaciones de inmigrantes trabajan para mantener vivas las lenguas y la cultura en Canad\u00e1"},"content":{"rendered":"<p><img loading=\"lazy\" decoding=\"async\" class=\"alignnone size-custom-full-size wp-image-516079\" src=\"https:\/\/diarioelpopular.com\/wp-content\/uploads\/2024\/02\/Screen-Shot-2024-02-28-at-9.04.53-AM-636x460.png\" alt=\"\" width=\"636\" height=\"460\" srcset=\"https:\/\/diarioelpopular.com\/wp-content\/uploads\/2024\/02\/Screen-Shot-2024-02-28-at-9.04.53-AM-636x460.png 636w, https:\/\/diarioelpopular.com\/wp-content\/uploads\/2024\/02\/Screen-Shot-2024-02-28-at-9.04.53-AM-300x217.png 300w, https:\/\/diarioelpopular.com\/wp-content\/uploads\/2024\/02\/Screen-Shot-2024-02-28-at-9.04.53-AM-768x556.png 768w, https:\/\/diarioelpopular.com\/wp-content\/uploads\/2024\/02\/Screen-Shot-2024-02-28-at-9.04.53-AM-101x73.png 101w, https:\/\/diarioelpopular.com\/wp-content\/uploads\/2024\/02\/Screen-Shot-2024-02-28-at-9.04.53-AM.png 1024w\" sizes=\"auto, (max-width: 636px) 100vw, 636px\" \/><\/p>\n<p>&nbsp;<\/p>\n<p>&nbsp;<\/p>\n<ul>\n<li><em><strong>Canad\u00e1 es conocido por su multiculturalismo, pero entre las familias de origen inmigrante de segunda y tercera generaci\u00f3n, muchos dicen que parece haber una lucha por mantener viva la cultura y espec\u00edficamente el idioma del pa\u00eds de origen de su familia.<\/strong><\/em><\/li>\n<\/ul>\n<p>&nbsp;<\/p>\n<p>Cristina Valdez es una canadiense de primera generaci\u00f3n. Emigr\u00f3 de la Rep\u00fablica Dominicana con sus padres cuando ten\u00eda tres a\u00f1os.<\/p>\n<p>\u201cLa mayor\u00eda de las personas, cuando me conocen por primera vez o cuando me escuchan hablar espa\u00f1ol y me miran, se sorprenden mucho, uno porque soy afrolatina y dos, dicen, pero no tienes acento, \u00bfdonde aprendiste espa\u00f1ol?&#8221;<\/p>\n<p>La fluidez de Valdez se debe a su madre, quien hizo del espa\u00f1ol una prioridad en el hogar.<\/p>\n<p>Pero ahora, como madre, Valdez quiere que su hija Keylin, de cinco a\u00f1os, tenga la misma experiencia para mantener viva su lengua materna, aunque se teme que la lengua y la cultura se pierdan a trav\u00e9s de generaciones.<\/p>\n<p>\u201cA veces hablo con Keylin en espa\u00f1ol y ella responde en ingl\u00e9s para entender todo menos responder en ingl\u00e9s\u201d.<\/p>\n<p>Seg\u00fan Statistic Canada, entre 2016 y 2021, aproximadamente 6,3 millones de inmigrantes ten\u00edan una lengua materna que no era el franc\u00e9s ni el ingl\u00e9s. Pero, con los canadienses de segunda generaci\u00f3n, ese n\u00famero se redujo a 1,2 millones. En la tercera generaci\u00f3n, el n\u00famero se redujo a\u00fan m\u00e1s a 250.000.<\/p>\n<p>Dan Berges es el director general del Berges Institute, una escuela de espa\u00f1ol en l\u00ednea para adultos.<\/p>\n<p>Dijo que ha notado una afluencia de personas de ascendencia latinoamericana que buscan aprender el idioma como una forma de conectarse con su cultura y reclamar su herencia. Pero dijo que a veces una sensaci\u00f3n de verg\u00fcenza se interpone en el camino.<\/p>\n<p>\u201cEsa verg\u00fcenza es un factor importante en la desaparici\u00f3n de lenguas a trav\u00e9s de generaciones. Muchas veces es la propia comunidad la que presiona a los ni\u00f1os para que hablen el idioma nativo, pero no es as\u00ed, es su segundo idioma. Y muchos de ellos se cansan de esas cr\u00edticas\u201d.<\/p>\n<p>En Toronto, en 2021, poco m\u00e1s del 42 por ciento de los residentes de la ciudad ten\u00edan una lengua materna distinta del ingl\u00e9s o el franc\u00e9s.<\/p>\n<p>De eso, el 25,9 por ciento de las personas hablaban regularmente en casa un idioma distinto de los idiomas oficiales de Canad\u00e1. Pero esas cifras parecen estar disminuyendo entre algunos de los idiomas m\u00e1s hablados de Toronto, como el canton\u00e9s, que seg\u00fan las estad\u00edsticas de la ciudad ha disminuido en un 10 por ciento.<\/p>\n<p>\u201cEn Canad\u00e1 tenemos la ventaja de vivir en un contexto que ya se ha desarrollado como una forma de biling\u00fcismo oficial, por lo que, a diferencia de muchos pa\u00edses occidentales, Canad\u00e1 ha superado con \u00e9xito la idea de una naci\u00f3n, un idioma que realmente ha sido el ADN. de la sociedad occidental\u201d, afirm\u00f3 el Dr. Amil Kalan, profesor asistente de Estudios Integrados en Educaci\u00f3n de la Universidad McGill. &#8220;Creo que es una base realmente excelente, pero no es suficiente&#8221;.<\/p>\n<p>&#8220;Est\u00e1n las lenguas de la di\u00e1spora y esas lenguas morir\u00e1n en Canad\u00e1 y es muy triste para sus abuelos que ver\u00e1n c\u00f3mo los ni\u00f1os ya no hablar\u00e1n su lengua&#8221;, a\u00f1adi\u00f3.<\/p>\n<p>Y para familias como la de Valdez, si bien el apoyo para preservar el multiling\u00fcismo ser\u00eda \u00fatil, dijo que tambi\u00e9n se trata de mantener el tejido que hace de Canad\u00e1 un lugar especial para vivir.<\/p>\n<p>\u201cPara preservar generacionalmente nuestra cultura, creo que es muy importante que mis hijos sepan de d\u00f3nde venimos\u201d, dijo Valdez.<\/p>\n<p>Los expertos sostienen que los incentivos gubernamentales a trav\u00e9s de subvenciones en las artes son una forma de preservar el multiling\u00fcismo.<\/p>\n","protected":false},"excerpt":{"rendered":"<p>&nbsp; &nbsp; Canad\u00e1 es conocido por su multiculturalismo, pero entre las familias de origen inmigrante de segunda y tercera generaci\u00f3n, muchos dicen que parece haber&hellip;<\/p>\n","protected":false},"author":99,"featured_media":516079,"comment_status":"open","ping_status":"open","sticky":false,"template":"","format":"standard","meta":{"footnotes":""},"categories":[21],"tags":[],"class_list":["post-516078","post","type-post","status-publish","format-standard","has-post-thumbnail","hentry","category-canada"],"_links":{"self":[{"href":"https:\/\/diarioelpopular.com\/index.php\/wp-json\/wp\/v2\/posts\/516078","targetHints":{"allow":["GET"]}}],"collection":[{"href":"https:\/\/diarioelpopular.com\/index.php\/wp-json\/wp\/v2\/posts"}],"about":[{"href":"https:\/\/diarioelpopular.com\/index.php\/wp-json\/wp\/v2\/types\/post"}],"author":[{"embeddable":true,"href":"https:\/\/diarioelpopular.com\/index.php\/wp-json\/wp\/v2\/users\/99"}],"replies":[{"embeddable":true,"href":"https:\/\/diarioelpopular.com\/index.php\/wp-json\/wp\/v2\/comments?post=516078"}],"version-history":[{"count":1,"href":"https:\/\/diarioelpopular.com\/index.php\/wp-json\/wp\/v2\/posts\/516078\/revisions"}],"predecessor-version":[{"id":516080,"href":"https:\/\/diarioelpopular.com\/index.php\/wp-json\/wp\/v2\/posts\/516078\/revisions\/516080"}],"wp:featuredmedia":[{"embeddable":true,"href":"https:\/\/diarioelpopular.com\/index.php\/wp-json\/wp\/v2\/media\/516079"}],"wp:attachment":[{"href":"https:\/\/diarioelpopular.com\/index.php\/wp-json\/wp\/v2\/media?parent=516078"}],"wp:term":[{"taxonomy":"category","embeddable":true,"href":"https:\/\/diarioelpopular.com\/index.php\/wp-json\/wp\/v2\/categories?post=516078"},{"taxonomy":"post_tag","embeddable":true,"href":"https:\/\/diarioelpopular.com\/index.php\/wp-json\/wp\/v2\/tags?post=516078"}],"curies":[{"name":"wp","href":"https:\/\/api.w.org\/{rel}","templated":true}]}}