{"id":516114,"date":"2024-02-29T10:47:50","date_gmt":"2024-02-29T14:47:50","guid":{"rendered":"https:\/\/diarioelpopular.com\/?p=516114"},"modified":"2024-02-29T10:47:50","modified_gmt":"2024-02-29T14:47:50","slug":"las-alegrias-y-dificultades-de-haber-nacido-un-29-de-febrero","status":"publish","type":"post","link":"https:\/\/diarioelpopular.com\/index.php\/2024\/02\/29\/las-alegrias-y-dificultades-de-haber-nacido-un-29-de-febrero\/","title":{"rendered":"Las alegr\u00edas (y dificultades) de haber nacido un 29 de febrero"},"content":{"rendered":"<p><img loading=\"lazy\" decoding=\"async\" class=\"alignnone size-custom-big-size wp-image-516115\" src=\"https:\/\/diarioelpopular.com\/wp-content\/uploads\/2024\/02\/Screen-Shot-2024-02-29-at-9.47.18-AM-1200x641.png\" alt=\"\" width=\"1200\" height=\"641\" srcset=\"https:\/\/diarioelpopular.com\/wp-content\/uploads\/2024\/02\/Screen-Shot-2024-02-29-at-9.47.18-AM-1200x641.png 1200w, https:\/\/diarioelpopular.com\/wp-content\/uploads\/2024\/02\/Screen-Shot-2024-02-29-at-9.47.18-AM-300x160.png 300w, https:\/\/diarioelpopular.com\/wp-content\/uploads\/2024\/02\/Screen-Shot-2024-02-29-at-9.47.18-AM-768x410.png 768w, https:\/\/diarioelpopular.com\/wp-content\/uploads\/2024\/02\/Screen-Shot-2024-02-29-at-9.47.18-AM-636x340.png 636w, https:\/\/diarioelpopular.com\/wp-content\/uploads\/2024\/02\/Screen-Shot-2024-02-29-at-9.47.18-AM-137x73.png 137w, https:\/\/diarioelpopular.com\/wp-content\/uploads\/2024\/02\/Screen-Shot-2024-02-29-at-9.47.18-AM.png 1024w\" sizes=\"auto, (max-width: 1200px) 100vw, 1200px\" \/><\/p>\n<p>&nbsp;<\/p>\n<p>&nbsp;<\/p>\n<div class=\"bbc-19j92fr ebmt73l0\" dir=\"ltr\">\n<ul>\n<li class=\"bbc-hhl7in e17g058b0\" dir=\"ltr\"><em><b>\u00bfQu\u00e9 se siente cuando uno s\u00f3lo puede celebrar su cumplea\u00f1os una vez cada cuatro a\u00f1os? La respuesta es que al principio suele ser algo extra\u00f1o, pero no por eso deja de ser algo positivo seg\u00fan cuentan las pocas personas nacidas el 29 de febrero.<\/b><\/em><\/li>\n<\/ul>\n<\/div>\n<div class=\"bbc-19j92fr ebmt73l0\" dir=\"ltr\">\n<p dir=\"ltr\">\n<p class=\"bbc-hhl7in e17g058b0\" dir=\"ltr\">Una de ellas es Julia Alsop, quien este 29 de febrero soplar\u00e1 s\u00f3lo siete velas en su torta de cumplea\u00f1os pese a haber nacido hace 28 a\u00f1os.<\/p>\n<\/div>\n<div class=\"bbc-19j92fr ebmt73l0\" dir=\"ltr\">\n<p class=\"bbc-hhl7in e17g058b0\" dir=\"ltr\">Cuando cuenta a la gente que celebrar\u00e1 su s\u00e9ptimo cumplea\u00f1os en 2024, dice que la miran como diciendo: &#8220;\u00bfDe qu\u00e9 est\u00e1s hablando?&#8221;.<\/p>\n<\/div>\n<div class=\"bbc-19j92fr ebmt73l0\" dir=\"ltr\">\n<p class=\"bbc-hhl7in e17g058b0\" dir=\"ltr\">Julia, una estudiante de medicina de Warwickshire, en el centro-oeste de Inglaterra, naci\u00f3 en ese d\u00eda escurridizo que solo aparece cada cuatro a\u00f1os en los llamados a\u00f1os bisiestos, por lo que s\u00f3lo ha celebrado su cumplea\u00f1os siete veces en la fecha en la que naci\u00f3.<\/p>\n<\/div>\n<div class=\"bbc-19j92fr ebmt73l0\" dir=\"ltr\">\n<p class=\"bbc-hhl7in e17g058b0\" dir=\"ltr\">Y eso hace sentir a Julia especial y que su cumplea\u00f1os sea diferente. En los a\u00f1os no bisiesto, cuando no tiene un d\u00eda oficial para celebrarlo, suele organizar una semana de festejos.<\/p>\n<\/div>\n<div class=\"bbc-19j92fr ebmt73l0\" dir=\"ltr\">\n<p class=\"bbc-hhl7in e17g058b0\" dir=\"ltr\">Pero ser bisiesto\u00a0puede entra\u00f1ar algunas dificultades t\u00e9cnicas, seg\u00fan reconoce.<\/p>\n<p dir=\"ltr\">\n<\/div>\n<figure class=\"bbc-1qn0xuy\">\n<div class=\"bbc-150aj0n\"><picture><img loading=\"lazy\" decoding=\"async\" class=\"bbc-139onq\" src=\"https:\/\/ichef.bbci.co.uk\/ace\/ws\/640\/cpsprodpb\/b28f\/live\/0d71f570-d703-11ee-8f28-259790e80bba.jpg\" sizes=\"auto, (min-width: 1008px) 760px, 100vw\" srcset=\"https:\/\/ichef.bbci.co.uk\/ace\/ws\/240\/cpsprodpb\/b28f\/live\/0d71f570-d703-11ee-8f28-259790e80bba.jpg 240w, https:\/\/ichef.bbci.co.uk\/ace\/ws\/320\/cpsprodpb\/b28f\/live\/0d71f570-d703-11ee-8f28-259790e80bba.jpg 320w, https:\/\/ichef.bbci.co.uk\/ace\/ws\/480\/cpsprodpb\/b28f\/live\/0d71f570-d703-11ee-8f28-259790e80bba.jpg 480w, https:\/\/ichef.bbci.co.uk\/ace\/ws\/624\/cpsprodpb\/b28f\/live\/0d71f570-d703-11ee-8f28-259790e80bba.jpg 624w, https:\/\/ichef.bbci.co.uk\/ace\/ws\/800\/cpsprodpb\/b28f\/live\/0d71f570-d703-11ee-8f28-259790e80bba.jpg 800w\" alt=\"Julia Aslop\" width=\"976\" height=\"976\" \/><\/picture><\/div><figcaption class=\"bbc-1jsyunq e6i104o0\" dir=\"ltr\">\n<h5><em>Julia muestra sus tarjetas con el n\u00famero 7 por su s\u00e9ptimo cumplea\u00f1os en un a\u00f1o bisiesto.<\/em><\/h5>\n<\/figcaption><\/figure>\n<div class=\"bbc-19j92fr ebmt73l0\" dir=\"ltr\">\n<p dir=\"ltr\">\n<p dir=\"ltr\">\n<p class=\"bbc-hhl7in e17g058b0\" dir=\"ltr\">Cuando intent\u00f3 de conseguir un nuevo contrato telef\u00f3nico, no super\u00f3 la prueba de solvencia porque el 29 de febrero no aparec\u00eda como fecha en el sistema.<\/p>\n<\/div>\n<div class=\"bbc-19j92fr ebmt73l0\" dir=\"ltr\">\n<p class=\"bbc-hhl7in e17g058b0\" dir=\"ltr\">Cont\u00f3 que fue &#8220;realmente frustrante&#8221; y que las personas que la atendieron\u00a0&#8220;hicieron como si mi cumplea\u00f1os no existiera&#8221;.<\/p>\n<\/div>\n<div class=\"bbc-19j92fr ebmt73l0\" dir=\"ltr\">\n<p class=\"bbc-hhl7in e17g058b0\" dir=\"ltr\">Algo parecido a lo que le ocurri\u00f3 a Jane Atkin, profesora de un colegio en Londres, quien cumple 15 (o 60) este a\u00f1o.<\/p>\n<p dir=\"ltr\">\n<\/div>\n<figure class=\"bbc-1qn0xuy\">\n<div class=\"bbc-150aj0n\"><picture><img loading=\"lazy\" decoding=\"async\" class=\"bbc-139onq\" src=\"https:\/\/ichef.bbci.co.uk\/ace\/ws\/640\/cpsprodpb\/8467\/live\/580dfed0-d703-11ee-9a5b-e35447f6c53b.jpg\" sizes=\"auto, (min-width: 1008px) 760px, 100vw\" srcset=\"https:\/\/ichef.bbci.co.uk\/ace\/ws\/240\/cpsprodpb\/8467\/live\/580dfed0-d703-11ee-9a5b-e35447f6c53b.jpg 240w, https:\/\/ichef.bbci.co.uk\/ace\/ws\/320\/cpsprodpb\/8467\/live\/580dfed0-d703-11ee-9a5b-e35447f6c53b.jpg 320w, https:\/\/ichef.bbci.co.uk\/ace\/ws\/480\/cpsprodpb\/8467\/live\/580dfed0-d703-11ee-9a5b-e35447f6c53b.jpg 480w, https:\/\/ichef.bbci.co.uk\/ace\/ws\/624\/cpsprodpb\/8467\/live\/580dfed0-d703-11ee-9a5b-e35447f6c53b.jpg 624w, https:\/\/ichef.bbci.co.uk\/ace\/ws\/800\/cpsprodpb\/8467\/live\/580dfed0-d703-11ee-9a5b-e35447f6c53b.jpg 800w\" alt=\"Jane Atkin\" width=\"976\" height=\"635\" \/><\/picture><\/div><figcaption class=\"bbc-1jsyunq e6i104o0\" dir=\"ltr\">\n<h5><em>Jane est\u00e1 celebrando sus &#8220;15 a\u00f1os&#8221;.<\/em><\/h5>\n<\/figcaption><\/figure>\n<div class=\"bbc-19j92fr ebmt73l0\" dir=\"ltr\">\n<p dir=\"ltr\">\n<p dir=\"ltr\">\n<p class=\"bbc-hhl7in e17g058b0\" dir=\"ltr\">Ella cuenta que las opciones en los formularios en internet s\u00f3lo ofrecen hasta el 28 febrero y eso hace que tenga que colocar ese d\u00eda como su fecha de nacimiento.<\/p>\n<\/div>\n<div class=\"bbc-19j92fr ebmt73l0\" dir=\"ltr\">\n<p class=\"bbc-hhl7in e17g058b0\" dir=\"ltr\">Sin embargo, admite que el hecho de ser algo poco habitual hace que haber nacido en en un a\u00f1o bisiesto sea especial.<\/p>\n<\/div>\n<div class=\"bbc-19j92fr ebmt73l0\" dir=\"ltr\">\n<p class=\"bbc-hhl7in e17g058b0\" dir=\"ltr\">Hace unos a\u00f1os, cuando cumpli\u00f3 en sus a\u00f1os bisiesto n\u00famero ocho y nueve, a los ni\u00f1o de su clase que ten\u00edan 10 y 11 a\u00f1os\u00a0les hizo mucha gracia ser mayores que su profesora.<\/p>\n<\/div>\n<figure class=\"bbc-1qn0xuy\">\n<div class=\"bbc-150aj0n\"><picture><img loading=\"lazy\" decoding=\"async\" class=\"bbc-139onq\" src=\"https:\/\/ichef.bbci.co.uk\/ace\/ws\/640\/cpsprodpb\/c3fa\/live\/5f464050-d702-11ee-b83b-0f87a864f372.png\" sizes=\"auto, (min-width: 1008px) 760px, 100vw\" srcset=\"https:\/\/ichef.bbci.co.uk\/ace\/ws\/240\/cpsprodpb\/c3fa\/live\/5f464050-d702-11ee-b83b-0f87a864f372.png 240w, https:\/\/ichef.bbci.co.uk\/ace\/ws\/320\/cpsprodpb\/c3fa\/live\/5f464050-d702-11ee-b83b-0f87a864f372.png 320w, https:\/\/ichef.bbci.co.uk\/ace\/ws\/480\/cpsprodpb\/c3fa\/live\/5f464050-d702-11ee-b83b-0f87a864f372.png 480w, https:\/\/ichef.bbci.co.uk\/ace\/ws\/624\/cpsprodpb\/c3fa\/live\/5f464050-d702-11ee-b83b-0f87a864f372.png 624w, https:\/\/ichef.bbci.co.uk\/ace\/ws\/800\/cpsprodpb\/c3fa\/live\/5f464050-d702-11ee-b83b-0f87a864f372.png 800w\" alt=\"L\u00ednea BBC\" width=\"800\" height=\"100\" \/><\/picture><\/div>\n<\/figure>\n<div class=\"bbc-19j92fr ebmt73l0\" dir=\"ltr\">\n<p class=\"bbc-hhl7in e17g058b0\" dir=\"ltr\"><em><strong>\u00bfQu\u00e9 es un a\u00f1o bisiesto y por qu\u00e9 existen?<\/strong><\/em><\/p>\n<\/div>\n<div class=\"etpldq00 bbc-oa9drk ebmt73l0\" dir=\"ltr\">\n<ul class=\"bbc-1q9yy8j evvt9po1\" dir=\"ltr\" role=\"list\">\n<li class=\"bbc-acwcvw evvt9po0\" role=\"listitem\">La Tierra tarda 365 d\u00edas, cinco horas, 48 minutos y 46 segundos en orbitar alrededor del Sol. Es ese tiempo adicional el que se debe tener en cuenta, ya que,\u00a0de lo contrario, las estaciones se desplazar\u00edan gradualmente\u00a0y el verano acabar\u00eda comenzando en enero.<\/li>\n<li class=\"bbc-acwcvw evvt9po0\" role=\"listitem\">Los a\u00f1os bisiestos aparecen en el calendario cada cuatro a\u00f1os para ayudar a realizar este ajuste, pero las matem\u00e1ticas siguen sin funcionar del todo bien,\u00a0por lo que cada 100 a\u00f1os nos saltamos un a\u00f1o bisiesto, a menos que el a\u00f1o sea divisible por 400. El pr\u00f3ximo a\u00f1o en el que habr\u00e1 una excepci\u00f3n ser\u00e1 2100.<\/li>\n<\/ul>\n<\/div>\n<figure class=\"bbc-1qn0xuy\">\n<div class=\"bbc-150aj0n\"><picture><img loading=\"lazy\" decoding=\"async\" class=\"bbc-139onq\" src=\"https:\/\/ichef.bbci.co.uk\/ace\/ws\/640\/cpsprodpb\/d106\/live\/7065f2e0-d702-11ee-9a5b-e35447f6c53b.png\" sizes=\"auto, (min-width: 1008px) 760px, 100vw\" srcset=\"https:\/\/ichef.bbci.co.uk\/ace\/ws\/240\/cpsprodpb\/d106\/live\/7065f2e0-d702-11ee-9a5b-e35447f6c53b.png 240w, https:\/\/ichef.bbci.co.uk\/ace\/ws\/320\/cpsprodpb\/d106\/live\/7065f2e0-d702-11ee-9a5b-e35447f6c53b.png 320w, https:\/\/ichef.bbci.co.uk\/ace\/ws\/480\/cpsprodpb\/d106\/live\/7065f2e0-d702-11ee-9a5b-e35447f6c53b.png 480w, https:\/\/ichef.bbci.co.uk\/ace\/ws\/624\/cpsprodpb\/d106\/live\/7065f2e0-d702-11ee-9a5b-e35447f6c53b.png 624w, https:\/\/ichef.bbci.co.uk\/ace\/ws\/800\/cpsprodpb\/d106\/live\/7065f2e0-d702-11ee-9a5b-e35447f6c53b.png 800w\" alt=\"L\u00ednea BBC\" width=\"800\" height=\"100\" \/><\/picture><\/div>\n<\/figure>\n<div class=\"bbc-19j92fr ebmt73l0\" dir=\"ltr\">\n<p class=\"bbc-hhl7in e17g058b0\" dir=\"ltr\">Esa caracter\u00edstica de ser especial tom\u00f3 una nueva dimensi\u00f3n gracias a la escritora Patience Agbabi, quien ha escrito una serie de libros infantiles de ficci\u00f3n sobre\u00a0un joven nacido en a\u00f1o bisiesto que posee el don especial de poder viajar a trav\u00e9s del tiempo.<\/p>\n<\/div>\n<div class=\"bbc-19j92fr ebmt73l0\" dir=\"ltr\">\n<p class=\"bbc-hhl7in e17g058b0\" dir=\"ltr\">En una de sus sesiones de firma de libros, Patience conoci\u00f3 a Jane, quien se hab\u00eda puesto en contacto con ella a trav\u00e9s de las redes sociales.<\/p>\n<\/div>\n<div class=\"bbc-19j92fr ebmt73l0\" dir=\"ltr\">\n<p class=\"bbc-hhl7in e17g058b0\" dir=\"ltr\">&#8220;Me contest\u00f3 y me dijo: &#8216;Me hace mucha ilusi\u00f3n que vengas. Normalmente, cuando doy una charla sobre mis libros, pregunto si hay alguien de a\u00f1os bisiesto, y nunca los hay'&#8221;, cont\u00f3 Jane.<\/p>\n<\/div>\n<div class=\"bbc-19j92fr ebmt73l0\" dir=\"ltr\">\n<p class=\"bbc-hhl7in e17g058b0\" dir=\"ltr\">Cuando era m\u00e1s joven, la madre de Jane decidi\u00f3 celebrar los cumplea\u00f1os no bisiestos de su hija el 28 de febrero. Pero a medida que crec\u00eda, Jane empez\u00f3 a celebrarlo tambi\u00e9n el 1 de marzo, &#8220;\u00bfpor qu\u00e9 no?&#8221;, dijo.<\/p>\n<p dir=\"ltr\">\n<\/div>\n<figure class=\"bbc-1qn0xuy\">\n<div class=\"bbc-150aj0n\"><picture><img loading=\"lazy\" decoding=\"async\" class=\"bbc-139onq\" src=\"https:\/\/ichef.bbci.co.uk\/ace\/ws\/640\/cpsprodpb\/19ab\/live\/90a91d60-d703-11ee-b83b-0f87a864f372.jpg\" sizes=\"auto, (min-width: 1008px) 760px, 100vw\" srcset=\"https:\/\/ichef.bbci.co.uk\/ace\/ws\/240\/cpsprodpb\/19ab\/live\/90a91d60-d703-11ee-b83b-0f87a864f372.jpg 240w, https:\/\/ichef.bbci.co.uk\/ace\/ws\/320\/cpsprodpb\/19ab\/live\/90a91d60-d703-11ee-b83b-0f87a864f372.jpg 320w, https:\/\/ichef.bbci.co.uk\/ace\/ws\/480\/cpsprodpb\/19ab\/live\/90a91d60-d703-11ee-b83b-0f87a864f372.jpg 480w, https:\/\/ichef.bbci.co.uk\/ace\/ws\/624\/cpsprodpb\/19ab\/live\/90a91d60-d703-11ee-b83b-0f87a864f372.jpg 624w, https:\/\/ichef.bbci.co.uk\/ace\/ws\/800\/cpsprodpb\/19ab\/live\/90a91d60-d703-11ee-b83b-0f87a864f372.jpg 800w\" alt=\"El libro autografiado de Jane Atkin.\" width=\"976\" height=\"672\" \/><\/picture><\/div><figcaption class=\"bbc-1jsyunq e6i104o0\" dir=\"ltr\">\n<h5><em>La autora Patience Agbabi ha escrito una serie de historias sobre un personaje nacido en un a\u00f1o bisiesto.<\/em><\/h5>\n<\/figcaption><\/figure>\n<div class=\"bbc-19j92fr ebmt73l0\" dir=\"ltr\">\n<p dir=\"ltr\">\n<p dir=\"ltr\">\n<p class=\"bbc-hhl7in e17g058b0\" dir=\"ltr\">Ese es el d\u00eda que tambi\u00e9n celebra Abi, quien en 2024 cumple 8 a\u00f1os, o simplemente dos.<\/p>\n<\/div>\n<div class=\"bbc-19j92fr ebmt73l0\" dir=\"ltr\">\n<p class=\"bbc-hhl7in e17g058b0\" dir=\"ltr\">Ella tom\u00f3 la decisi\u00f3n el a\u00f1o pasado ya que piensa que el 28 de febrero no ten\u00eda sentido, un d\u00eda en el que ella todav\u00eda no hab\u00eda nacido.<\/p>\n<\/div>\n<div class=\"bbc-19j92fr ebmt73l0\" dir=\"ltr\">\n<p class=\"bbc-hhl7in e17g058b0\" dir=\"ltr\">Jo, la madre de Abi, recuerda una conversaci\u00f3n que tuvo con una comadrona del hospital cuando naci\u00f3 su hija.<\/p>\n<\/div>\n<div class=\"bbc-19j92fr ebmt73l0\" dir=\"ltr\">\n<p class=\"bbc-hhl7in e17g058b0\" dir=\"ltr\">&#8220;Le dije: &#8216;Esto est\u00e1 muy tranquilo&#8217;, y una de las comadronas me contest\u00f3:\u00a0&#8216;Es que nadie quiere un beb\u00e9 bisiesto'&#8221;.<\/p>\n<\/div>\n<div class=\"bbc-19j92fr ebmt73l0\" dir=\"ltr\">\n<p class=\"bbc-hhl7in e17g058b0\" dir=\"ltr\">Abi no siempre ha podido celebrar el d\u00eda de su nacimiento, dice Jo, pero sin duda ahora no cambiar\u00eda la fecha de nacimiento de su hija.<\/p>\n<\/div>\n<div class=\"bbc-19j92fr ebmt73l0\" dir=\"ltr\">\n<p class=\"bbc-hhl7in e17g058b0\" dir=\"ltr\">&#8220;Es muy especial y creo que le sienta muy bien. Siempre le digo: \u2018T\u00fa cambiar\u00e1s el mundo, Ab. Eres una ni\u00f1a \u00fanica\u2019&#8221;, cont\u00f3 Jo.<\/p>\n<p dir=\"ltr\">\n<\/div>\n<figure class=\"bbc-1qn0xuy\">\n<div class=\"bbc-150aj0n\"><picture><img loading=\"lazy\" decoding=\"async\" class=\"bbc-139onq\" src=\"https:\/\/ichef.bbci.co.uk\/ace\/ws\/640\/cpsprodpb\/f55c\/live\/cc572140-d703-11ee-9a5b-e35447f6c53b.jpg\" sizes=\"auto, (min-width: 1008px) 760px, 100vw\" srcset=\"https:\/\/ichef.bbci.co.uk\/ace\/ws\/240\/cpsprodpb\/f55c\/live\/cc572140-d703-11ee-9a5b-e35447f6c53b.jpg 240w, https:\/\/ichef.bbci.co.uk\/ace\/ws\/320\/cpsprodpb\/f55c\/live\/cc572140-d703-11ee-9a5b-e35447f6c53b.jpg 320w, https:\/\/ichef.bbci.co.uk\/ace\/ws\/480\/cpsprodpb\/f55c\/live\/cc572140-d703-11ee-9a5b-e35447f6c53b.jpg 480w, https:\/\/ichef.bbci.co.uk\/ace\/ws\/624\/cpsprodpb\/f55c\/live\/cc572140-d703-11ee-9a5b-e35447f6c53b.jpg 624w, https:\/\/ichef.bbci.co.uk\/ace\/ws\/800\/cpsprodpb\/f55c\/live\/cc572140-d703-11ee-9a5b-e35447f6c53b.jpg 800w\" alt=\"Abi con su tarjeta de cumplea\u00f1os.\" width=\"976\" height=\"1170\" \/><\/picture><\/div><figcaption class=\"bbc-1jsyunq e6i104o0\" dir=\"ltr\">\n<h5><em>Abi est\u00e1 celebrando por segunda vez su cumpla\u00f1os el d\u00eda en el que naci\u00f3.<\/em><\/h5>\n<\/figcaption><\/figure>\n<div class=\"bbc-19j92fr ebmt73l0\" dir=\"ltr\">\n<p dir=\"ltr\">\n<p dir=\"ltr\">\n<p class=\"bbc-hhl7in e17g058b0\" dir=\"ltr\">Joe Middleton, de 8 a\u00f1os o en realidad de 32, est\u00e1 seguro que los a\u00f1os bisiesto le da suerte despu\u00e9s de haber ganado algunas competiciones en el pasado.<\/p>\n<\/div>\n<div class=\"bbc-19j92fr ebmt73l0\" dir=\"ltr\">\n<p class=\"bbc-hhl7in e17g058b0\" dir=\"ltr\">\u00c9l suele celebrar su cumplea\u00f1os el 28 de febrero, aunque dice que normalmente se extiende tambi\u00e9n al 1 de marzo.<\/p>\n<\/div>\n<div class=\"bbc-19j92fr ebmt73l0\" dir=\"ltr\">\n<p class=\"bbc-hhl7in e17g058b0\" dir=\"ltr\">Algo que tambi\u00e9n ocurre en su cuenta en Facebook.<\/p>\n<\/div>\n<div class=\"bbc-19j92fr ebmt73l0\" dir=\"ltr\">\n<p class=\"bbc-hhl7in e17g058b0\" dir=\"ltr\">&#8220;Se confunde y\u00a0le dice a la gente que mi cumplea\u00f1os es en los dos d\u00edas&#8221;, dice Joe. &#8220;No sabe d\u00f3nde situarme. As\u00ed que recibo mensajes de amigos y familiares los dos d\u00edas porque la gente no sabe realmente qu\u00e9 d\u00eda celebro&#8221;.<\/p>\n<\/div>\n<div class=\"bbc-19j92fr ebmt73l0\" dir=\"ltr\">\n<p class=\"bbc-hhl7in e17g058b0\" dir=\"ltr\">En lugar de perderse los cumplea\u00f1os, Joe quiere que m\u00e1s gente sepa que los personas como \u00e9l que nacieron en un a\u00f1o bisiesto tienen el doble de oportunidades de celebrarlo, y que pertenecer a este club especial es &#8220;un bendici\u00f3n&#8221;.<\/p>\n<p dir=\"ltr\">\n<\/div>\n<figure class=\"bbc-1qn0xuy\">\n<div class=\"bbc-150aj0n\"><picture><img loading=\"lazy\" decoding=\"async\" class=\"bbc-139onq\" src=\"https:\/\/ichef.bbci.co.uk\/ace\/ws\/640\/cpsprodpb\/795b\/live\/4f8b3bf0-d704-11ee-9a5b-e35447f6c53b.jpg\" sizes=\"auto, (min-width: 1008px) 760px, 100vw\" srcset=\"https:\/\/ichef.bbci.co.uk\/ace\/ws\/240\/cpsprodpb\/795b\/live\/4f8b3bf0-d704-11ee-9a5b-e35447f6c53b.jpg 240w, https:\/\/ichef.bbci.co.uk\/ace\/ws\/320\/cpsprodpb\/795b\/live\/4f8b3bf0-d704-11ee-9a5b-e35447f6c53b.jpg 320w, https:\/\/ichef.bbci.co.uk\/ace\/ws\/480\/cpsprodpb\/795b\/live\/4f8b3bf0-d704-11ee-9a5b-e35447f6c53b.jpg 480w, https:\/\/ichef.bbci.co.uk\/ace\/ws\/624\/cpsprodpb\/795b\/live\/4f8b3bf0-d704-11ee-9a5b-e35447f6c53b.jpg 624w, https:\/\/ichef.bbci.co.uk\/ace\/ws\/800\/cpsprodpb\/795b\/live\/4f8b3bf0-d704-11ee-9a5b-e35447f6c53b.jpg 800w\" alt=\"Joe Middleton\" width=\"976\" height=\"635\" \/><\/picture><\/div><figcaption class=\"bbc-1jsyunq e6i104o0\" dir=\"ltr\">\n<h5><em>A Joe lo suelen felicitar dos d\u00edas ya que Facebook se confunde sobre su d\u00eda de cumplea\u00f1os.<\/em><\/h5>\n<\/figcaption><\/figure>\n","protected":false},"excerpt":{"rendered":"<p>&nbsp; &nbsp; \u00bfQu\u00e9 se siente cuando uno s\u00f3lo puede celebrar su cumplea\u00f1os una vez cada cuatro a\u00f1os? La respuesta es que al principio suele ser&hellip;<\/p>\n","protected":false},"author":99,"featured_media":516115,"comment_status":"open","ping_status":"open","sticky":false,"template":"","format":"standard","meta":{"footnotes":""},"categories":[24],"tags":[],"class_list":["post-516114","post","type-post","status-publish","format-standard","has-post-thumbnail","hentry","category-mundo"],"_links":{"self":[{"href":"https:\/\/diarioelpopular.com\/index.php\/wp-json\/wp\/v2\/posts\/516114","targetHints":{"allow":["GET"]}}],"collection":[{"href":"https:\/\/diarioelpopular.com\/index.php\/wp-json\/wp\/v2\/posts"}],"about":[{"href":"https:\/\/diarioelpopular.com\/index.php\/wp-json\/wp\/v2\/types\/post"}],"author":[{"embeddable":true,"href":"https:\/\/diarioelpopular.com\/index.php\/wp-json\/wp\/v2\/users\/99"}],"replies":[{"embeddable":true,"href":"https:\/\/diarioelpopular.com\/index.php\/wp-json\/wp\/v2\/comments?post=516114"}],"version-history":[{"count":1,"href":"https:\/\/diarioelpopular.com\/index.php\/wp-json\/wp\/v2\/posts\/516114\/revisions"}],"predecessor-version":[{"id":516116,"href":"https:\/\/diarioelpopular.com\/index.php\/wp-json\/wp\/v2\/posts\/516114\/revisions\/516116"}],"wp:featuredmedia":[{"embeddable":true,"href":"https:\/\/diarioelpopular.com\/index.php\/wp-json\/wp\/v2\/media\/516115"}],"wp:attachment":[{"href":"https:\/\/diarioelpopular.com\/index.php\/wp-json\/wp\/v2\/media?parent=516114"}],"wp:term":[{"taxonomy":"category","embeddable":true,"href":"https:\/\/diarioelpopular.com\/index.php\/wp-json\/wp\/v2\/categories?post=516114"},{"taxonomy":"post_tag","embeddable":true,"href":"https:\/\/diarioelpopular.com\/index.php\/wp-json\/wp\/v2\/tags?post=516114"}],"curies":[{"name":"wp","href":"https:\/\/api.w.org\/{rel}","templated":true}]}}