{"id":516122,"date":"2024-03-01T10:17:15","date_gmt":"2024-03-01T14:17:15","guid":{"rendered":"https:\/\/diarioelpopular.com\/?p=516122"},"modified":"2024-03-01T10:17:15","modified_gmt":"2024-03-01T14:17:15","slug":"las-tiendas-de-value-village-enfrentan-protestas-por-prohibir-filmaciones-y-camaras","status":"publish","type":"post","link":"https:\/\/diarioelpopular.com\/index.php\/2024\/03\/01\/las-tiendas-de-value-village-enfrentan-protestas-por-prohibir-filmaciones-y-camaras\/","title":{"rendered":"Las tiendas de Value Village enfrentan protestas por prohibir filmaciones y c\u00e1maras"},"content":{"rendered":"<p><img loading=\"lazy\" decoding=\"async\" class=\"alignnone size-custom-full-size wp-image-516123\" src=\"https:\/\/diarioelpopular.com\/wp-content\/uploads\/2024\/03\/Screen-Shot-2024-03-01-at-9.16.29-AM-636x457.png\" alt=\"\" width=\"636\" height=\"457\" srcset=\"https:\/\/diarioelpopular.com\/wp-content\/uploads\/2024\/03\/Screen-Shot-2024-03-01-at-9.16.29-AM-636x457.png 636w, https:\/\/diarioelpopular.com\/wp-content\/uploads\/2024\/03\/Screen-Shot-2024-03-01-at-9.16.29-AM-300x216.png 300w, https:\/\/diarioelpopular.com\/wp-content\/uploads\/2024\/03\/Screen-Shot-2024-03-01-at-9.16.29-AM-768x552.png 768w, https:\/\/diarioelpopular.com\/wp-content\/uploads\/2024\/03\/Screen-Shot-2024-03-01-at-9.16.29-AM-102x73.png 102w, https:\/\/diarioelpopular.com\/wp-content\/uploads\/2024\/03\/Screen-Shot-2024-03-01-at-9.16.29-AM.png 1024w\" sizes=\"auto, (max-width: 636px) 100vw, 636px\" \/><\/p>\n<p>&nbsp;<\/p>\n<p>&nbsp;<\/p>\n<p><em><strong>Una de las tiendas con sede en Toronto recientemente fue denunciada por prohibir c\u00e1maras y filmaciones, apenas unas semanas despu\u00e9s de que el minorista fuera criticado por sus fechor\u00edas en dram\u00e1ticos aumentos de precios.<\/strong><\/em><\/p>\n<p>&nbsp;<\/p>\n<p><em><strong>TORONTO.-<\/strong> <\/em>El video, subido por Moonshine Vintage TO, contiene un aviso publicado en una ubicaci\u00f3n de Value Village en Mississauga, que proh\u00edbe expl\u00edcitamente el uso de c\u00e1maras para grabar o tomar fotograf\u00edas dentro del establecimiento.<\/p>\n<p>&#8220;Fui a Value Village hoy y, por primera vez, vi este letrero. Esta es una respuesta directa a ese video en el que entraron a Value Village y encontraron todas estas cosas que Dollarama vende y que ten\u00edan un precio mucho m\u00e1s alto que el comercio minorista&#8221;.<\/p>\n<p>&#8220;Entonces, en lugar de ajustar sus precios, admitir que cometieron un error estafando a la gente y tratar de hacer que sus precios vuelvan a ser justos y m\u00e1s transparentes, simplemente est\u00e1n tratando de silenciar a los clientes para que dejen de publicar sus constantes abusos sobre sus precios tan inflados&#8221;, contin\u00faa.<\/p>\n<p>&#8220;Esto realmente me molesta por un par de razones, pero la n\u00famero uno es que se olvidaron de todas las relaciones p\u00fablicas gratuitas que obtienen cuando la gente publica sus reels de segunda mano, lo que anima a la gente a hacer compras de segunda mano&#8221;, explica el local de segunda mano.<\/p>\n<p>&#8220;Entonces, aqu\u00ed hay solo un recordatorio para usted de que Value Village es una empresa con fines de lucro, son codiciosos, tienen poca o nula \u00e9tica y cero responsabilidad. As\u00ed que piense muy bien en eso antes de gastar su dinero all\u00ed o antes de donar all\u00ed. &#8220;.<\/p>\n<p>Docenas de personas acudieron a la secci\u00f3n de comentarios del v\u00eddeo para expresar su frustraci\u00f3n con la pol\u00edtica de filmaci\u00f3n del minorista.<\/p>\n<p>&#8220;Gracias por mencionar esto y hablar. Los confront\u00e9 varias veces y dej\u00e9 de ir&#8221;, escribi\u00f3 una persona.<\/p>\n<p>&#8220;Trabaj\u00e9 all\u00ed y son un desperdicio. Animo a todos a encontrar mejores lugares para donar sus cosas&#8221;, se lee en otro comentario.<\/p>\n<p>Si bien algunos creen que los letreros han estado all\u00ed hace alg\u00fan tiempo, otros sugirieron que fueron instalados luego de la reacci\u00f3n violenta que recibi\u00f3 el minorista a principios de este a\u00f1o por su desmedido margen de aumento en art\u00edculos con descuento.<\/p>\n<p>En enero, un comprador de Toronto Value Village descubri\u00f3 un jarr\u00f3n usado en la tienda por $8,99, a pesar de que la etiqueta de precio original del art\u00edculo en la tienda Dollarama lo indicaba por solo $3.<\/p>\n","protected":false},"excerpt":{"rendered":"<p>&nbsp; &nbsp; Una de las tiendas con sede en Toronto recientemente fue denunciada por prohibir c\u00e1maras y filmaciones, apenas unas semanas despu\u00e9s de que el&hellip;<\/p>\n","protected":false},"author":99,"featured_media":516123,"comment_status":"open","ping_status":"open","sticky":false,"template":"","format":"standard","meta":{"footnotes":""},"categories":[21],"tags":[],"class_list":["post-516122","post","type-post","status-publish","format-standard","has-post-thumbnail","hentry","category-canada"],"_links":{"self":[{"href":"https:\/\/diarioelpopular.com\/index.php\/wp-json\/wp\/v2\/posts\/516122","targetHints":{"allow":["GET"]}}],"collection":[{"href":"https:\/\/diarioelpopular.com\/index.php\/wp-json\/wp\/v2\/posts"}],"about":[{"href":"https:\/\/diarioelpopular.com\/index.php\/wp-json\/wp\/v2\/types\/post"}],"author":[{"embeddable":true,"href":"https:\/\/diarioelpopular.com\/index.php\/wp-json\/wp\/v2\/users\/99"}],"replies":[{"embeddable":true,"href":"https:\/\/diarioelpopular.com\/index.php\/wp-json\/wp\/v2\/comments?post=516122"}],"version-history":[{"count":1,"href":"https:\/\/diarioelpopular.com\/index.php\/wp-json\/wp\/v2\/posts\/516122\/revisions"}],"predecessor-version":[{"id":516124,"href":"https:\/\/diarioelpopular.com\/index.php\/wp-json\/wp\/v2\/posts\/516122\/revisions\/516124"}],"wp:featuredmedia":[{"embeddable":true,"href":"https:\/\/diarioelpopular.com\/index.php\/wp-json\/wp\/v2\/media\/516123"}],"wp:attachment":[{"href":"https:\/\/diarioelpopular.com\/index.php\/wp-json\/wp\/v2\/media?parent=516122"}],"wp:term":[{"taxonomy":"category","embeddable":true,"href":"https:\/\/diarioelpopular.com\/index.php\/wp-json\/wp\/v2\/categories?post=516122"},{"taxonomy":"post_tag","embeddable":true,"href":"https:\/\/diarioelpopular.com\/index.php\/wp-json\/wp\/v2\/tags?post=516122"}],"curies":[{"name":"wp","href":"https:\/\/api.w.org\/{rel}","templated":true}]}}