{"id":516150,"date":"2024-03-01T11:39:52","date_gmt":"2024-03-01T15:39:52","guid":{"rendered":"https:\/\/diarioelpopular.com\/?p=516150"},"modified":"2024-03-01T11:39:52","modified_gmt":"2024-03-01T15:39:52","slug":"papa-francisco-cree-que-la-ideologia-de-genero-genera-distancia-entre-hombres-y-mujeres-y-pone-en-peligro-a-la-humanidad","status":"publish","type":"post","link":"https:\/\/diarioelpopular.com\/index.php\/2024\/03\/01\/papa-francisco-cree-que-la-ideologia-de-genero-genera-distancia-entre-hombres-y-mujeres-y-pone-en-peligro-a-la-humanidad\/","title":{"rendered":"Papa Francisco cree que \u201cla ideolog\u00eda de g\u00e9nero\u201d genera \u201cdistancia entre hombres y mujeres\u201d y pone en peligro a la humanidad"},"content":{"rendered":"<p><img loading=\"lazy\" decoding=\"async\" class=\"alignnone size-custom-big-size wp-image-516151\" src=\"https:\/\/diarioelpopular.com\/wp-content\/uploads\/2024\/03\/Screen-Shot-2024-03-01-at-10.38.52-AM-1200x869.png\" alt=\"\" width=\"1200\" height=\"869\" srcset=\"https:\/\/diarioelpopular.com\/wp-content\/uploads\/2024\/03\/Screen-Shot-2024-03-01-at-10.38.52-AM-1200x869.png 1200w, https:\/\/diarioelpopular.com\/wp-content\/uploads\/2024\/03\/Screen-Shot-2024-03-01-at-10.38.52-AM-300x217.png 300w, https:\/\/diarioelpopular.com\/wp-content\/uploads\/2024\/03\/Screen-Shot-2024-03-01-at-10.38.52-AM-768x556.png 768w, https:\/\/diarioelpopular.com\/wp-content\/uploads\/2024\/03\/Screen-Shot-2024-03-01-at-10.38.52-AM-636x460.png 636w, https:\/\/diarioelpopular.com\/wp-content\/uploads\/2024\/03\/Screen-Shot-2024-03-01-at-10.38.52-AM-101x73.png 101w, https:\/\/diarioelpopular.com\/wp-content\/uploads\/2024\/03\/Screen-Shot-2024-03-01-at-10.38.52-AM.png 1024w\" sizes=\"auto, (max-width: 1200px) 100vw, 1200px\" \/><\/p>\n<h5><em>El papa Francisco de nuevo critic\u00f3 la ideolog\u00eda de g\u00e9nero, cree que busca eliminar la diferencias entre hombres y mujeres. Foto: AFP.<\/em><\/h5>\n<p>&nbsp;<\/p>\n<p>&nbsp;<\/p>\n<div id=\"\" class=\"portlet-boundary portlet-static-end content-viewer-portlet last full-access norestricted\">\n<div class=\"ecr_articulo_titulo_multimedia art_23871320\">\n<div class=\"block-headline\">\n<h4 class=\"lead cita\"><em><strong>El santo padre considera que esta postura busca eliminar las diferencias entre hombres y mujeres, y esto es \u201cun peligro muy feo\u201d.<\/strong><\/em><\/h4>\n<\/div>\n<\/div>\n<\/div>\n<div id=\"\" class=\"portlet-boundary portlet-static-end content-viewer-portlet last full-access norestricted\">\n<div class=\"template-ec-11\"><\/div>\n<\/div>\n<div id=\"\" class=\"portlet-boundary portlet-static-end content-viewer-portlet last full-access norestricted\">\n<div class=\"TEMPLATE-EC-01\"><\/div>\n<\/div>\n<div id=\"\" class=\"portlet-boundary portlet-static-end content-viewer-portlet section__textos last full-access norestricted\">\n<div class=\"ecr_articulo art_23871320\">\n<div class=\"block-date information-noticia toolsWrapper\">\n<div class=\"tools\">\n<div class=\"autor\">\n<div class=\"author_guardar_compartir_redi\">\n<div class=\"div_author_r\">\n<div class=\"autor_rediseno\">\n<p>El\u00a0<b><a href=\"https:\/\/www.elcolombiano.com\/cronologia\/noticias\/meta\/papa-francisco\">papa Francisco<\/a>\u00a0<\/b>volvi\u00f3 a criticar este viernes la \u201cideolog\u00eda\u201d de\u00a0<a href=\"https:\/\/www.elcolombiano.com\/cronologia\/noticias\/meta\/equidad-de-genero\">g\u00e9nero<\/a>,\u00a0que consider\u00f3 como \u201cel peligro m\u00e1s feo\u201d, ya que\u00a0\u201canula las diferencias\u201d entre hombres y mujeres.<\/p>\n<p>\u201cEs muy importante que haya este encuentro entre hombres y mujeres,\u00a0porque hoy el peligro m\u00e1s feo es la ideolog\u00eda de g\u00e9nero,\u00a0que anula las diferencias\u201d, declar\u00f3 Francisco en una audiencia en el\u00a0<a href=\"https:\/\/www.elcolombiano.com\/cronologia\/noticias\/meta\/vaticano\">Vaticano<\/a>\u00a0en la que recibi\u00f3 a los participantes de una conferencia sobre el matrimonio.<\/p>\n<p>\u201cPed\u00ed estudios sobre esta fea ideolog\u00eda de nuestro tiempo, que\u00a0cancela las diferencias y hace que todo sea igual; cancelar la diferencia es cancelar la humanidad.\u00a0El hombre y la mujer, y viceversa, est\u00e1n en una fecunda tensi\u00f3n\u201d, a\u00f1adi\u00f3 el papa argentino de 87 a\u00f1os.<\/p>\n<div class=\"paragraph\">\n<p>\u201cRecuerdo haber le\u00eddo una novela de principios del siglo XX, escrita por el hijo del arzobispo de Canterbury: \u2018Se\u00f1or del mundo\u2019. La novela habla del futuro y es prof\u00e9tica, porque\u00a0muestra esta tendencia a cancelar todas las diferencias\u201d, a\u00f1adi\u00f3 Jorge Mario Bergoglio.<\/p>\n<p>No es la primera vez que el papa critica esta teor\u00eda seg\u00fan la cual\u00a0la identidad sexual est\u00e1 determinada por la educaci\u00f3n y el entorno, y no por diferencias gen\u00e9ticas.<\/p>\n<\/div>\n<div class=\"Article_Text 23828868 44541092\">\n<div class=\"left\">\n<p>En 2016, denunci\u00f3 el \u201cadoctrinamiento solapado\u201d de los libros de texto escolares franceses, influenciados por esta teor\u00eda,\u00a0lo que provoc\u00f3 una avalancha de cr\u00edticas en\u00a0<a href=\"https:\/\/www.elcolombiano.com\/cronologia\/noticias\/meta\/francia\">Francia.<\/a><\/p>\n<p>En 2019, el Vaticano public\u00f3 un texto destinado a ayudar a los profesores de\u00a0las escuelas cat\u00f3licas a contrarrestar la \u201cideolog\u00eda\u201d de g\u00e9nero,\u00a0que \u201cniega la diferencia natural entre un hombre y una mujer\u201d.<\/p>\n<div class=\"teads-inread sm-screen\">\n<div class=\"teads-ui-components-adchoices\"><\/div>\n<\/div>\n<\/div>\n<\/div>\n<\/div>\n<\/div>\n<\/div>\n<\/div>\n<\/div>\n<\/div>\n<\/div>\n<\/div>\n","protected":false},"excerpt":{"rendered":"<p>El papa Francisco de nuevo critic\u00f3 la ideolog\u00eda de g\u00e9nero, cree que busca eliminar la diferencias entre hombres y mujeres. Foto: AFP. &nbsp; &nbsp; El&hellip;<\/p>\n","protected":false},"author":99,"featured_media":516151,"comment_status":"open","ping_status":"open","sticky":false,"template":"","format":"standard","meta":{"footnotes":""},"categories":[24],"tags":[],"class_list":["post-516150","post","type-post","status-publish","format-standard","has-post-thumbnail","hentry","category-mundo"],"_links":{"self":[{"href":"https:\/\/diarioelpopular.com\/index.php\/wp-json\/wp\/v2\/posts\/516150","targetHints":{"allow":["GET"]}}],"collection":[{"href":"https:\/\/diarioelpopular.com\/index.php\/wp-json\/wp\/v2\/posts"}],"about":[{"href":"https:\/\/diarioelpopular.com\/index.php\/wp-json\/wp\/v2\/types\/post"}],"author":[{"embeddable":true,"href":"https:\/\/diarioelpopular.com\/index.php\/wp-json\/wp\/v2\/users\/99"}],"replies":[{"embeddable":true,"href":"https:\/\/diarioelpopular.com\/index.php\/wp-json\/wp\/v2\/comments?post=516150"}],"version-history":[{"count":1,"href":"https:\/\/diarioelpopular.com\/index.php\/wp-json\/wp\/v2\/posts\/516150\/revisions"}],"predecessor-version":[{"id":516152,"href":"https:\/\/diarioelpopular.com\/index.php\/wp-json\/wp\/v2\/posts\/516150\/revisions\/516152"}],"wp:featuredmedia":[{"embeddable":true,"href":"https:\/\/diarioelpopular.com\/index.php\/wp-json\/wp\/v2\/media\/516151"}],"wp:attachment":[{"href":"https:\/\/diarioelpopular.com\/index.php\/wp-json\/wp\/v2\/media?parent=516150"}],"wp:term":[{"taxonomy":"category","embeddable":true,"href":"https:\/\/diarioelpopular.com\/index.php\/wp-json\/wp\/v2\/categories?post=516150"},{"taxonomy":"post_tag","embeddable":true,"href":"https:\/\/diarioelpopular.com\/index.php\/wp-json\/wp\/v2\/tags?post=516150"}],"curies":[{"name":"wp","href":"https:\/\/api.w.org\/{rel}","templated":true}]}}