{"id":516178,"date":"2024-03-03T13:37:33","date_gmt":"2024-03-03T17:37:33","guid":{"rendered":"https:\/\/diarioelpopular.com\/?p=516178"},"modified":"2024-03-03T13:37:33","modified_gmt":"2024-03-03T17:37:33","slug":"la-copacabana-de-bolivia-la-antigua-ciudad-de-los-incas-que-dio-nombre-a-una-de-las-playas-mas-famosas-de-brasil","status":"publish","type":"post","link":"https:\/\/diarioelpopular.com\/index.php\/2024\/03\/03\/la-copacabana-de-bolivia-la-antigua-ciudad-de-los-incas-que-dio-nombre-a-una-de-las-playas-mas-famosas-de-brasil\/","title":{"rendered":"La Copacabana de Bolivia, la antigua ciudad de los incas que dio nombre a una de las playas m\u00e1s famosas de Brasil"},"content":{"rendered":"<p><img loading=\"lazy\" decoding=\"async\" class=\"alignnone size-custom-big-size wp-image-516179\" src=\"https:\/\/diarioelpopular.com\/wp-content\/uploads\/2024\/03\/Screen-Shot-2024-03-03-at-12.36.49-PM-1200x630.png\" alt=\"\" width=\"1200\" height=\"630\" srcset=\"https:\/\/diarioelpopular.com\/wp-content\/uploads\/2024\/03\/Screen-Shot-2024-03-03-at-12.36.49-PM-1200x630.png 1200w, https:\/\/diarioelpopular.com\/wp-content\/uploads\/2024\/03\/Screen-Shot-2024-03-03-at-12.36.49-PM-300x157.png 300w, https:\/\/diarioelpopular.com\/wp-content\/uploads\/2024\/03\/Screen-Shot-2024-03-03-at-12.36.49-PM-768x403.png 768w, https:\/\/diarioelpopular.com\/wp-content\/uploads\/2024\/03\/Screen-Shot-2024-03-03-at-12.36.49-PM-636x334.png 636w, https:\/\/diarioelpopular.com\/wp-content\/uploads\/2024\/03\/Screen-Shot-2024-03-03-at-12.36.49-PM-139x73.png 139w, https:\/\/diarioelpopular.com\/wp-content\/uploads\/2024\/03\/Screen-Shot-2024-03-03-at-12.36.49-PM.png 1024w\" sizes=\"auto, (max-width: 1200px) 100vw, 1200px\" \/><\/p>\n<h5><em>Copacabana, que dio nombre al barrio de R\u00edo, est\u00e1 en Bolivia.<\/em><\/h5>\n<p>&nbsp;<\/p>\n<p>&nbsp;<\/p>\n<div class=\"bbc-19j92fr ebmt73l0\" dir=\"ltr\">\n<ul>\n<li class=\"bbc-hhl7in e17g058b0\" dir=\"ltr\"><em><b>Si piensas en Copacabana, seguramente asocies el nombre con una de las playas m\u00e1s famosas de Brasil.<\/b><\/em><\/li>\n<\/ul>\n<\/div>\n<div class=\"bbc-19j92fr ebmt73l0\" dir=\"ltr\">\n<p dir=\"ltr\">\n<p class=\"bbc-hhl7in e17g058b0\" dir=\"ltr\">Pero la &#8220;verdadera&#8221; Copacabana, la que dio origen al nombre del barrio de R\u00edo de Janeiro, est\u00e1 en Bolivia a orillas del lago Titicaca.<\/p>\n<\/div>\n<div class=\"bbc-19j92fr ebmt73l0\" dir=\"ltr\">\n<p class=\"bbc-hhl7in e17g058b0\" dir=\"ltr\">Jhonny Ucedo, director de cultura y turismo de la Copacabana boliviana, dice que el nombre de la ciudad existe desde hace tiempo y que incluso ya lo usaban los incas, que viv\u00edan en la regi\u00f3n.<\/p>\n<\/div>\n<div class=\"bbc-19j92fr ebmt73l0\" dir=\"ltr\">\n<p class=\"bbc-hhl7in e17g058b0\" dir=\"ltr\">\u201cEl origen de este nombre proviene de la expresi\u00f3n del dialecto aymara\u00a0<i class=\"bbc-h1y5j7 eih42320\">kota kahuana<\/i>, que significa &#8220;vista al lago&#8221;, afirma.<\/p>\n<\/div>\n<section class=\"bbc-geybui\" role=\"region\" aria-label=\"Publicidad 2\" aria-hidden=\"true\" data-e2e=\"advertisement\"><\/section>\n<div class=\"bbc-19j92fr ebmt73l0\" dir=\"ltr\">\n<p class=\"bbc-hhl7in e17g058b0\" dir=\"ltr\">El aymara es hoy uno de los idiomas oficiales en Bolivia, adem\u00e1s del espa\u00f1ol.<\/p>\n<\/div>\n<div class=\"bbc-1n4f7vm ebmt73l0\" dir=\"ltr\"><\/div>\n<div class=\"bbc-19j92fr ebmt73l0\" dir=\"ltr\">\n<p class=\"bbc-hhl7in e17g058b0\" dir=\"ltr\">El nombre tambi\u00e9n est\u00e1 ligado a la religi\u00f3n cat\u00f3lica, pues la patrona de la ciudad es la Virgen de Copacabana.<\/p>\n<\/div>\n<div class=\"bbc-19j92fr ebmt73l0\" dir=\"ltr\">\n<p class=\"bbc-hhl7in e17g058b0\" dir=\"ltr\">Esta virgen ya exist\u00eda en la cultura hispana con el nombre de Virgen de la Candelaria. Pero en 1853, los colonizadores espa\u00f1oles la llevaron a territorio boliviano y all\u00e1 empez\u00f3 a ser venerada por los fieles.<\/p>\n<\/div>\n<div class=\"bbc-19j92fr ebmt73l0\" dir=\"ltr\">\n<p class=\"bbc-hhl7in e17g058b0\" dir=\"ltr\">En el siglo XVIII, en medio del contrabando que hab\u00eda en la regi\u00f3n, alguien llev\u00f3 una imagen de esa virgen a R\u00edo de Janeiro.<\/p>\n<\/div>\n<div class=\"bbc-19j92fr ebmt73l0\" dir=\"ltr\">\n<p class=\"bbc-hhl7in e17g058b0\" dir=\"ltr\">\u201cLleg\u00f3 aqu\u00ed a trav\u00e9s de\u00a0<i class=\"bbc-h1y5j7 eih42320\">peruleiros<\/i>, comerciantes que tra\u00edan a Brasil diversos bienes de la actual regi\u00f3n que hoy pertenece a Bolivia\u201d, explica el historiador Milton Teixeira.<\/p>\n<\/div>\n<div class=\"bbc-19j92fr ebmt73l0\" dir=\"ltr\">\n<p class=\"bbc-hhl7in e17g058b0\" dir=\"ltr\">&#8220;En la regi\u00f3n operaban bandas que incluso tra\u00edan polvo de plata. En esta \u00e9poca lleg\u00f3 esta virgen boliviana. Algunos dicen que era la original y otros que era una r\u00e9plica&#8221;.<\/p>\n<\/div>\n<div class=\"bbc-19j92fr ebmt73l0\" dir=\"ltr\">\n<p class=\"bbc-hhl7in e17g058b0\" dir=\"ltr\">Es a partir de ah\u00ed que se comienza a contar la historia del\u00a0barrio de Copacabana.<\/p>\n<p dir=\"ltr\">\n<\/div>\n<figure class=\"bbc-1qn0xuy\">\n<div class=\"bbc-150aj0n\"><picture><img loading=\"lazy\" decoding=\"async\" class=\"bbc-139onq\" src=\"https:\/\/ichef.bbci.co.uk\/ace\/ws\/640\/cpsprodpb\/8a10\/live\/8ce04500-cff1-11ee-8f28-259790e80bba.jpg\" sizes=\"auto, (min-width: 1008px) 760px, 100vw\" srcset=\"https:\/\/ichef.bbci.co.uk\/ace\/ws\/240\/cpsprodpb\/8a10\/live\/8ce04500-cff1-11ee-8f28-259790e80bba.jpg 240w, https:\/\/ichef.bbci.co.uk\/ace\/ws\/320\/cpsprodpb\/8a10\/live\/8ce04500-cff1-11ee-8f28-259790e80bba.jpg 320w, https:\/\/ichef.bbci.co.uk\/ace\/ws\/480\/cpsprodpb\/8a10\/live\/8ce04500-cff1-11ee-8f28-259790e80bba.jpg 480w, https:\/\/ichef.bbci.co.uk\/ace\/ws\/624\/cpsprodpb\/8a10\/live\/8ce04500-cff1-11ee-8f28-259790e80bba.jpg 624w, https:\/\/ichef.bbci.co.uk\/ace\/ws\/800\/cpsprodpb\/8a10\/live\/8ce04500-cff1-11ee-8f28-259790e80bba.jpg 800w\" alt=\"Fieles alrededor del santuario de la Virgen de Copacabana, en Bolivia. \" width=\"800\" height=\"449\" \/><\/picture><\/div><figcaption class=\"bbc-1jsyunq e6i104o0\" dir=\"ltr\">\n<h5><em>La procesi\u00f3n del Corpus Christi en Copacana de Bolivia es un acontecimiento tradicional en la ciudad.<\/em><\/h5>\n<\/figcaption><\/figure>\n<div class=\"bbc-19j92fr ebmt73l0\" dir=\"ltr\">\n<h2 tabindex=\"-1\"><\/h2>\n<h2 tabindex=\"-1\"><\/h2>\n<h2 id=\"Copacabana-en-R\u00edo-y-su-importancia\" class=\"bbc-1f03ibc eglt09e0\" tabindex=\"-1\">Copacabana en R\u00edo y su importancia<\/h2>\n<\/div>\n<div class=\"bbc-19j92fr ebmt73l0\" dir=\"ltr\">\n<p class=\"bbc-hhl7in e17g058b0\" dir=\"ltr\">En el siglo XVIII, Copacabana, en R\u00edo de Janeiro, se llamaba Sacopenap\u00e3, que en tup\u00ed significa &#8220;el ruido y aleteo de los soc\u00f3s&#8221;, que son p\u00e1jaros .<\/p>\n<\/div>\n<div class=\"bbc-19j92fr ebmt73l0\" dir=\"ltr\">\n<p class=\"bbc-hhl7in e17g058b0\" dir=\"ltr\">Al llegar a Brasil, la llevaron a la capilla de la Miseric\u00f3rdia, hoy Iglesia de Nossa Senhora do Bonsucesso, en el centro de R\u00edo de Janeiro .<\/p>\n<\/div>\n<div class=\"bbc-19j92fr ebmt73l0\" dir=\"ltr\">\n<p class=\"bbc-hhl7in e17g058b0\" dir=\"ltr\">Pero, seg\u00fan Teixeira, la talla no tuvo buena aceptaci\u00f3n y la trasladaron a otro lugar.<\/p>\n<\/div>\n<div class=\"bbc-19j92fr ebmt73l0\" dir=\"ltr\">\n<p class=\"bbc-hhl7in e17g058b0\" dir=\"ltr\">\u201cLos hermanos de la Misericordia dec\u00edan que atra\u00eda gente extra\u00f1a, que no era algo bueno para la regi\u00f3n\u201d, dice el historiador.<\/p>\n<\/div>\n<div class=\"bbc-19j92fr ebmt73l0\" dir=\"ltr\">\n<p class=\"bbc-hhl7in e17g058b0\" dir=\"ltr\">As\u00ed, a finales del siglo XVIII, se traslad\u00f3 a la piedra de Copacabana, lo que hoy es el\u00a0Fuerte de Copacabana. En 1746 se construy\u00f3 una capilla en su honor y luego qued\u00f3 dentro del fuerte.<\/p>\n<\/div>\n<div class=\"bbc-19j92fr ebmt73l0\" dir=\"ltr\">\n<p class=\"bbc-hhl7in e17g058b0\" dir=\"ltr\">Desde entonces, el lugar se convirti\u00f3 en un lugar de fiestas, romer\u00edas y otras celebraciones.<\/p>\n<\/div>\n<div class=\"bbc-19j92fr ebmt73l0\" dir=\"ltr\">\n<p class=\"bbc-hhl7in e17g058b0\" dir=\"ltr\">El barrio de Copacabana fue una playa casi deshabitada hasta finales del siglo XIX, pero en julio de 1892, con la apertura de un t\u00fanel que conectaba Copacabana con el barrio de Botafogo, la regi\u00f3n comenz\u00f3 a recibir habitantes.<\/p>\n<\/div>\n<div class=\"bbc-19j92fr ebmt73l0\" dir=\"ltr\">\n<p class=\"bbc-hhl7in e17g058b0\" dir=\"ltr\">Ya por esa \u00e9poca la zona se llamaba como la virgen de origen boliviano y no con su nombre en tup\u00ed.<\/p>\n<p dir=\"ltr\">\n<\/div>\n<figure class=\"bbc-1qn0xuy\">\n<div class=\"bbc-150aj0n\"><picture><img loading=\"lazy\" decoding=\"async\" class=\"bbc-139onq\" src=\"https:\/\/ichef.bbci.co.uk\/ace\/ws\/640\/cpsprodpb\/e26d\/live\/130feb70-cffd-11ee-9a5b-e35447f6c53b.jpg\" sizes=\"auto, (min-width: 1008px) 760px, 100vw\" srcset=\"https:\/\/ichef.bbci.co.uk\/ace\/ws\/240\/cpsprodpb\/e26d\/live\/130feb70-cffd-11ee-9a5b-e35447f6c53b.jpg 240w, https:\/\/ichef.bbci.co.uk\/ace\/ws\/320\/cpsprodpb\/e26d\/live\/130feb70-cffd-11ee-9a5b-e35447f6c53b.jpg 320w, https:\/\/ichef.bbci.co.uk\/ace\/ws\/480\/cpsprodpb\/e26d\/live\/130feb70-cffd-11ee-9a5b-e35447f6c53b.jpg 480w, https:\/\/ichef.bbci.co.uk\/ace\/ws\/624\/cpsprodpb\/e26d\/live\/130feb70-cffd-11ee-9a5b-e35447f6c53b.jpg 624w, https:\/\/ichef.bbci.co.uk\/ace\/ws\/800\/cpsprodpb\/e26d\/live\/130feb70-cffd-11ee-9a5b-e35447f6c53b.jpg 800w\" alt=\"Una vista a\u00e9rea del lugar donde estaba situada la primera iglesia de la virgen de Copacabana en Brasil. \" width=\"1415\" height=\"2120\" \/><\/picture><\/div><figcaption class=\"bbc-1jsyunq e6i104o0\" dir=\"ltr\">\n<h5><em>A finales del siglo XVIII la virgen se traslad\u00f3 a la piedra de Copacabana, lo que hoy es el Fuerte de Copacabana.<\/em><\/h5>\n<\/figcaption><\/figure>\n<div class=\"bbc-19j92fr ebmt73l0\" dir=\"ltr\">\n<p dir=\"ltr\">\n<p dir=\"ltr\">\n<p class=\"bbc-hhl7in e17g058b0\" dir=\"ltr\">\u201cLos portugueses vinieron aqu\u00ed, abandonaron su patria, y s\u00f3lo pod\u00edan contar con protecci\u00f3n divina. De ah\u00ed la importancia de las capillas, las iglesias y los santos. Fue una devoci\u00f3n muy personal e intensa que influy\u00f3 en el nombre de la zona\u201d, afirma Teixiera.<\/p>\n<\/div>\n<div class=\"bbc-19j92fr ebmt73l0\" dir=\"ltr\">\n<p class=\"bbc-hhl7in e17g058b0\" dir=\"ltr\">A principios del siglo XX tambi\u00e9n se empez\u00f3 a usar el nombre de Copacabana para la zona costera, antes conocida como Playa de Igrejinha.<\/p>\n<\/div>\n<div class=\"bbc-19j92fr ebmt73l0\" dir=\"ltr\">\n<p class=\"bbc-hhl7in e17g058b0\" dir=\"ltr\">Una de las curiosidades es que, al estar en el fuerte, lleno de ca\u00f1ones, estaba la orden de que no pod\u00edan disparar hacia atr\u00e1s, justo en la zona donde estaba la iglesia y que quedaba en la l\u00ednea de fuego.<\/p>\n<\/div>\n<div class=\"bbc-19j92fr ebmt73l0\" dir=\"ltr\">\n<p class=\"bbc-hhl7in e17g058b0\" dir=\"ltr\">Tiempo despu\u00e9s, destruyeron la iglesia y la talla de la virgen qued\u00f3 en manos privadas, hasta que en 1956, el presidente Juscelino Kubitschek orden\u00f3 reconstruir la capilla, a\u00fan en el Fuerte de Copacabana.<\/p>\n<\/div>\n<div class=\"bbc-19j92fr ebmt73l0\" dir=\"ltr\">\n<p class=\"bbc-hhl7in e17g058b0\" dir=\"ltr\">El problema es que, a\u00f1os despu\u00e9s, al tratarse de\u00a0un basti\u00f3n militar, el lugar no se consider\u00f3 ideal para recibir creyentes.<\/p>\n<\/div>\n<div class=\"bbc-19j92fr ebmt73l0\" dir=\"ltr\">\n<p class=\"bbc-hhl7in e17g058b0\" dir=\"ltr\">\u201cLas visitas de los fieles no gustaban mucho en el Ej\u00e9rcito, porque pod\u00edan ver lo que no deb\u00edan. Era la \u00e9poca de la dictadura militar y el fuerte albergaba a prisioneros pol\u00edticos. No fueron muchos, pero s\u00ed algunos\u201d, afirma el historiador.<\/p>\n<\/div>\n<div class=\"bbc-19j92fr ebmt73l0\" dir=\"ltr\">\n<p class=\"bbc-hhl7in e17g058b0\" dir=\"ltr\">En 1976, se traslad\u00f3 la imagen a la parroquia de Ressurrei\u00e7\u00e3o, en la regi\u00f3n de Arpoador, en el l\u00edmite entre Copacabana y el vecino barrio de Ipanema, donde permanece hoy.<\/p>\n<p dir=\"ltr\">\n<\/div>\n<div class=\"bbc-150aj0n\"><picture><img loading=\"lazy\" decoding=\"async\" class=\"bbc-139onq\" src=\"https:\/\/ichef.bbci.co.uk\/ace\/ws\/640\/cpsprodpb\/13dd\/live\/47b529a0-cffb-11ee-b83b-0f87a864f372.jpg\" sizes=\"auto, (min-width: 1008px) 760px, 100vw\" srcset=\"https:\/\/ichef.bbci.co.uk\/ace\/ws\/240\/cpsprodpb\/13dd\/live\/47b529a0-cffb-11ee-b83b-0f87a864f372.jpg 240w, https:\/\/ichef.bbci.co.uk\/ace\/ws\/320\/cpsprodpb\/13dd\/live\/47b529a0-cffb-11ee-b83b-0f87a864f372.jpg 320w, https:\/\/ichef.bbci.co.uk\/ace\/ws\/480\/cpsprodpb\/13dd\/live\/47b529a0-cffb-11ee-b83b-0f87a864f372.jpg 480w, https:\/\/ichef.bbci.co.uk\/ace\/ws\/624\/cpsprodpb\/13dd\/live\/47b529a0-cffb-11ee-b83b-0f87a864f372.jpg 624w, https:\/\/ichef.bbci.co.uk\/ace\/ws\/800\/cpsprodpb\/13dd\/live\/47b529a0-cffb-11ee-b83b-0f87a864f372.jpg 800w\" alt=\"Vista de Copacabana junto al lago Titicaca.\" width=\"3008\" height=\"2000\" \/><\/picture><\/div>\n<h5 class=\"bbc-1qn0xuy\"><em>Vista de la Copacabana de Bolivia junto al lago Titicaca.<\/em><\/h5>\n<div class=\"bbc-19j92fr ebmt73l0\" dir=\"ltr\">\n<h2 tabindex=\"-1\"><\/h2>\n<h2 tabindex=\"-1\"><\/h2>\n<h2 id=\"Bendiciones-para-los-carros-y-las-fiestas\" class=\"bbc-1f03ibc eglt09e0\" tabindex=\"-1\">Bendiciones para los carros y las fiestas<\/h2>\n<\/div>\n<div class=\"bbc-19j92fr ebmt73l0\" dir=\"ltr\">\n<p class=\"bbc-hhl7in e17g058b0\" dir=\"ltr\">La Virgen de Copacabana sigue siendo muy influyente en la ciudad boliviana.<\/p>\n<\/div>\n<div class=\"bbc-19j92fr ebmt73l0\" dir=\"ltr\">\n<p class=\"bbc-hhl7in e17g058b0\" dir=\"ltr\">Desde que la llevaron los espa\u00f1oles, cobr\u00f3 fuerza entre los fieles, sobre todo por los milagros que se le atribuyen, destaca Ucedo.<\/p>\n<\/div>\n<div class=\"bbc-19j92fr ebmt73l0\" dir=\"ltr\">\n<p class=\"bbc-hhl7in e17g058b0\" dir=\"ltr\">Cada 2 de febrero, que coincide tambi\u00e9n con el d\u00eda de la Virgen de la Candelaria, se celebra su llegada a la regi\u00f3n con una fiesta oficial de la que este a\u00f1o se conmemor\u00f3 su aniversario 441.<\/p>\n<\/div>\n<div class=\"bbc-19j92fr ebmt73l0\" dir=\"ltr\">\n<p class=\"bbc-hhl7in e17g058b0\" dir=\"ltr\">En esta festividad, llena de bailes t\u00edpicos, se\u00a0bendicen los carros\u00a0de la gente con agua bendita y bebidas alcoh\u00f3licas. No importa el licor: puede ser cerveza, vino, champ\u00e1n. Lo importante es verter un poco de l\u00edquido en el auto, explica el director de cultura y turismo de la ciudad.<\/p>\n<\/div>\n<div class=\"bbc-19j92fr ebmt73l0\" dir=\"ltr\">\n<p class=\"bbc-hhl7in e17g058b0\" dir=\"ltr\">&#8220;(Los conductores) piden que no les pase nada en el camino, para que el auto no falle y no haya accidentes&#8221;, dice Ucedo.<\/p>\n<\/div>\n<div class=\"bbc-19j92fr ebmt73l0\" dir=\"ltr\">\n<p class=\"bbc-hhl7in e17g058b0\" dir=\"ltr\">La fiesta recibe a casi 18 mil personas durante los tres d\u00edas de celebraci\u00f3n, seg\u00fan datos del director.<\/p>\n<\/div>\n<div class=\"bbc-19j92fr ebmt73l0\" dir=\"ltr\">\n<p class=\"bbc-hhl7in e17g058b0\" dir=\"ltr\">Aunque tambi\u00e9n hay celebraciones en otras \u00e9pocas del a\u00f1o.<\/p>\n<\/div>\n<div class=\"bbc-19j92fr ebmt73l0\" dir=\"ltr\">\n<p class=\"bbc-hhl7in e17g058b0\" dir=\"ltr\">\u201cLos devotos de la Virgen del lado peruano (del lago Titicaca) celebran los d\u00edas 4, 5 y 6 de agosto. El 15 de noviembre vienen bolivianos de Cochabamba en caravana a celebrar\u201d, dice Ucedo.<\/p>\n<\/div>\n<div class=\"bbc-19j92fr ebmt73l0\" dir=\"ltr\">\n<p class=\"bbc-hhl7in e17g058b0\" dir=\"ltr\">El ritual con bebidas alcoh\u00f3licas se realiza porque los bolivianos creen en la Madre Tierra, conocida como Pachamama en la cultura andina, y a la deidad siempre se le obsequia con alimentos y bebidas.<\/p>\n<p dir=\"ltr\">\n<\/div>\n<figure class=\"bbc-1qn0xuy\">\n<div class=\"bbc-150aj0n\"><picture><img loading=\"lazy\" decoding=\"async\" class=\"bbc-139onq\" src=\"https:\/\/ichef.bbci.co.uk\/ace\/ws\/640\/cpsprodpb\/5130\/live\/dac44c70-cffc-11ee-b83b-0f87a864f372.jpg\" sizes=\"auto, (min-width: 1008px) 760px, 100vw\" srcset=\"https:\/\/ichef.bbci.co.uk\/ace\/ws\/240\/cpsprodpb\/5130\/live\/dac44c70-cffc-11ee-b83b-0f87a864f372.jpg 240w, https:\/\/ichef.bbci.co.uk\/ace\/ws\/320\/cpsprodpb\/5130\/live\/dac44c70-cffc-11ee-b83b-0f87a864f372.jpg 320w, https:\/\/ichef.bbci.co.uk\/ace\/ws\/480\/cpsprodpb\/5130\/live\/dac44c70-cffc-11ee-b83b-0f87a864f372.jpg 480w, https:\/\/ichef.bbci.co.uk\/ace\/ws\/624\/cpsprodpb\/5130\/live\/dac44c70-cffc-11ee-b83b-0f87a864f372.jpg 624w, https:\/\/ichef.bbci.co.uk\/ace\/ws\/800\/cpsprodpb\/5130\/live\/dac44c70-cffc-11ee-b83b-0f87a864f372.jpg 800w\" alt=\"Imagen de la bas\u00edlica de la Virgen de Copacabana. \" width=\"2119\" height=\"1415\" \/><\/picture><\/div><figcaption class=\"bbc-1jsyunq e6i104o0\" dir=\"ltr\">\n<h5><em>Miles de personas acuden cada a\u00f1o a la bas\u00edlica de la Virgen de Copacabana en Bolivia.<\/em><\/h5>\n<\/figcaption><\/figure>\n<div class=\"bbc-19j92fr ebmt73l0\" dir=\"ltr\">\n<h2 tabindex=\"-1\"><\/h2>\n<h2 tabindex=\"-1\"><\/h2>\n<h2 id=\"Turismo-religioso-y-extranjero\" class=\"bbc-1f03ibc eglt09e0\" tabindex=\"-1\">Turismo religioso y extranjero<\/h2>\n<\/div>\n<div class=\"bbc-19j92fr ebmt73l0\" dir=\"ltr\">\n<p class=\"bbc-hhl7in e17g058b0\" dir=\"ltr\">La Copacabana de Bolivia est\u00e1 a poco m\u00e1s de tres horas en autob\u00fas desde la capital, La Paz.<\/p>\n<\/div>\n<div class=\"bbc-19j92fr ebmt73l0\" dir=\"ltr\">\n<p class=\"bbc-hhl7in e17g058b0\" dir=\"ltr\">La ciudad atrae a quienes quieren ir a islas m\u00e1s aisladas del lago Titicaca, a una hora en barco, pero sobre todo para los que hacen turismo religioso.<\/p>\n<\/div>\n<div class=\"bbc-19j92fr ebmt73l0\" dir=\"ltr\">\n<p class=\"bbc-hhl7in e17g058b0\" dir=\"ltr\">Adem\u00e1s, el santuario, afirma Ucedo, es uno de los\u00a0m\u00e1s grandes del mundo,\u00a0as\u00ed que atrae a muchos visitantes.<\/p>\n<\/div>\n<div class=\"bbc-19j92fr ebmt73l0\" dir=\"ltr\">\n<p class=\"bbc-hhl7in e17g058b0\" dir=\"ltr\">Vitor de Pieri, profesor del Departamento de Turismo de la Universidad Estadual de R\u00edo de Janeiro (Uerj), da cuenta de la importancia religiosa del lugar.<\/p>\n<\/div>\n<div class=\"bbc-19j92fr ebmt73l0\" dir=\"ltr\">\n<p class=\"bbc-hhl7in e17g058b0\" dir=\"ltr\">\u201cLa ciudad es una puerta de entrada para atractivos tur\u00edsticos como la Isla del Sol y la Isla de la Luna, lugares sagrados para los aymaras, los incas y los pueblos originarios de la regi\u00f3n\u201d, explica.<\/p>\n<\/div>\n<div class=\"bbc-19j92fr ebmt73l0\" dir=\"ltr\">\n<p class=\"bbc-hhl7in e17g058b0\" dir=\"ltr\">La creadora de contenido Marina Guaragna, de 29 a\u00f1os, descubri\u00f3 la ciudad durante un viaje de dos meses como mochilera por Bolivia con su novio.<\/p>\n<\/div>\n<div class=\"bbc-19j92fr ebmt73l0\" dir=\"ltr\">\n<p class=\"bbc-hhl7in e17g058b0\" dir=\"ltr\">\u201cHablando con bolivianos descubrimos que hab\u00eda una playa que se llamaba Copacabana, decidimos investigar y descubrimos que esa era la Copacabana &#8216;original&#8217; y que de ah\u00ed ven\u00eda nuestro nombre\u201d, dice.<\/p>\n<\/div>\n<div class=\"bbc-19j92fr ebmt73l0\" dir=\"ltr\">\n<p class=\"bbc-hhl7in e17g058b0\" dir=\"ltr\">Marina elogia la hospitalidad y la buena gastronom\u00eda de la regi\u00f3n y a\u00f1ade que es una ruta posible para cualquiera que viaje por Sudam\u00e9rica.<\/p>\n<p dir=\"ltr\">\n<\/div>\n<figure class=\"bbc-1qn0xuy\">\n<div class=\"bbc-150aj0n\"><picture><img loading=\"lazy\" decoding=\"async\" class=\"bbc-139onq\" src=\"https:\/\/ichef.bbci.co.uk\/ace\/ws\/640\/cpsprodpb\/a079\/live\/e9e77640-cffd-11ee-b83b-0f87a864f372.jpg\" sizes=\"auto, (min-width: 1008px) 760px, 100vw\" srcset=\"https:\/\/ichef.bbci.co.uk\/ace\/ws\/240\/cpsprodpb\/a079\/live\/e9e77640-cffd-11ee-b83b-0f87a864f372.jpg 240w, https:\/\/ichef.bbci.co.uk\/ace\/ws\/320\/cpsprodpb\/a079\/live\/e9e77640-cffd-11ee-b83b-0f87a864f372.jpg 320w, https:\/\/ichef.bbci.co.uk\/ace\/ws\/480\/cpsprodpb\/a079\/live\/e9e77640-cffd-11ee-b83b-0f87a864f372.jpg 480w, https:\/\/ichef.bbci.co.uk\/ace\/ws\/624\/cpsprodpb\/a079\/live\/e9e77640-cffd-11ee-b83b-0f87a864f372.jpg 624w, https:\/\/ichef.bbci.co.uk\/ace\/ws\/800\/cpsprodpb\/a079\/live\/e9e77640-cffd-11ee-b83b-0f87a864f372.jpg 800w\" alt=\"Marina Guaragna con una vista al fondo de la Copacabana boliviana. \" width=\"800\" height=\"450\" \/><\/picture><\/div><figcaption class=\"bbc-1jsyunq e6i104o0\" dir=\"ltr\">\n<h5><em>Marina Guaragna visit\u00f3 la Copacabana boliviana en un viaje como mochilera.<\/em><\/h5>\n<\/figcaption><\/figure>\n<div class=\"bbc-19j92fr ebmt73l0\" dir=\"ltr\">\n<h2 tabindex=\"-1\"><\/h2>\n<h2 tabindex=\"-1\"><\/h2>\n<h2 id=\"Copacabana-boliviana-vs-Copacabana-carioca\" class=\"bbc-1f03ibc eglt09e0\" tabindex=\"-1\">Copacabana boliviana vs. Copacabana carioca<\/h2>\n<\/div>\n<div class=\"bbc-19j92fr ebmt73l0\" dir=\"ltr\">\n<p class=\"bbc-hhl7in e17g058b0\" dir=\"ltr\">Aunque la ciudad boliviana dio nombre a la playa y al barrio de R\u00edo, el lugar puede no resultar tan atractivo para aquellos a los que no les gusta pasar fr\u00edo, ya que se encuentra a 3.800 metros sobre el nivel del mar y rodea uno de los lagos m\u00e1s grandes de Am\u00e9rica Latina.<\/p>\n<\/div>\n<div class=\"bbc-19j92fr ebmt73l0\" dir=\"ltr\">\n<p class=\"bbc-hhl7in e17g058b0\" dir=\"ltr\">Esto hace que, incluso en verano, las temperaturas se mantengan bajas, entre los 10\u00baC y los 15\u00baC. Muy diferente a R\u00edo de Janeiro, donde hace calor casi todo el a\u00f1o.<\/p>\n<\/div>\n<div class=\"bbc-19j92fr ebmt73l0\" dir=\"ltr\">\n<p class=\"bbc-hhl7in e17g058b0\" dir=\"ltr\">Marina tambi\u00e9n destaca otras diferencias entre\u00a0las dos Copacabanas.<\/p>\n<\/div>\n<div class=\"bbc-19j92fr ebmt73l0\" dir=\"ltr\">\n<p class=\"bbc-hhl7in e17g058b0\" dir=\"ltr\">&#8220;La playa de la Copacabana original no tiene espacio para ba\u00f1istas ni para disfrutar de la playa. Es una peque\u00f1a franja de arena y sus aguas est\u00e1n llenas de muelles y embarcaciones. Un lugar tranquilo, pero la arena no est\u00e1 limpia para los turistas &#8220;, afirma.<\/p>\n<\/div>\n<div class=\"bbc-19j92fr ebmt73l0\" dir=\"ltr\">\n<p class=\"bbc-hhl7in e17g058b0\" dir=\"ltr\">Actualmente, seg\u00fan el \u00faltimo censo de la ciudad, la boliviana Copacabana tiene 16.500 habitantes.<\/p>\n<\/div>\n<div class=\"bbc-19j92fr ebmt73l0\" dir=\"ltr\">\n<p class=\"bbc-hhl7in e17g058b0\" dir=\"ltr\">En cambio, la Copacabana en R\u00edo de Janeiro ha crecido y se ha desarrollado.<\/p>\n<\/div>\n<div class=\"bbc-19j92fr ebmt73l0\" dir=\"ltr\">\n<p class=\"bbc-hhl7in e17g058b0\" dir=\"ltr\">&#8220;En 1917, Copacabana ya ten\u00eda 45 calles. Luego pas\u00f3 por un proceso de urbanizaci\u00f3n&#8221;, dice Pieri.<\/p>\n<\/div>\n<div class=\"bbc-19j92fr ebmt73l0\" dir=\"ltr\">\n<p class=\"bbc-hhl7in e17g058b0\" dir=\"ltr\">Alrededor de 146 mil personas viven en el barrio, seg\u00fan el censo de 2010, el m\u00e1s reciente publicado.<\/p>\n<p dir=\"ltr\">\n<\/div>\n<figure class=\"bbc-1qn0xuy\">\n<div class=\"bbc-150aj0n\"><picture><img loading=\"lazy\" decoding=\"async\" class=\"bbc-139onq\" src=\"https:\/\/ichef.bbci.co.uk\/ace\/ws\/640\/cpsprodpb\/04f4\/live\/d0f19be0-cffb-11ee-9a5b-e35447f6c53b.jpg\" sizes=\"auto, (min-width: 1008px) 760px, 100vw\" srcset=\"https:\/\/ichef.bbci.co.uk\/ace\/ws\/240\/cpsprodpb\/04f4\/live\/d0f19be0-cffb-11ee-9a5b-e35447f6c53b.jpg 240w, https:\/\/ichef.bbci.co.uk\/ace\/ws\/320\/cpsprodpb\/04f4\/live\/d0f19be0-cffb-11ee-9a5b-e35447f6c53b.jpg 320w, https:\/\/ichef.bbci.co.uk\/ace\/ws\/480\/cpsprodpb\/04f4\/live\/d0f19be0-cffb-11ee-9a5b-e35447f6c53b.jpg 480w, https:\/\/ichef.bbci.co.uk\/ace\/ws\/624\/cpsprodpb\/04f4\/live\/d0f19be0-cffb-11ee-9a5b-e35447f6c53b.jpg 624w, https:\/\/ichef.bbci.co.uk\/ace\/ws\/800\/cpsprodpb\/04f4\/live\/d0f19be0-cffb-11ee-9a5b-e35447f6c53b.jpg 800w\" alt=\"La famosa playa brasile\u00f1a de Copacabana. \" width=\"2121\" height=\"1413\" \/><\/picture><\/div><figcaption class=\"bbc-1jsyunq e6i104o0\" dir=\"ltr\">\n<h5><em>La famosa playa brasile\u00f1a de Copacabana.<\/em><\/h5>\n<\/figcaption><\/figure>\n<div class=\"bbc-19j92fr ebmt73l0\" dir=\"ltr\">\n<p dir=\"ltr\">\n<p dir=\"ltr\">\n<p class=\"bbc-hhl7in e17g058b0\" dir=\"ltr\">En otras palabras, casi nueve Copacabanas bolivianas podr\u00edan caber en la Copacabana de R\u00edo.<\/p>\n<\/div>\n<div class=\"bbc-19j92fr ebmt73l0\" dir=\"ltr\">\n<p class=\"bbc-hhl7in e17g058b0\" dir=\"ltr\">El barrio y la playa de R\u00edo de Janeiro tambi\u00e9n se hicieron conocidos mundialmente y fueron escenario de hechos hist\u00f3ricos, como la Revoluci\u00f3n de Fuerte de Copacabana, una sublevaci\u00f3n contra el entonces presidente Epit\u00e1cio Pessoa y el ganador de las elecciones Artur Bernardes, el 5 de julio de 1922.<\/p>\n<\/div>\n<div class=\"bbc-19j92fr ebmt73l0\" dir=\"ltr\">\n<p class=\"bbc-hhl7in e17g058b0\" dir=\"ltr\">El episodio tiene su recordatorio a d\u00eda de hoy en la playa, donde hay una escultura del teniente Siqueira Campos, quien dirigi\u00f3 el movimiento.<\/p>\n<\/div>\n<div class=\"bbc-19j92fr ebmt73l0\" dir=\"ltr\">\n<p class=\"bbc-hhl7in e17g058b0\" dir=\"ltr\">Aunque no es tan conocida y popular entre los turistas como otra que se encuentra en el paseo cercano al fuerte en honor al escritor Carlos Drummond de Andrade, quien vivi\u00f3 gran parte de su vida en el barrio.<\/p>\n<\/div>\n<div class=\"bbc-19j92fr ebmt73l0\" dir=\"ltr\">\n<p class=\"bbc-hhl7in e17g058b0\" dir=\"ltr\">En el paseo mar\u00edtimo tambi\u00e9n se encuentra el hotel m\u00e1s famoso de Brasil, el Copacabana Palace, que ha acogido a numerosos personajes famosos y ha recopilado acontecimientos notables de los \u00faltimos 100 a\u00f1os, como el tiroteo a quemarropa donde muri\u00f3 la amante del presidente Washington Lu\u00eds en 1929.<\/p>\n<\/div>\n<div class=\"bbc-19j92fr ebmt73l0\" dir=\"ltr\">\n<p class=\"bbc-hhl7in e17g058b0\" dir=\"ltr\">Imposible no mencionar la \u201cfiesta de a\u00f1o nuevo m\u00e1s grande del mundo\u201d en las arenas de Copacabana, que tuvo su origen en homenajes a la deidad africana Yemay\u00e1 e influy\u00f3 en las costumbres de las fiestas de fin de a\u00f1o en todo el pa\u00eds.<\/p>\n<\/div>\n<div class=\"bbc-19j92fr ebmt73l0\" dir=\"ltr\">\n<p class=\"bbc-hhl7in e17g058b0\" dir=\"ltr\">\u201cCopacabana es un barrio que tambi\u00e9n tiene mucha historia brasile\u00f1a\u201d, concluye Pieri.<\/p>\n<\/div>\n","protected":false},"excerpt":{"rendered":"<p>Copacabana, que dio nombre al barrio de R\u00edo, est\u00e1 en Bolivia. &nbsp; &nbsp; Si piensas en Copacabana, seguramente asocies el nombre con una de las&hellip;<\/p>\n","protected":false},"author":99,"featured_media":516179,"comment_status":"open","ping_status":"open","sticky":false,"template":"","format":"standard","meta":{"footnotes":""},"categories":[23],"tags":[],"class_list":["post-516178","post","type-post","status-publish","format-standard","has-post-thumbnail","hentry","category-latinoamerica"],"_links":{"self":[{"href":"https:\/\/diarioelpopular.com\/index.php\/wp-json\/wp\/v2\/posts\/516178","targetHints":{"allow":["GET"]}}],"collection":[{"href":"https:\/\/diarioelpopular.com\/index.php\/wp-json\/wp\/v2\/posts"}],"about":[{"href":"https:\/\/diarioelpopular.com\/index.php\/wp-json\/wp\/v2\/types\/post"}],"author":[{"embeddable":true,"href":"https:\/\/diarioelpopular.com\/index.php\/wp-json\/wp\/v2\/users\/99"}],"replies":[{"embeddable":true,"href":"https:\/\/diarioelpopular.com\/index.php\/wp-json\/wp\/v2\/comments?post=516178"}],"version-history":[{"count":1,"href":"https:\/\/diarioelpopular.com\/index.php\/wp-json\/wp\/v2\/posts\/516178\/revisions"}],"predecessor-version":[{"id":516180,"href":"https:\/\/diarioelpopular.com\/index.php\/wp-json\/wp\/v2\/posts\/516178\/revisions\/516180"}],"wp:featuredmedia":[{"embeddable":true,"href":"https:\/\/diarioelpopular.com\/index.php\/wp-json\/wp\/v2\/media\/516179"}],"wp:attachment":[{"href":"https:\/\/diarioelpopular.com\/index.php\/wp-json\/wp\/v2\/media?parent=516178"}],"wp:term":[{"taxonomy":"category","embeddable":true,"href":"https:\/\/diarioelpopular.com\/index.php\/wp-json\/wp\/v2\/categories?post=516178"},{"taxonomy":"post_tag","embeddable":true,"href":"https:\/\/diarioelpopular.com\/index.php\/wp-json\/wp\/v2\/tags?post=516178"}],"curies":[{"name":"wp","href":"https:\/\/api.w.org\/{rel}","templated":true}]}}