{"id":516202,"date":"2024-03-05T09:55:05","date_gmt":"2024-03-05T13:55:05","guid":{"rendered":"https:\/\/diarioelpopular.com\/?p=516202"},"modified":"2024-03-05T09:55:05","modified_gmt":"2024-03-05T13:55:05","slug":"cronicas-dia-de-la-mujer","status":"publish","type":"post","link":"https:\/\/diarioelpopular.com\/index.php\/2024\/03\/05\/cronicas-dia-de-la-mujer\/","title":{"rendered":"CR\u00d3NICAS. D\u00eda de la Mujer"},"content":{"rendered":"<p><img loading=\"lazy\" decoding=\"async\" class=\"alignnone size-custom-full-size wp-image-516203\" src=\"https:\/\/diarioelpopular.com\/wp-content\/uploads\/2024\/03\/Screen-Shot-2024-03-05-at-8.53.46-AM-636x230.png\" alt=\"\" width=\"636\" height=\"230\" srcset=\"https:\/\/diarioelpopular.com\/wp-content\/uploads\/2024\/03\/Screen-Shot-2024-03-05-at-8.53.46-AM-636x230.png 636w, https:\/\/diarioelpopular.com\/wp-content\/uploads\/2024\/03\/Screen-Shot-2024-03-05-at-8.53.46-AM-300x108.png 300w, https:\/\/diarioelpopular.com\/wp-content\/uploads\/2024\/03\/Screen-Shot-2024-03-05-at-8.53.46-AM-768x277.png 768w, https:\/\/diarioelpopular.com\/wp-content\/uploads\/2024\/03\/Screen-Shot-2024-03-05-at-8.53.46-AM-146x53.png 146w, https:\/\/diarioelpopular.com\/wp-content\/uploads\/2024\/03\/Screen-Shot-2024-03-05-at-8.53.46-AM.png 1024w\" sizes=\"auto, (max-width: 636px) 100vw, 636px\" \/><\/p>\n<p>&nbsp;<\/p>\n<p class=\"p2\"><strong><em>Por: Luc\u00eda P. de Garc\u00eda<\/em><\/strong><\/p>\n<p class=\"p2\"><strong><em>Toronto.-<\/em><\/strong> La mujer siempre ha estado consciente de sus diferencias f\u00edsicas con el hombre y de las tareas que se le han asignado, desvalorizando su insustituible y sublime rol como madre y su papel en el hogar, donde ha desempe\u00f1ado las labores m\u00e1s duras, rutinarias y desgastantes. Esas funciones las ha potenciado ante el abandono de su pareja, es ella la que mantiene y cr\u00eda a sus hijos. En caso de conflictos b\u00e9licos, es la mujer la principal v\u00edctima al sufrir las atrocidades del momento. Tales experiencias han hecho que con justa raz\u00f3n exija que se valorice su accionar en el quehacer p\u00fablico junto al hombre, en igualdad de derechos.<\/p>\n<p class=\"p2\">As\u00ed lo determin\u00f3 en 1789 la Revoluci\u00f3n Francesa al proclamar los Derechos del Hombre y del Ciudadano, m\u00e1s, cuando Olympe de Gouge reclam\u00f3 por esa Declaraci\u00f3n tan \u201cmasculina\u201d que desconoc\u00eda la participaci\u00f3n de la mujer en aquellas jornadas revolucionarias, fue guillotinada.<span class=\"Apple-converted-space\">\u00a0<\/span><\/p>\n<p class=\"p2\">En Nueva York, 1848, durante un evento contra de la esclavitud se prohibi\u00f3 hablar a las mujeres, lo que desat\u00f3 la indignaci\u00f3n femenina. Elizabeth Cady Stanton y Lucretia Mott dirigieron ese sentir hacia el derecho al voto, as\u00ed naci\u00f3 la Primera Convenci\u00f3n Nacional de Mujeres y su Declaraci\u00f3n de Seneca Falls o Declaraci\u00f3n de Sentimientos, que entre otros enunciados dec\u00eda que las mujeres deben ser instruidas en las leyes, deben rechazar su degradaci\u00f3n y no afirmar que gozan de \u201clos derechos a los cuales aspiran\u201d.<\/p>\n<p class=\"p2\">En 1905 estall\u00f3 en Rusia la Revoluci\u00f3n de Campesinos y Obreros contra el zar Nicol\u00e1s II, debido a las terribles consecuencias de la guerra contra Jap\u00f3n. A la marcha pac\u00edfica de familias completas que llevaban al zar su petici\u00f3n de mejoras laborales, \u00e9ste respondi\u00f3 con descargas de fusiler\u00eda de tropas apostadas frente a su Palacio de Invierno. La carnicer\u00eda indign\u00f3 a Europa, especialmente a los grupos feministas, dentro de los cuales ya se hablaba de los derechos pol\u00edticos.<span class=\"Apple-converted-space\">\u00a0<\/span><\/p>\n<p class=\"p2\">Se alcanzaron un a\u00f1o despu\u00e9s en Finlandia, donde se autoriz\u00f3 el voto universal y se permiti\u00f3 que las mujeres fueran elegidas al Parlamento. Fue la primera vez que esto ocurr\u00eda en el mundo.<span class=\"Apple-converted-space\">\u00a0<\/span><\/p>\n<p class=\"p2\">En 1907 se celebr\u00f3 en Alemania la Primera Conferencia Internacional de Mujeres Socialistas a la cual asistieron 59 delegadas provenientes de 15 pa\u00edses, lo cual constituy\u00f3 algo ins\u00f3lito.<span class=\"Apple-converted-space\">\u00a0<\/span><\/p>\n<p class=\"p2\">La larga historia del reclamo femenino escribi\u00f3 un cap\u00edtulo especial cuando en la F\u00e1brica de Algod\u00f3n de Nueva York, donde 129 obreras realizaban una huelga por mejores salarios y condiciones laborales, el recinto donde se manifestaban fue intencionalmente arrasado con fuego el 8 de marzo de 1908. Todas murieron, m\u00e1s, de su martirio naci\u00f3 el D\u00eda de la Mujer.<\/p>\n<p class=\"p2\">Aunque parezca incre\u00edble, en 1929 en Canad\u00e1 \u201cLas 5 Fant\u00e1sticas\u201d Emily Murphy, Nellie McClung, Irene Parlby, Louise McKinney y Henrietta M. Edwards consiguieron que se promulgue la ley que otorga personalidad jur\u00eddica a la mujer, es decir que se le considere \u201cpersona\u201d. Por entonces, el Canciller del Consejo Privado reconoci\u00f3 \u201cEsta es una reliquia de d\u00edas b\u00e1rbaros\u201d. Ten\u00eda raz\u00f3n.<span class=\"Apple-converted-space\">\u00a0<\/span><\/p>\n<p class=\"p2\">Mientras tanto, en Am\u00e9rica Latina el batallar por los derechos femeninos avanzaba con lentitud,<span class=\"Apple-converted-space\">\u00a0 <\/span>involucrando a las diversas generaciones de mujeres y ampli\u00e1ndose a los diferentes aspectos de la actividad humana. Hay que reconocer que en esa lid se han involucrado hombres \u201cde buena voluntad\u201d y se han utilizado recursos tan infalibles como paciencia, cari\u00f1o, espiritualidad.<\/p>\n<p class=\"p2\">El Primer Congreso Feminista se efectu\u00f3 en 1916 en Yucat\u00e1n, M\u00e9xico. All\u00ed se habl\u00f3 sobre la igualdad en las relaciones entre mujeres y hombres, el derecho a educaci\u00f3n, trabajo remunerado, participaci\u00f3n pol\u00edtica, m\u00e9todos anticonceptivos. Posteriores Conferencias Regionales han creado una agenda com\u00fan, analizando machismo, paternalismo, salud materno\u2013infantil, higiene femenina, sexualidad, abuso sexual, maternidad forzada, aborto, violencia de g\u00e9nero, feminicidio. A los gobiernos se les ha pedido tratar estos temas como de inter\u00e9s p\u00fablico.<span class=\"Apple-converted-space\">\u00a0 \u00a0<\/span><\/p>\n<p class=\"p2\">Am\u00e9rica Latina se precia de feministas como la escritora y poeta mexicana Sor Juana In\u00e9s de la Cruz, \u201cLa D\u00e9cima Musa\u201d nacida en el siglo XVII. En Per\u00fa, siglo XVIII, Micaela Bastidas, esposa de T\u00fapac Amaru II, quien luch\u00f3 junto a \u00e9l contra Espa\u00f1a. Durante las guerras por la Independencia proliferaron hero\u00ednas que actuaron como esp\u00edas, facilitaron la log\u00edstica, auxiliaron en el campo de batalla. En tiempos m\u00e1s recientes, al lograr ejercer su voto en 1929, Matilde Hidalgo de Procel convirti\u00f3 a Ecuador en el primer pa\u00eds de Am\u00e9rica Latina en instaurar el voto femenino. La chilena Gabriela Mistral, con su prosa y poes\u00eda obtuvo el Premio Nobel de Literatura 1945. La guatemalteca Rigoberta Mench\u00fa, defensora de los derechos ind\u00edgenas, recibi\u00f3 el Premio Nobel de la Paz 1992. En el \u00e1mbito musical, Mercedes Sosa cant\u00f3 al folklor latinoamericano. En el atletismo mundial se luce en salto la venezolana Yulimar Rojas. D\u00e9bora Arango, acuarelista colombiana, pinta sobre lo social y lo pol\u00edtico. Berta C\u00e1ceres, l\u00edder campesina hondure\u00f1a asesinada en marzo 2016, en su memoria se otorga el Premio que lleva su nombre. La pediatra y activista humanitaria brasile\u00f1a Zilda Arns, fundadora de la Pastoral de la Infancia contra la Mortalidad Infantil y nominada al Premio Nobel de la Paz 2006, falleci\u00f3 en el terremoto de Hait\u00ed al realizar labores de socorro. La lista de valiosas feministas latinoamericanas es interminable.<\/p>\n<p class=\"p2\">En este D\u00eda de la Mujer, un abrazo afectuoso y solidario a todas las mujeres del mundo, y un \u00a1Adelante, la lucha contin\u00faa&#8230;!<\/p>\n","protected":false},"excerpt":{"rendered":"<p>&nbsp; Por: Luc\u00eda P. de Garc\u00eda Toronto.- La mujer siempre ha estado consciente de sus diferencias f\u00edsicas con el hombre y de las tareas que&hellip;<\/p>\n","protected":false},"author":99,"featured_media":516203,"comment_status":"open","ping_status":"open","sticky":false,"template":"","format":"standard","meta":{"footnotes":""},"categories":[21],"tags":[],"class_list":["post-516202","post","type-post","status-publish","format-standard","has-post-thumbnail","hentry","category-canada"],"_links":{"self":[{"href":"https:\/\/diarioelpopular.com\/index.php\/wp-json\/wp\/v2\/posts\/516202","targetHints":{"allow":["GET"]}}],"collection":[{"href":"https:\/\/diarioelpopular.com\/index.php\/wp-json\/wp\/v2\/posts"}],"about":[{"href":"https:\/\/diarioelpopular.com\/index.php\/wp-json\/wp\/v2\/types\/post"}],"author":[{"embeddable":true,"href":"https:\/\/diarioelpopular.com\/index.php\/wp-json\/wp\/v2\/users\/99"}],"replies":[{"embeddable":true,"href":"https:\/\/diarioelpopular.com\/index.php\/wp-json\/wp\/v2\/comments?post=516202"}],"version-history":[{"count":1,"href":"https:\/\/diarioelpopular.com\/index.php\/wp-json\/wp\/v2\/posts\/516202\/revisions"}],"predecessor-version":[{"id":516204,"href":"https:\/\/diarioelpopular.com\/index.php\/wp-json\/wp\/v2\/posts\/516202\/revisions\/516204"}],"wp:featuredmedia":[{"embeddable":true,"href":"https:\/\/diarioelpopular.com\/index.php\/wp-json\/wp\/v2\/media\/516203"}],"wp:attachment":[{"href":"https:\/\/diarioelpopular.com\/index.php\/wp-json\/wp\/v2\/media?parent=516202"}],"wp:term":[{"taxonomy":"category","embeddable":true,"href":"https:\/\/diarioelpopular.com\/index.php\/wp-json\/wp\/v2\/categories?post=516202"},{"taxonomy":"post_tag","embeddable":true,"href":"https:\/\/diarioelpopular.com\/index.php\/wp-json\/wp\/v2\/tags?post=516202"}],"curies":[{"name":"wp","href":"https:\/\/api.w.org\/{rel}","templated":true}]}}