{"id":516211,"date":"2024-03-05T10:26:39","date_gmt":"2024-03-05T14:26:39","guid":{"rendered":"https:\/\/diarioelpopular.com\/?p=516211"},"modified":"2024-03-05T10:26:39","modified_gmt":"2024-03-05T14:26:39","slug":"decretan-estado-de-emergencia-en-haiti-luego-de-que-bandas-armadas-asaltaron-una-carcel-y-liberaron-a-centenares-de-presos","status":"publish","type":"post","link":"https:\/\/diarioelpopular.com\/index.php\/2024\/03\/05\/decretan-estado-de-emergencia-en-haiti-luego-de-que-bandas-armadas-asaltaron-una-carcel-y-liberaron-a-centenares-de-presos\/","title":{"rendered":"Decretan estado de emergencia en Hait\u00ed, luego de que bandas armadas asaltaron una c\u00e1rcel y liberaron a centenares de presos"},"content":{"rendered":"<p><img loading=\"lazy\" decoding=\"async\" class=\"alignnone size-custom-big-size wp-image-516212\" src=\"https:\/\/diarioelpopular.com\/wp-content\/uploads\/2024\/03\/Screen-Shot-2024-03-05-at-9.25.52-AM-1200x678.png\" alt=\"\" width=\"1200\" height=\"678\" srcset=\"https:\/\/diarioelpopular.com\/wp-content\/uploads\/2024\/03\/Screen-Shot-2024-03-05-at-9.25.52-AM-1200x678.png 1200w, https:\/\/diarioelpopular.com\/wp-content\/uploads\/2024\/03\/Screen-Shot-2024-03-05-at-9.25.52-AM-300x170.png 300w, https:\/\/diarioelpopular.com\/wp-content\/uploads\/2024\/03\/Screen-Shot-2024-03-05-at-9.25.52-AM-768x434.png 768w, https:\/\/diarioelpopular.com\/wp-content\/uploads\/2024\/03\/Screen-Shot-2024-03-05-at-9.25.52-AM-636x359.png 636w, https:\/\/diarioelpopular.com\/wp-content\/uploads\/2024\/03\/Screen-Shot-2024-03-05-at-9.25.52-AM-129x73.png 129w, https:\/\/diarioelpopular.com\/wp-content\/uploads\/2024\/03\/Screen-Shot-2024-03-05-at-9.25.52-AM.png 1024w\" sizes=\"auto, (max-width: 1200px) 100vw, 1200px\" \/><\/p>\n<h5><em>Durante los \u00faltimos d\u00edas, Hait\u00ed ha estado envuelto en violencia.<\/em><\/h5>\n<p>&nbsp;<\/p>\n<p>&nbsp;<\/p>\n<div class=\"bbc-19j92fr ebmt73l0\" dir=\"ltr\">\n<ul>\n<li class=\"bbc-hhl7in e17g058b0\" dir=\"ltr\"><em><b>El gobierno de Hait\u00ed decret\u00f3 el estado de emergencia por 72 horas en Puerto Pr\u00edncipe y sus alrededores, luego de que bandas armadas irrumpieron en la principal c\u00e1rcel del pa\u00eds, facilitando la fuga de centenares de reclusos.<\/b><\/em><\/li>\n<\/ul>\n<\/div>\n<div class=\"bbc-19j92fr ebmt73l0\" dir=\"ltr\">\n<p dir=\"ltr\">\n<p class=\"bbc-hhl7in e17g058b0\" dir=\"ltr\">La medida incluye la imposici\u00f3n de un toque de queda nocturno hasta el mi\u00e9rcoles.<\/p>\n<\/div>\n<div class=\"bbc-19j92fr ebmt73l0\" dir=\"ltr\">\n<p class=\"bbc-hhl7in e17g058b0\" dir=\"ltr\">La noche del s\u00e1bado, escaparon de la Penitenciar\u00eda Nacional de Puerto Pr\u00edncipe la mayor parte de los aproximadamente 3.800 hombres detenidos all\u00ed, seg\u00fan dijo un periodista local.<\/p>\n<\/div>\n<div class=\"bbc-19j92fr ebmt73l0\" dir=\"ltr\">\n<p class=\"bbc-hhl7in e17g058b0\" dir=\"ltr\">La violencia en Hait\u00ed, el pa\u00eds m\u00e1s pobre de Am\u00e9rica, ha empeorado en los \u00faltimos a\u00f1os. Las pandillas que pretenden derrocar al primer ministro Ariel Henry controlan el 80% de Puerto Pr\u00edncipe.<\/p>\n<\/div>\n<section class=\"bbc-geybui\" role=\"region\" aria-label=\"Publicidad 2\" aria-hidden=\"true\" data-e2e=\"advertisement\"><\/section>\n<div class=\"bbc-19j92fr ebmt73l0\" dir=\"ltr\">\n<p class=\"bbc-hhl7in e17g058b0\" dir=\"ltr\">Construida para unos 700 detenidos, esta c\u00e1rcel albergaba unos 3.687 presos\u00a0en febrero pasado, de acuerdo con cifras de la ONG Red Nacional de Defensa de los Derechos Humanos (RNDDH, por sus siglas en franc\u00e9s).<\/p>\n<\/div>\n<div class=\"bbc-1n4f7vm ebmt73l0\" dir=\"ltr\"><\/div>\n<div class=\"bbc-19j92fr ebmt73l0\" dir=\"ltr\">\n<p class=\"bbc-hhl7in e17g058b0\" dir=\"ltr\">Los principales sindicatos policiales hab\u00edan pedido ayuda a los militares para reforzar la seguridad de la prisi\u00f3n para evitar la fuga de los detenidos, la mayor parte de los cuales son considerados como de alto perfil.<\/p>\n<\/div>\n<div class=\"bbc-19j92fr ebmt73l0\" dir=\"ltr\">\n<p class=\"bbc-hhl7in e17g058b0\" dir=\"ltr\">Finalmente, los grupos armados irrumpieron la noche del s\u00e1bado.<\/p>\n<\/div>\n<div class=\"bbc-19j92fr ebmt73l0\" dir=\"ltr\">\n<p class=\"bbc-hhl7in e17g058b0\" dir=\"ltr\">De acuerdo con la agencia Reuters, los polic\u00edas que estaban destinados a cuidar la c\u00e1rcel abandonaron sus instalaciones y todav\u00eda el domingo en la ma\u00f1ana no hab\u00eda indicios de presencia policial en la instalaci\u00f3n.<\/p>\n<\/div>\n<div class=\"bbc-19j92fr ebmt73l0\" dir=\"ltr\">\n<p class=\"bbc-hhl7in e17g058b0\" dir=\"ltr\">Un periodista de la agencia AFP que visit\u00f3 el penal ha dicho que observ\u00f3 una docena de cuerpos tirados en las afueras del centro.<\/p>\n<\/div>\n<div class=\"bbc-19j92fr ebmt73l0\" dir=\"ltr\">\n<p class=\"bbc-hhl7in e17g058b0\" dir=\"ltr\">Puerto Pr\u00edncipe ha vivido una situaci\u00f3n de zozobra, luego de que Jimmy Cherizier, un ex oficial de polic\u00eda que lidera una de las principales bandas armadas del pa\u00eds, hizo un llamado a los distintos grupos armados a unirse para derrocar al primer ministro, Ariel Henry.<\/p>\n<\/div>\n<div class=\"bbc-19j92fr ebmt73l0\" dir=\"ltr\">\n<p class=\"bbc-hhl7in e17g058b0\" dir=\"ltr\">&#8220;Todos nosotros, los grupos armados de las ciudades de provincia y los grupos armados de la capital, estamos unidos&#8221;, afirm\u00f3 el ex polic\u00eda -tambi\u00e9n conocido como Jimmy \u201cBarbecue\u201d- considerado responsable de varias masacres en Puerto Pr\u00edncipe.<\/p>\n<\/div>\n<div class=\"bbc-19j92fr ebmt73l0\" dir=\"ltr\">\n<p class=\"bbc-hhl7in e17g058b0\" dir=\"ltr\">El \u00faltimo recrudecimiento de la violencia comenz\u00f3 el jueves, cuando el primer ministro viaj\u00f3 a Nairobi para discutir el env\u00edo a Hait\u00ed de una fuerza de seguridad multinacional liderada por Kenia.<\/p>\n<\/div>\n<div class=\"bbc-19j92fr ebmt73l0\" dir=\"ltr\">\n<p class=\"bbc-hhl7in e17g058b0\" dir=\"ltr\">El viernes, el presidente de Kenia, William Ruto, dijo que \u00e9l y Henry hab\u00edan firmado un acuerdo y estaban trabajando para acelerar el despliegue.<\/p>\n<\/div>\n<div class=\"bbc-19j92fr ebmt73l0\" dir=\"ltr\">\n<p class=\"bbc-hhl7in e17g058b0\" dir=\"ltr\">En enero, la ONU dijo que m\u00e1s de 8.400 personas fueron v\u00edctimas de la violencia de las pandillas en Hait\u00ed el a\u00f1o pasado, incluidos asesinatos, heridos y secuestros, m\u00e1s del doble de las cifras observadas en 2022.<\/p>\n<\/div>\n<div class=\"bbc-19j92fr ebmt73l0\" dir=\"ltr\">\n<h2 id=\"Presos-que-se-quedan-voluntariamente\" class=\"bbc-1f03ibc eglt09e0\" tabindex=\"-1\">Presos que se quedan voluntariamente<\/h2>\n<\/div>\n<figure class=\"bbc-1qn0xuy\">\n<div class=\"bbc-150aj0n\"><picture><img loading=\"lazy\" decoding=\"async\" class=\"bbc-139onq\" src=\"https:\/\/ichef.bbci.co.uk\/ace\/ws\/640\/cpsprodpb\/e696\/live\/88af3f20-d9ad-11ee-9a5b-e35447f6c53b.png\" sizes=\"auto, (min-width: 1008px) 760px, 100vw\" srcset=\"https:\/\/ichef.bbci.co.uk\/ace\/ws\/240\/cpsprodpb\/e696\/live\/88af3f20-d9ad-11ee-9a5b-e35447f6c53b.png 240w, https:\/\/ichef.bbci.co.uk\/ace\/ws\/320\/cpsprodpb\/e696\/live\/88af3f20-d9ad-11ee-9a5b-e35447f6c53b.png 320w, https:\/\/ichef.bbci.co.uk\/ace\/ws\/480\/cpsprodpb\/e696\/live\/88af3f20-d9ad-11ee-9a5b-e35447f6c53b.png 480w, https:\/\/ichef.bbci.co.uk\/ace\/ws\/624\/cpsprodpb\/e696\/live\/88af3f20-d9ad-11ee-9a5b-e35447f6c53b.png 624w, https:\/\/ichef.bbci.co.uk\/ace\/ws\/800\/cpsprodpb\/e696\/live\/88af3f20-d9ad-11ee-9a5b-e35447f6c53b.png 800w\" alt=\"Puerta de la Penitenciar\u00eda Nacional de Puerto Pr\u00edncipe.\" width=\"1500\" height=\"1000\" \/><\/picture><\/div><figcaption class=\"bbc-1jsyunq e6i104o0\" dir=\"ltr\">\n<h5><em>La ma\u00f1ana de este domingo, la puerta de la penitenciar\u00eda permanec\u00eda abierta.<\/em><\/h5>\n<\/figcaption><\/figure>\n<div class=\"bbc-19j92fr ebmt73l0\" dir=\"ltr\">\n<p dir=\"ltr\">\n<p dir=\"ltr\">\n<p class=\"bbc-hhl7in e17g058b0\" dir=\"ltr\">Pero, aunque las rejas estaban abiertas y al parecer la c\u00e1rcel carec\u00eda de vigilancia, no todos los detenidos quisieron escapar.<\/p>\n<\/div>\n<div class=\"bbc-19j92fr ebmt73l0\" dir=\"ltr\">\n<p class=\"bbc-hhl7in e17g058b0\" dir=\"ltr\">Algunos optaron por quedarse dentro de la prisi\u00f3n, por considerar que all\u00ed estar\u00edan m\u00e1s seguros que en las calles.<\/p>\n<\/div>\n<div class=\"bbc-19j92fr ebmt73l0\" dir=\"ltr\">\n<p class=\"bbc-hhl7in e17g058b0\" dir=\"ltr\">Un trabajador penitenciario voluntario dijo a Reuters que 99 prisioneros, incluidos ex soldados colombianos encarcelados por el asesinato del presidente Jovenel Mo\u00efse,\u00a0hab\u00edan optado por permanecer en sus celdas por temor a morir en el fuego cruzado.<\/p>\n<\/div>\n<div class=\"bbc-19j92fr ebmt73l0\" dir=\"ltr\">\n<p class=\"bbc-hhl7in e17g058b0\" dir=\"ltr\">Desde el asesinato de Mo\u00efse en 2021, la violencia ha sido generalizada en Hait\u00ed.<\/p>\n<\/div>\n<div class=\"bbc-19j92fr ebmt73l0\" dir=\"ltr\">\n<p class=\"bbc-hhl7in e17g058b0\" dir=\"ltr\">El fallecido mandatario no ha sido reemplazado y no se han celebrado elecciones desde 2016.<\/p>\n<\/div>\n<div class=\"bbc-19j92fr ebmt73l0\" dir=\"ltr\">\n<p class=\"bbc-hhl7in e17g058b0\" dir=\"ltr\">Seg\u00fan un acuerdo elaborado tras la muerte de Mo\u00efse, estaba previsto que se celebrar\u00edan elecciones para escoger nuevas autoridades y Henry, quien ocupa el cargo sin haber sido votado en las urnas, deb\u00eda dimitir el 7 de febrero, pero eso no sucedi\u00f3.<\/p>\n<\/div>\n","protected":false},"excerpt":{"rendered":"<p>Durante los \u00faltimos d\u00edas, Hait\u00ed ha estado envuelto en violencia. &nbsp; &nbsp; El gobierno de Hait\u00ed decret\u00f3 el estado de emergencia por 72 horas en&hellip;<\/p>\n","protected":false},"author":99,"featured_media":516212,"comment_status":"open","ping_status":"open","sticky":false,"template":"","format":"standard","meta":{"footnotes":""},"categories":[24],"tags":[],"class_list":["post-516211","post","type-post","status-publish","format-standard","has-post-thumbnail","hentry","category-mundo"],"_links":{"self":[{"href":"https:\/\/diarioelpopular.com\/index.php\/wp-json\/wp\/v2\/posts\/516211","targetHints":{"allow":["GET"]}}],"collection":[{"href":"https:\/\/diarioelpopular.com\/index.php\/wp-json\/wp\/v2\/posts"}],"about":[{"href":"https:\/\/diarioelpopular.com\/index.php\/wp-json\/wp\/v2\/types\/post"}],"author":[{"embeddable":true,"href":"https:\/\/diarioelpopular.com\/index.php\/wp-json\/wp\/v2\/users\/99"}],"replies":[{"embeddable":true,"href":"https:\/\/diarioelpopular.com\/index.php\/wp-json\/wp\/v2\/comments?post=516211"}],"version-history":[{"count":1,"href":"https:\/\/diarioelpopular.com\/index.php\/wp-json\/wp\/v2\/posts\/516211\/revisions"}],"predecessor-version":[{"id":516213,"href":"https:\/\/diarioelpopular.com\/index.php\/wp-json\/wp\/v2\/posts\/516211\/revisions\/516213"}],"wp:featuredmedia":[{"embeddable":true,"href":"https:\/\/diarioelpopular.com\/index.php\/wp-json\/wp\/v2\/media\/516212"}],"wp:attachment":[{"href":"https:\/\/diarioelpopular.com\/index.php\/wp-json\/wp\/v2\/media?parent=516211"}],"wp:term":[{"taxonomy":"category","embeddable":true,"href":"https:\/\/diarioelpopular.com\/index.php\/wp-json\/wp\/v2\/categories?post=516211"},{"taxonomy":"post_tag","embeddable":true,"href":"https:\/\/diarioelpopular.com\/index.php\/wp-json\/wp\/v2\/tags?post=516211"}],"curies":[{"name":"wp","href":"https:\/\/api.w.org\/{rel}","templated":true}]}}