{"id":516223,"date":"2024-03-06T10:21:14","date_gmt":"2024-03-06T14:21:14","guid":{"rendered":"https:\/\/diarioelpopular.com\/?p=516223"},"modified":"2024-03-06T10:21:14","modified_gmt":"2024-03-06T14:21:14","slug":"ex-empleada-de-value-village-habla-sobre-su-experiencia","status":"publish","type":"post","link":"https:\/\/diarioelpopular.com\/index.php\/2024\/03\/06\/ex-empleada-de-value-village-habla-sobre-su-experiencia\/","title":{"rendered":"Ex empleada de Value Village habla sobre su experiencia"},"content":{"rendered":"<p><img loading=\"lazy\" decoding=\"async\" class=\"alignnone size-custom-full-size wp-image-516224\" src=\"https:\/\/diarioelpopular.com\/wp-content\/uploads\/2024\/03\/Screen-Shot-2024-03-06-at-9.20.40-AM-636x420.png\" alt=\"\" width=\"636\" height=\"420\" srcset=\"https:\/\/diarioelpopular.com\/wp-content\/uploads\/2024\/03\/Screen-Shot-2024-03-06-at-9.20.40-AM-636x420.png 636w, https:\/\/diarioelpopular.com\/wp-content\/uploads\/2024\/03\/Screen-Shot-2024-03-06-at-9.20.40-AM-300x198.png 300w, https:\/\/diarioelpopular.com\/wp-content\/uploads\/2024\/03\/Screen-Shot-2024-03-06-at-9.20.40-AM-768x508.png 768w, https:\/\/diarioelpopular.com\/wp-content\/uploads\/2024\/03\/Screen-Shot-2024-03-06-at-9.20.40-AM-85x55.png 85w, https:\/\/diarioelpopular.com\/wp-content\/uploads\/2024\/03\/Screen-Shot-2024-03-06-at-9.20.40-AM-110x73.png 110w, https:\/\/diarioelpopular.com\/wp-content\/uploads\/2024\/03\/Screen-Shot-2024-03-06-at-9.20.40-AM.png 832w\" sizes=\"auto, (max-width: 636px) 100vw, 636px\" \/><\/p>\n<p>&nbsp;<\/p>\n<p>&nbsp;<\/p>\n<p>Las tiendas de segunda mano, Value Village se ha enfrentado a un serio problema de imagen despu\u00e9s de haber sido criticado en repetidas veces por problemas de higiene y por vender productos demasiado caros y que se consiguen en Dollarama por mucho menos.<\/p>\n<p>Una ex empleada comparte c\u00f3mo es trabajar en la cadena de tiendas de segunda mano y arroja luz sobre estos temas.<\/p>\n<p>Jennifer (no es su verdadero nombre) trabaj\u00f3 en Value Village en el verano de 2023.<\/p>\n<p>&#8220;Me contrataron como clasificadora&#8221;, explic\u00f3. &#8220;B\u00e1sicamente, me contrataron para clasificar art\u00edculos en el departamento miscel\u00e1neo&#8221;.<\/p>\n<p>Dijo que le agradaban sus compa\u00f1eros de trabajo y sus supervisores de bajo nivel, pero que ten\u00eda problemas con algunos aspectos del trabajo.<\/p>\n<p>&#8220;Tuve problemas con la cuota y la suciedad&#8221;, comparti\u00f3. Jennifer dijo que ten\u00eda que clasificar alrededor de 250 libras de art\u00edculos diariamente como parte de su cuota.<\/p>\n<p>Cuando se le pregunt\u00f3 sobre el procedimiento de limpieza est\u00e1ndar de la empresa, Jennifer respondi\u00f3: &#8220;\u00bfQui\u00e9n le dijo que aqu\u00ed exist\u00eda un procedimiento de limpieza est\u00e1ndar?&#8221;<\/p>\n<p>&#8220;Ten\u00edamos una botella con atomizador de alg\u00fan limpiador y un trapo. Se usaban principalmente para limpiar la mesa al final de nuestro turno. No se lava la ropa. No se registran los bolsillos. No se limpian los art\u00edculos&#8221;, a\u00f1adi\u00f3.<\/p>\n<p>Seg\u00fan su experiencia, los art\u00edculos rotos se reciclan o se desechan.<\/p>\n<p>Para fijar el precio de los art\u00edculos, los empleados ten\u00edan que buscar en Internet el valor de los art\u00edculos y asignarlos en consecuencia, especialmente &#8220;cuando son art\u00edculos caros&#8221;.<\/p>\n<p>&#8220;Estos art\u00edculos todos donados, junto con las joyas, se guardan bajo llave en vitrinas despu\u00e9s de fijar su precio&#8221;, dijo.<\/p>\n<p>Seg\u00fan Jennifer, Value Village apoya a organizaciones ben\u00e9ficas comprando algunos productos por peso; los art\u00edculos se enumeran a un costo m\u00e1s alto y los art\u00edculos no deseados se venden a otros pa\u00edses.<\/p>\n<p>Despu\u00e9s de trabajar all\u00ed durante solo unos meses, y al quejarse de las condiciones, Jennifer fue despedida de Value Village.<\/p>\n<p>&#8220;Me despidieron por defenderme de acusaciones de que no trabajar\u00eda m\u00e1s r\u00e1pido que mi propio ritmo&#8221;, dijo.<\/p>\n<p>Jennifer es una de los muchos ex empleados de estos negocios de segunda mano que han recurrido a las redes sociales para compartir sus experiencias y los abusos hacia el consumidor, que cree estar adquiriendo gangas cuando en realidad es todo lo contrario.<\/p>\n<p>Jennifer finaliz\u00f3 diciendo: &#8220;No volver\u00eda a trabajar all\u00ed&#8221;.<\/p>\n","protected":false},"excerpt":{"rendered":"<p>&nbsp; &nbsp; Las tiendas de segunda mano, Value Village se ha enfrentado a un serio problema de imagen despu\u00e9s de haber sido criticado en repetidas&hellip;<\/p>\n","protected":false},"author":99,"featured_media":516224,"comment_status":"open","ping_status":"open","sticky":false,"template":"","format":"standard","meta":{"footnotes":""},"categories":[21],"tags":[],"class_list":["post-516223","post","type-post","status-publish","format-standard","has-post-thumbnail","hentry","category-canada"],"_links":{"self":[{"href":"https:\/\/diarioelpopular.com\/index.php\/wp-json\/wp\/v2\/posts\/516223","targetHints":{"allow":["GET"]}}],"collection":[{"href":"https:\/\/diarioelpopular.com\/index.php\/wp-json\/wp\/v2\/posts"}],"about":[{"href":"https:\/\/diarioelpopular.com\/index.php\/wp-json\/wp\/v2\/types\/post"}],"author":[{"embeddable":true,"href":"https:\/\/diarioelpopular.com\/index.php\/wp-json\/wp\/v2\/users\/99"}],"replies":[{"embeddable":true,"href":"https:\/\/diarioelpopular.com\/index.php\/wp-json\/wp\/v2\/comments?post=516223"}],"version-history":[{"count":1,"href":"https:\/\/diarioelpopular.com\/index.php\/wp-json\/wp\/v2\/posts\/516223\/revisions"}],"predecessor-version":[{"id":516225,"href":"https:\/\/diarioelpopular.com\/index.php\/wp-json\/wp\/v2\/posts\/516223\/revisions\/516225"}],"wp:featuredmedia":[{"embeddable":true,"href":"https:\/\/diarioelpopular.com\/index.php\/wp-json\/wp\/v2\/media\/516224"}],"wp:attachment":[{"href":"https:\/\/diarioelpopular.com\/index.php\/wp-json\/wp\/v2\/media?parent=516223"}],"wp:term":[{"taxonomy":"category","embeddable":true,"href":"https:\/\/diarioelpopular.com\/index.php\/wp-json\/wp\/v2\/categories?post=516223"},{"taxonomy":"post_tag","embeddable":true,"href":"https:\/\/diarioelpopular.com\/index.php\/wp-json\/wp\/v2\/tags?post=516223"}],"curies":[{"name":"wp","href":"https:\/\/api.w.org\/{rel}","templated":true}]}}