{"id":516227,"date":"2024-03-06T10:34:58","date_gmt":"2024-03-06T14:34:58","guid":{"rendered":"https:\/\/diarioelpopular.com\/?p=516227"},"modified":"2024-03-06T10:34:58","modified_gmt":"2024-03-06T14:34:58","slug":"el-papa-francisco-nombra-a-un-ex-juez-para-investigar-a-cardenal-de-quebec-que-enfrenta-acusaciones-sexuales","status":"publish","type":"post","link":"https:\/\/diarioelpopular.com\/index.php\/2024\/03\/06\/el-papa-francisco-nombra-a-un-ex-juez-para-investigar-a-cardenal-de-quebec-que-enfrenta-acusaciones-sexuales\/","title":{"rendered":"El Papa Francisco nombra a un ex juez para investigar a cardenal de Quebec que enfrenta acusaciones sexuales"},"content":{"rendered":"<p><img loading=\"lazy\" decoding=\"async\" class=\"alignnone size-custom-full-size wp-image-516228\" src=\"https:\/\/diarioelpopular.com\/wp-content\/uploads\/2024\/03\/Screen-Shot-2024-03-06-at-9.34.26-AM-636x476.png\" alt=\"\" width=\"636\" height=\"476\" srcset=\"https:\/\/diarioelpopular.com\/wp-content\/uploads\/2024\/03\/Screen-Shot-2024-03-06-at-9.34.26-AM-636x476.png 636w, https:\/\/diarioelpopular.com\/wp-content\/uploads\/2024\/03\/Screen-Shot-2024-03-06-at-9.34.26-AM-300x224.png 300w, https:\/\/diarioelpopular.com\/wp-content\/uploads\/2024\/03\/Screen-Shot-2024-03-06-at-9.34.26-AM-768x574.png 768w, https:\/\/diarioelpopular.com\/wp-content\/uploads\/2024\/03\/Screen-Shot-2024-03-06-at-9.34.26-AM-98x73.png 98w, https:\/\/diarioelpopular.com\/wp-content\/uploads\/2024\/03\/Screen-Shot-2024-03-06-at-9.34.26-AM.png 848w\" sizes=\"auto, (max-width: 636px) 100vw, 636px\" \/><\/p>\n<p>&nbsp;<\/p>\n<p>&nbsp;<\/p>\n<p>&nbsp;<\/p>\n<ul>\n<li><em><strong>El arzobispo de la ciudad de Quebec, de 66 a\u00f1os, nuevamente neg\u00f3 las acusaciones y calific\u00f3 la afirmaci\u00f3n de &#8220;infundada&#8221;.<\/strong><\/em><\/li>\n<\/ul>\n<p>&nbsp;<\/p>\n<p>El Papa Francisco nombr\u00f3 a un juez retirado del Tribunal Superior de Quebec para investigar las acusaciones de tocamientos sexuales contra un alto l\u00edder de la Iglesia Cat\u00f3lica Romana de la provincia.<\/p>\n<p>En una carta de mandato del 8 de febrero, Francisco pidi\u00f3 a Andr\u00e9 Denis que llevara a cabo una investigaci\u00f3n sobre \u201clos hechos, las circunstancias y la imputabilidad\u201d de las acusaciones contra el cardenal G\u00e9rald Lacroix.<\/p>\n<p><em><strong>Contenido del art\u00edculo<\/strong><\/em><br \/>\nLas acusaciones contra Lacroix surgieron en enero cuando fue nombrado autor de una demanda colectiva que alegaba agresi\u00f3n sexual por parte del clero y el personal que estaban bajo la supervisi\u00f3n de la arquidi\u00f3cesis de la ciudad de Quebec.<\/p>\n<p>El arzobispo de la ciudad de Quebec, de 66 a\u00f1os, neg\u00f3 las acusaciones, que implican contacto sexual con un adolescente en la d\u00e9cada de 1980, y describi\u00f3 la afirmaci\u00f3n como \u201cinfundada\u201d.<\/p>\n<p>Denis dice que est\u00e1 recopilando toda la informaci\u00f3n que pueda sobre los presuntos hechos y planea presentar un informe detallado al Papa lo antes posible.<\/p>\n<p>La demanda colectiva fue autorizada por el Tribunal Superior de Quebec en 2022 y cubre a cualquier persona que haya sido agredida sexualmente por cl\u00e9rigos o personal laico en la di\u00f3cesis, desde 1940.<\/p>\n","protected":false},"excerpt":{"rendered":"<p>&nbsp; &nbsp; &nbsp; El arzobispo de la ciudad de Quebec, de 66 a\u00f1os, nuevamente neg\u00f3 las acusaciones y calific\u00f3 la afirmaci\u00f3n de &#8220;infundada&#8221;. &nbsp; El&hellip;<\/p>\n","protected":false},"author":99,"featured_media":516228,"comment_status":"open","ping_status":"open","sticky":false,"template":"","format":"standard","meta":{"footnotes":""},"categories":[21],"tags":[],"class_list":["post-516227","post","type-post","status-publish","format-standard","has-post-thumbnail","hentry","category-canada"],"_links":{"self":[{"href":"https:\/\/diarioelpopular.com\/index.php\/wp-json\/wp\/v2\/posts\/516227","targetHints":{"allow":["GET"]}}],"collection":[{"href":"https:\/\/diarioelpopular.com\/index.php\/wp-json\/wp\/v2\/posts"}],"about":[{"href":"https:\/\/diarioelpopular.com\/index.php\/wp-json\/wp\/v2\/types\/post"}],"author":[{"embeddable":true,"href":"https:\/\/diarioelpopular.com\/index.php\/wp-json\/wp\/v2\/users\/99"}],"replies":[{"embeddable":true,"href":"https:\/\/diarioelpopular.com\/index.php\/wp-json\/wp\/v2\/comments?post=516227"}],"version-history":[{"count":1,"href":"https:\/\/diarioelpopular.com\/index.php\/wp-json\/wp\/v2\/posts\/516227\/revisions"}],"predecessor-version":[{"id":516229,"href":"https:\/\/diarioelpopular.com\/index.php\/wp-json\/wp\/v2\/posts\/516227\/revisions\/516229"}],"wp:featuredmedia":[{"embeddable":true,"href":"https:\/\/diarioelpopular.com\/index.php\/wp-json\/wp\/v2\/media\/516228"}],"wp:attachment":[{"href":"https:\/\/diarioelpopular.com\/index.php\/wp-json\/wp\/v2\/media?parent=516227"}],"wp:term":[{"taxonomy":"category","embeddable":true,"href":"https:\/\/diarioelpopular.com\/index.php\/wp-json\/wp\/v2\/categories?post=516227"},{"taxonomy":"post_tag","embeddable":true,"href":"https:\/\/diarioelpopular.com\/index.php\/wp-json\/wp\/v2\/tags?post=516227"}],"curies":[{"name":"wp","href":"https:\/\/api.w.org\/{rel}","templated":true}]}}