{"id":516249,"date":"2024-03-06T11:00:50","date_gmt":"2024-03-06T15:00:50","guid":{"rendered":"https:\/\/diarioelpopular.com\/?p=516249"},"modified":"2024-03-06T11:00:50","modified_gmt":"2024-03-06T15:00:50","slug":"5-razones-que-explican-por-que-trump-sigue-siendo-el-candidato-que-quieren-los-republicanos-pese-a-perder-en-2020","status":"publish","type":"post","link":"https:\/\/diarioelpopular.com\/index.php\/2024\/03\/06\/5-razones-que-explican-por-que-trump-sigue-siendo-el-candidato-que-quieren-los-republicanos-pese-a-perder-en-2020\/","title":{"rendered":"5 razones que explican por qu\u00e9 Trump sigue siendo el candidato que quieren los republicanos pese a perder en 2020"},"content":{"rendered":"<p><img loading=\"lazy\" decoding=\"async\" class=\"alignnone size-custom-big-size wp-image-516250\" src=\"https:\/\/diarioelpopular.com\/wp-content\/uploads\/2024\/03\/Screen-Shot-2024-03-06-at-10.00.04-AM-1200x642.png\" alt=\"\" width=\"1200\" height=\"642\" srcset=\"https:\/\/diarioelpopular.com\/wp-content\/uploads\/2024\/03\/Screen-Shot-2024-03-06-at-10.00.04-AM-1200x642.png 1200w, https:\/\/diarioelpopular.com\/wp-content\/uploads\/2024\/03\/Screen-Shot-2024-03-06-at-10.00.04-AM-300x160.png 300w, https:\/\/diarioelpopular.com\/wp-content\/uploads\/2024\/03\/Screen-Shot-2024-03-06-at-10.00.04-AM-768x411.png 768w, https:\/\/diarioelpopular.com\/wp-content\/uploads\/2024\/03\/Screen-Shot-2024-03-06-at-10.00.04-AM-636x340.png 636w, https:\/\/diarioelpopular.com\/wp-content\/uploads\/2024\/03\/Screen-Shot-2024-03-06-at-10.00.04-AM-136x73.png 136w, https:\/\/diarioelpopular.com\/wp-content\/uploads\/2024\/03\/Screen-Shot-2024-03-06-at-10.00.04-AM.png 1024w\" sizes=\"auto, (max-width: 1200px) 100vw, 1200px\" \/><\/p>\n<h5><em>Es muy posible que, por tercera vez, Donald Trump sea el candidato republicano a las elecciones presidenciales en EE.UU.<\/em><\/h5>\n<p>&nbsp;<\/p>\n<p>&nbsp;<\/p>\n<div class=\"bbc-19j92fr ebmt73l0\" dir=\"ltr\">\n<ul>\n<li class=\"bbc-hhl7in e17g058b0\" dir=\"ltr\"><em><b>No importa si lo odias o lo amas, Donald Trump est\u00e1 de vuelta.<\/b><\/em><\/li>\n<\/ul>\n<\/div>\n<div class=\"bbc-19j92fr ebmt73l0\" dir=\"ltr\">\n<p dir=\"ltr\">\n<p class=\"bbc-hhl7in e17g058b0\" dir=\"ltr\">El expresidente de EE.UU. es el favorito, de largo, para convertirse en el candidato republicano a las elecciones presidenciales del pr\u00f3ximo mes de noviembre.<\/p>\n<\/div>\n<div class=\"bbc-19j92fr ebmt73l0\" dir=\"ltr\">\n<p class=\"bbc-hhl7in e17g058b0\" dir=\"ltr\">Especialmente despu\u00e9s de sus victorias en el &#8220;supermartes&#8221;, en el que los medios en EE.UU. proyectan que se impuso en la mayor\u00eda de las primarias del Partido Republicano celebradas en una decenas de estados a su \u00fanica rival, la exembajadora de EE.UU. ante la ONU Nikki Haley.<\/p>\n<\/div>\n<div class=\"bbc-19j92fr ebmt73l0\" dir=\"ltr\">\n<p class=\"bbc-hhl7in e17g058b0\" dir=\"ltr\">Si Trump logra conseguir la nominaci\u00f3n republicana y despu\u00e9s vence a su rival dem\u00f3crata en las elecciones del 5 de noviembre, ser\u00e1 el primer presidente en m\u00e1s de un siglo en EE.UU. en perder una elecci\u00f3n y regresar cuatro a\u00f1os m\u00e1s tarde al poder.<\/p>\n<\/div>\n<section class=\"bbc-geybui\" role=\"region\" aria-label=\"Publicidad 2\" aria-hidden=\"true\" data-e2e=\"advertisement\"><\/section>\n<div class=\"bbc-19j92fr ebmt73l0\" dir=\"ltr\">\n<p class=\"bbc-hhl7in e17g058b0\" dir=\"ltr\">El \u00faltimo mandatario que lo hizo fue Grover Cleveland en 1892.<\/p>\n<\/div>\n<div class=\"bbc-1n4f7vm ebmt73l0\" dir=\"ltr\"><\/div>\n<div class=\"bbc-19j92fr ebmt73l0\" dir=\"ltr\">\n<p class=\"bbc-hhl7in e17g058b0\" dir=\"ltr\">Las victorias de Trump en las primarias celebradas hasta la fecha son un signo de que su popularidad es muy alta dentro del Partido Republicano.<\/p>\n<\/div>\n<div class=\"bbc-19j92fr ebmt73l0\" dir=\"ltr\">\n<p class=\"bbc-hhl7in e17g058b0\" dir=\"ltr\">\n<\/div>\n<figure class=\"bbc-1qn0xuy\">\n<div class=\"bbc-150aj0n\"><picture><img loading=\"lazy\" decoding=\"async\" class=\"bbc-139onq\" src=\"https:\/\/ichef.bbci.co.uk\/ace\/ws\/640\/cpsprodpb\/da53\/live\/cbe38090-bab7-11ee-ace0-c35c1b4f6d82.jpg\" sizes=\"auto, (min-width: 1008px) 760px, 100vw\" srcset=\"https:\/\/ichef.bbci.co.uk\/ace\/ws\/240\/cpsprodpb\/da53\/live\/cbe38090-bab7-11ee-ace0-c35c1b4f6d82.jpg 240w, https:\/\/ichef.bbci.co.uk\/ace\/ws\/320\/cpsprodpb\/da53\/live\/cbe38090-bab7-11ee-ace0-c35c1b4f6d82.jpg 320w, https:\/\/ichef.bbci.co.uk\/ace\/ws\/480\/cpsprodpb\/da53\/live\/cbe38090-bab7-11ee-ace0-c35c1b4f6d82.jpg 480w, https:\/\/ichef.bbci.co.uk\/ace\/ws\/624\/cpsprodpb\/da53\/live\/cbe38090-bab7-11ee-ace0-c35c1b4f6d82.jpg 624w, https:\/\/ichef.bbci.co.uk\/ace\/ws\/800\/cpsprodpb\/da53\/live\/cbe38090-bab7-11ee-ace0-c35c1b4f6d82.jpg 800w\" alt=\"Hombre llenando un tanque de gasolina. \" width=\"976\" height=\"549\" \/><\/picture><\/div><figcaption class=\"bbc-1jsyunq e6i104o0\" dir=\"ltr\">\n<h5><em>El precio de la gasolina es uno de los elementos que mas comentan los ciudadanos en EE.UU. para marcar el estado de la econom\u00eda.<\/em><\/h5>\n<\/figcaption>&nbsp;<\/p>\n<p>&nbsp;<\/p>\n<p>Te contamos 5 razones que explican esto.<\/figure>\n<div class=\"bbc-19j92fr ebmt73l0\" dir=\"ltr\">\n<h2 id=\"1-La-econom\u00eda\" class=\"bbc-1f03ibc eglt09e0\" tabindex=\"-1\">1. La econom\u00eda<\/h2>\n<\/div>\n<div class=\"bbc-19j92fr ebmt73l0\" dir=\"ltr\">\n<p class=\"bbc-hhl7in e17g058b0\" dir=\"ltr\">&#8220;\u00c9l va a hacer que la econom\u00eda vuelva a subir y los precios de la gasolina van a bajar&#8221;, respondi\u00f3 una seguidora de Trump hace unas semanas en Iowa sobre las razones por las que quer\u00eda que volviera a ser presidente.<\/p>\n<\/div>\n<div class=\"bbc-19j92fr ebmt73l0\" dir=\"ltr\">\n<p class=\"bbc-hhl7in e17g058b0\" dir=\"ltr\">No es la \u00fanica que piensa as\u00ed.<\/p>\n<\/div>\n<div class=\"bbc-19j92fr ebmt73l0\" dir=\"ltr\">\n<p class=\"bbc-hhl7in e17g058b0\" dir=\"ltr\">La econom\u00eda ha sido parte del mensaje de Trump en esta campa\u00f1a. Su propio hijo Eric le dijo a la BBC: &#8220;La gente quiere prosperidad y fortalecimiento para este pa\u00eds&#8221;.<\/p>\n<\/div>\n<div class=\"bbc-19j92fr ebmt73l0\" dir=\"ltr\">\n<p class=\"bbc-hhl7in e17g058b0\" dir=\"ltr\">&#8220;Mi padre tuvo el mejor periodo econ\u00f3mico en la historia de este pa\u00eds: la tasa de desempleo m\u00e1s baja, la inflaci\u00f3n m\u00e1s baja, los precios de la gasolina accesibles&#8221;, asegur\u00f3<\/p>\n<\/div>\n<div class=\"bbc-19j92fr ebmt73l0\" dir=\"ltr\">\n<p class=\"bbc-hhl7in e17g058b0\" dir=\"ltr\">Es verdad que la econom\u00eda de EE.UU. pas\u00f3 por un buen momento cuando Trump estuvo en el poder, especialmente antes de la pandemia.<\/p>\n<\/div>\n<div class=\"bbc-19j92fr ebmt73l0\" dir=\"ltr\">\n<p class=\"bbc-hhl7in e17g058b0\" dir=\"ltr\">Pero tambi\u00e9n es cierto que hubo per\u00edodos de mayor prosperidad econ\u00f3mica en algunas fases de la presidencia de Barack Obama (2009-2017).<\/p>\n<\/div>\n<div class=\"bbc-19j92fr ebmt73l0\" dir=\"ltr\">\n<p class=\"bbc-hhl7in e17g058b0\" dir=\"ltr\">Sin embargo, el gobierno de Donald Trump tuvo que enfrentar la crisis de la covid-19, que ha sido uno de los mayores golpes a la econom\u00eda global en las \u00faltimas d\u00e9cadas.<\/p>\n<\/div>\n<div class=\"bbc-19j92fr ebmt73l0\" dir=\"ltr\">\n<p class=\"bbc-hhl7in e17g058b0\" dir=\"ltr\">Durante la presidencia de Joe Biden\u00a0la guerra en Ucrania ha elevado mucho el costo de la energ\u00eda, lo que ha causado un aumento considerable de la inflaci\u00f3n, si bien muchos expertos consideran que esto ya se ha controlado y la econom\u00eda estadounidense est\u00e1 mucho m\u00e1s fuerte de lo que se esperaba el a\u00f1o pasado.<\/p>\n<\/div>\n<div class=\"bbc-19j92fr ebmt73l0\" dir=\"ltr\">\n<h2 id=\"2-Din\u00e1mico-Trump-vs-Joe-el-dormido\" class=\"bbc-1f03ibc eglt09e0\" tabindex=\"-1\">2. &#8220;Din\u00e1mico Trump&#8221; vs &#8220;Joe el dormido&#8221;<\/h2>\n<\/div>\n<figure class=\"bbc-1qn0xuy\">\n<div class=\"bbc-150aj0n\"><picture><img loading=\"lazy\" decoding=\"async\" class=\"bbc-139onq\" src=\"https:\/\/ichef.bbci.co.uk\/ace\/ws\/640\/cpsprodpb\/1076\/live\/ed3ccb70-bab7-11ee-896d-39d9bd3cadbb.jpg\" sizes=\"auto, (min-width: 1008px) 760px, 100vw\" srcset=\"https:\/\/ichef.bbci.co.uk\/ace\/ws\/240\/cpsprodpb\/1076\/live\/ed3ccb70-bab7-11ee-896d-39d9bd3cadbb.jpg 240w, https:\/\/ichef.bbci.co.uk\/ace\/ws\/320\/cpsprodpb\/1076\/live\/ed3ccb70-bab7-11ee-896d-39d9bd3cadbb.jpg 320w, https:\/\/ichef.bbci.co.uk\/ace\/ws\/480\/cpsprodpb\/1076\/live\/ed3ccb70-bab7-11ee-896d-39d9bd3cadbb.jpg 480w, https:\/\/ichef.bbci.co.uk\/ace\/ws\/624\/cpsprodpb\/1076\/live\/ed3ccb70-bab7-11ee-896d-39d9bd3cadbb.jpg 624w, https:\/\/ichef.bbci.co.uk\/ace\/ws\/800\/cpsprodpb\/1076\/live\/ed3ccb70-bab7-11ee-896d-39d9bd3cadbb.jpg 800w\" alt=\"Donald Trump y Joe Biden\" width=\"976\" height=\"549\" \/><\/picture><\/div><figcaption class=\"bbc-1jsyunq e6i104o0\" dir=\"ltr\">\n<h5><em>&#8220;El din\u00e1mico Trump contra Joe el dormido&#8221;, comentan los seguidores del republicano.<\/em><\/h5>\n<\/figcaption><\/figure>\n<div class=\"bbc-19j92fr ebmt73l0\" dir=\"ltr\">\n<p dir=\"ltr\">\n<p dir=\"ltr\">\n<p class=\"bbc-hhl7in e17g058b0\" dir=\"ltr\">La comparaci\u00f3n entre la gesti\u00f3n de Joe Biden y la de Donald Trump favorece a este \u00faltimo, argumenta el que fuera director de comunicaciones de la campa\u00f1a del republicano en 2020, Marc Lotter.<\/p>\n<\/div>\n<div class=\"bbc-19j92fr ebmt73l0\" dir=\"ltr\">\n<p class=\"bbc-hhl7in e17g058b0\" dir=\"ltr\">&#8220;Lo que no tenia Biden en 2020 era una gesti\u00f3n para comparar con la de Trump. Ahora s\u00ed la tiene y a la gente no le gusta&#8221;, dice.<\/p>\n<\/div>\n<div class=\"bbc-19j92fr ebmt73l0\" dir=\"ltr\">\n<p class=\"bbc-hhl7in e17g058b0\" dir=\"ltr\">Para Billy Blathras, seguidor de Trump, lo que m\u00e1s le gusta del expresidente es que es un &#8220;l\u00edder din\u00e1mico&#8221;.<\/p>\n<\/div>\n<div class=\"bbc-19j92fr ebmt73l0\" dir=\"ltr\">\n<p class=\"bbc-hhl7in e17g058b0\" dir=\"ltr\">&#8220;Vimos lo que hizo en su primer gobierno. Queremos eso de vuelta. Hemos visto el retroceso de nuestro pa\u00eds bajo el mandato de Biden&#8221;, se\u00f1ala.<\/p>\n<\/div>\n<div class=\"bbc-19j92fr ebmt73l0\" dir=\"ltr\">\n<p class=\"bbc-hhl7in e17g058b0\" dir=\"ltr\">Y a\u00f1ade:\u00a0&#8220;Queremos el apoyo entusiasta de la gente de EE.UU. que estuvo con \u00e9l cuando era presidente&#8221;.<\/p>\n<\/div>\n<div class=\"bbc-19j92fr ebmt73l0\" dir=\"ltr\">\n<p class=\"bbc-hhl7in e17g058b0\" dir=\"ltr\">Ahora, su pasado como hombre de negocios y celebridad, m\u00e1s all\u00e1 de su carrera pol\u00edtica, sigue siendo un factor clave.<\/p>\n<\/div>\n<div class=\"bbc-19j92fr ebmt73l0\" dir=\"ltr\">\n<p class=\"bbc-hhl7in e17g058b0\" dir=\"ltr\">La personalidad fuerte de Trump es vista por muchos republicanos como un contraste positivo a la personalidad de Biden, a quien los cr\u00edticos llaman &#8220;Joe el dormido&#8221; (<i class=\"bbc-h1y5j7 eih42320\">Sleepy Joe<\/i>, en ingl\u00e9s) despu\u00e9s de que las c\u00e1maras lo captaran con los ojos cerrados durante la cumbre del clima de la COP26.<\/p>\n<\/div>\n<div class=\"bbc-19j92fr ebmt73l0\" dir=\"ltr\">\n<p class=\"bbc-hhl7in e17g058b0\" dir=\"ltr\">Con la casi total seguridad, Biden ser\u00e1 el candidato dem\u00f3crata para las elecciones, y en noviembre se prev\u00e9 una revancha entre \u00e9l y Trump.<\/p>\n<\/div>\n<div class=\"bbc-19j92fr ebmt73l0\" dir=\"ltr\">\n<p class=\"bbc-hhl7in e17g058b0\" dir=\"ltr\">Pero ya sabemos que la \u00faltima vez que ambos compitieron, Biden gan\u00f3.<\/p>\n<\/div>\n<div class=\"bbc-19j92fr ebmt73l0\" dir=\"ltr\">\n<h2 id=\"3-Inmigraci\u00f3n\" class=\"bbc-1f03ibc eglt09e0\" tabindex=\"-1\">3. Inmigraci\u00f3n<\/h2>\n<\/div>\n<figure class=\"bbc-1qn0xuy\">\n<div class=\"bbc-150aj0n\"><picture><img loading=\"lazy\" decoding=\"async\" class=\"bbc-139onq\" src=\"https:\/\/ichef.bbci.co.uk\/ace\/ws\/640\/cpsprodpb\/7a8f\/live\/0d767580-bab8-11ee-896d-39d9bd3cadbb.jpg\" sizes=\"auto, (min-width: 1008px) 760px, 100vw\" srcset=\"https:\/\/ichef.bbci.co.uk\/ace\/ws\/240\/cpsprodpb\/7a8f\/live\/0d767580-bab8-11ee-896d-39d9bd3cadbb.jpg 240w, https:\/\/ichef.bbci.co.uk\/ace\/ws\/320\/cpsprodpb\/7a8f\/live\/0d767580-bab8-11ee-896d-39d9bd3cadbb.jpg 320w, https:\/\/ichef.bbci.co.uk\/ace\/ws\/480\/cpsprodpb\/7a8f\/live\/0d767580-bab8-11ee-896d-39d9bd3cadbb.jpg 480w, https:\/\/ichef.bbci.co.uk\/ace\/ws\/624\/cpsprodpb\/7a8f\/live\/0d767580-bab8-11ee-896d-39d9bd3cadbb.jpg 624w, https:\/\/ichef.bbci.co.uk\/ace\/ws\/800\/cpsprodpb\/7a8f\/live\/0d767580-bab8-11ee-896d-39d9bd3cadbb.jpg 800w\" alt=\"Donald Trump en el muro de la frontera sur de EEUU\" width=\"976\" height=\"549\" \/><\/picture><\/div><figcaption class=\"bbc-1jsyunq e6i104o0\" dir=\"ltr\">\n<h5><em>El tema de la migraci\u00f3n es uno de los favoritos de Trump para crear titulares en los medios.<\/em><\/h5>\n<\/figcaption><\/figure>\n<div class=\"bbc-19j92fr ebmt73l0\" dir=\"ltr\">\n<p dir=\"ltr\">\n<p dir=\"ltr\">\n<p class=\"bbc-hhl7in e17g058b0\" dir=\"ltr\">Cuando Trump dijo que los inmigrantes estaban &#8220;envenenando la sangre de nuestro pa\u00eds&#8221; durante una entrevista con el portal de noticias de tendencia conservadora\u00a0<i class=\"bbc-h1y5j7 eih42320\">The National Pulse<\/i>\u00a0el pasado mes de octubre, Biden lo acus\u00f3 de\u00a0usar una ret\u00f3rica que se hac\u00eda eco de la Alemania nazi.<\/p>\n<\/div>\n<div class=\"bbc-19j92fr ebmt73l0\" dir=\"ltr\">\n<p class=\"bbc-hhl7in e17g058b0\" dir=\"ltr\">&#8220;Trump ha dicho que si \u00e9l regresa a la Casa Blanca, va a ir contra todos aquellos que se oponen a \u00e9l y que va a eliminar a las alima\u00f1as en EE.UU., una frase espec\u00edfica con un significado espec\u00edfico&#8221;, dijo Biden.<\/p>\n<\/div>\n<div class=\"bbc-19j92fr ebmt73l0\" dir=\"ltr\">\n<p class=\"bbc-hhl7in e17g058b0\" dir=\"ltr\">&#8220;Esos son ecos de la Alemania nazi en los a\u00f1os 30. Y no es la primera vez que lo hace&#8221;, a\u00f1adi\u00f3.<\/p>\n<\/div>\n<div class=\"bbc-19j92fr ebmt73l0\" dir=\"ltr\">\n<p class=\"bbc-hhl7in e17g058b0\" dir=\"ltr\">Historiadores y expertos que han estudiado el tema dijeron que\u00a0la comparaci\u00f3n de Biden es acertada.<\/p>\n<\/div>\n<div class=\"bbc-19j92fr ebmt73l0\" dir=\"ltr\">\n<p class=\"bbc-hhl7in e17g058b0\" dir=\"ltr\">&#8220;No es que escuchemos un lenguaje o algo que se parece a la Alemania nazi, es que fue dicho exactamente as\u00ed&#8221;, le dijo a la BBC la profesora Anne Berg, historiadora de la Universidad de Pensilvana.<\/p>\n<\/div>\n<div class=\"bbc-19j92fr ebmt73l0\" dir=\"ltr\">\n<p class=\"bbc-hhl7in e17g058b0\" dir=\"ltr\">Berg se\u00f1ala que esto lo hicieron los nazis una vez llegaron al poder en contra de sus adversarios pol\u00edticos.<\/p>\n<\/div>\n<div class=\"bbc-19j92fr ebmt73l0\" dir=\"ltr\">\n<p class=\"bbc-hhl7in e17g058b0\" dir=\"ltr\">Una encuesta del canal CBS hall\u00f3 que dentro del Partido Republicano se apoyan estos comentarios.<\/p>\n<\/div>\n<div class=\"bbc-19j92fr ebmt73l0\" dir=\"ltr\">\n<p class=\"bbc-hhl7in e17g058b0\" dir=\"ltr\">CBS les pregunt\u00f3 a los votantes republicanos si estaban de acuerdo o en desacuerdo con lo se\u00f1alado por Trump de dos maneras.<\/p>\n<\/div>\n<div class=\"bbc-19j92fr ebmt73l0\" dir=\"ltr\">\n<p class=\"bbc-hhl7in e17g058b0\" dir=\"ltr\">A la mitad se les pregunt\u00f3 simplemente sobre el comentario de que &#8220;est\u00e1n envenenando la sangre del pa\u00eds&#8221; sin atribuciones y a la otra mitad se les present\u00f3 el mismo comentario, pero a\u00f1adiendo que lo hab\u00eda dicho Trump.<\/p>\n<\/div>\n<div class=\"bbc-19j92fr ebmt73l0\" dir=\"ltr\">\n<p class=\"bbc-hhl7in e17g058b0\" dir=\"ltr\">De cualquier manera, la mayor\u00eda de republicanos estaba de acuerdo: un 72% dijo que compart\u00eda el comentario sin atribu\u00edrselo a nadie y el 82% estaba de acuerdo con lo que dec\u00eda Trump, por lo que se puede concluir que\u00a0su rechazo a la inmigraci\u00f3n sigue siendo muy bienvenido dentro de sus seguidores.<\/p>\n<\/div>\n<div class=\"bbc-19j92fr ebmt73l0\" dir=\"ltr\">\n<h2 id=\"4-Cerca-de-los-j\u00f3venes\" class=\"bbc-1f03ibc eglt09e0\" tabindex=\"-1\">4. Cerca de los j\u00f3venes<\/h2>\n<\/div>\n<figure class=\"bbc-1qn0xuy\">\n<div class=\"bbc-150aj0n\"><picture><img loading=\"lazy\" decoding=\"async\" class=\"bbc-139onq\" src=\"https:\/\/ichef.bbci.co.uk\/ace\/ws\/640\/cpsprodpb\/6461\/live\/0492a6e0-bab9-11ee-ace0-c35c1b4f6d82.jpg\" sizes=\"auto, (min-width: 1008px) 760px, 100vw\" srcset=\"https:\/\/ichef.bbci.co.uk\/ace\/ws\/240\/cpsprodpb\/6461\/live\/0492a6e0-bab9-11ee-ace0-c35c1b4f6d82.jpg 240w, https:\/\/ichef.bbci.co.uk\/ace\/ws\/320\/cpsprodpb\/6461\/live\/0492a6e0-bab9-11ee-ace0-c35c1b4f6d82.jpg 320w, https:\/\/ichef.bbci.co.uk\/ace\/ws\/480\/cpsprodpb\/6461\/live\/0492a6e0-bab9-11ee-ace0-c35c1b4f6d82.jpg 480w, https:\/\/ichef.bbci.co.uk\/ace\/ws\/624\/cpsprodpb\/6461\/live\/0492a6e0-bab9-11ee-ace0-c35c1b4f6d82.jpg 624w, https:\/\/ichef.bbci.co.uk\/ace\/ws\/800\/cpsprodpb\/6461\/live\/0492a6e0-bab9-11ee-ace0-c35c1b4f6d82.jpg 800w\" alt=\"J\u00f3venes que apoyan a Trump\" width=\"976\" height=\"549\" \/><\/picture><\/div><figcaption class=\"bbc-1jsyunq e6i104o0\" dir=\"ltr\">\n<h5><em>Cada vez hay m\u00e1s apoyo de los j\u00f3venes a Trump.<\/em><\/h5>\n<\/figcaption><\/figure>\n<div class=\"bbc-19j92fr ebmt73l0\" dir=\"ltr\">\n<p dir=\"ltr\">\n<p dir=\"ltr\">\n<p class=\"bbc-hhl7in e17g058b0\" dir=\"ltr\">Un reciente impulso para Trump fue la evidencia de que podr\u00eda estar superando a Biden entre los votantes m\u00e1s j\u00f3venes.<\/p>\n<\/div>\n<div class=\"bbc-19j92fr ebmt73l0\" dir=\"ltr\">\n<p class=\"bbc-hhl7in e17g058b0\" dir=\"ltr\">Una encuesta publicada a mediados de diciembre por\u00a0<i class=\"bbc-h1y5j7 eih42320\">The New York Times<\/i>\u00a0y el Siena College mostraba seis puntos porcentuales de ventaja de Trump entre los votantes\u00a0de 18 a 29 a\u00f1os.<\/p>\n<\/div>\n<div class=\"bbc-19j92fr ebmt73l0\" dir=\"ltr\">\n<p class=\"bbc-hhl7in e17g058b0\" dir=\"ltr\">Los expertos est\u00e1n analizando los detalles de la tendencia, pero sugiere un panorama sustancialmente diferente al de las elecciones de 2020, cuando Trump estaba 24 puntos porcentuales detr\u00e1s de Biden entre el mismo grupo de edad.<\/p>\n<\/div>\n<div class=\"bbc-19j92fr ebmt73l0\" dir=\"ltr\">\n<p class=\"bbc-hhl7in e17g058b0\" dir=\"ltr\">Esto puede explicarse en parte por la incapacidad de Biden para conectarse con los votantes m\u00e1s j\u00f3venes y las se\u00f1ales de que\u00a0est\u00e1n frustrados con su manejo de la guerra entre Israel y Ham\u00e1s.<\/p>\n<\/div>\n<div class=\"bbc-19j92fr ebmt73l0\" dir=\"ltr\">\n<p class=\"bbc-hhl7in e17g058b0\" dir=\"ltr\">Sin embargo, para Mary Weston, directora del grupo J\u00f3venes Republicanos de Iowa, los j\u00f3venes republicanos se sienten atra\u00eddos por Trump por su poder en el escenario: &#8220;Uno se queda asombrado por c\u00f3mo se comporta y c\u00f3mo habla&#8221;.<\/p>\n<\/div>\n<div class=\"bbc-19j92fr ebmt73l0\" dir=\"ltr\">\n<p class=\"bbc-hhl7in e17g058b0\" dir=\"ltr\">Ahora tiene 23 a\u00f1os, pero estaba en la secundaria cuando Trump era presidente y dice que mucha gente &#8220;se burl\u00f3 de ella y la acos\u00f3&#8221; por apoyarlo.<\/p>\n<\/div>\n<div class=\"bbc-19j92fr ebmt73l0\" dir=\"ltr\">\n<p class=\"bbc-hhl7in e17g058b0\" dir=\"ltr\">Weston cree que el hecho de que &#8220;\u00e9l defiende lo que cree&#8221; y &#8220;no tiene miedo de ser quien quiere ser&#8221; atrae a los votantes j\u00f3venes.<\/p>\n<\/div>\n<div class=\"bbc-19j92fr ebmt73l0\" dir=\"ltr\">\n<h2 id=\"5-Una-v\u00edctima\" class=\"bbc-1f03ibc eglt09e0\" tabindex=\"-1\">5. Una &#8220;v\u00edctima&#8221;<\/h2>\n<\/div>\n<figure class=\"bbc-1qn0xuy\">\n<div class=\"bbc-150aj0n\"><picture><img loading=\"lazy\" decoding=\"async\" class=\"bbc-139onq\" src=\"https:\/\/ichef.bbci.co.uk\/ace\/ws\/640\/cpsprodpb\/65c9\/live\/23076f70-bab9-11ee-8685-316409d66f25.jpg\" sizes=\"auto, (min-width: 1008px) 760px, 100vw\" srcset=\"https:\/\/ichef.bbci.co.uk\/ace\/ws\/240\/cpsprodpb\/65c9\/live\/23076f70-bab9-11ee-8685-316409d66f25.jpg 240w, https:\/\/ichef.bbci.co.uk\/ace\/ws\/320\/cpsprodpb\/65c9\/live\/23076f70-bab9-11ee-8685-316409d66f25.jpg 320w, https:\/\/ichef.bbci.co.uk\/ace\/ws\/480\/cpsprodpb\/65c9\/live\/23076f70-bab9-11ee-8685-316409d66f25.jpg 480w, https:\/\/ichef.bbci.co.uk\/ace\/ws\/624\/cpsprodpb\/65c9\/live\/23076f70-bab9-11ee-8685-316409d66f25.jpg 624w, https:\/\/ichef.bbci.co.uk\/ace\/ws\/800\/cpsprodpb\/65c9\/live\/23076f70-bab9-11ee-8685-316409d66f25.jpg 800w\" alt=\"Donald Trump\" width=\"976\" height=\"549\" \/><\/picture><\/div><figcaption class=\"bbc-1jsyunq e6i104o0\" dir=\"ltr\">\n<h5><em>Donald Trump espera poder sobreponerse a sus problemas legales antes de las elecciones de noviembre.<\/em><\/h5>\n<\/figcaption><\/figure>\n<div class=\"bbc-19j92fr ebmt73l0\" dir=\"ltr\">\n<p dir=\"ltr\">\n<p dir=\"ltr\">\n<p class=\"bbc-hhl7in e17g058b0\" dir=\"ltr\">Donald Trump ha sido acusado penalmente cuatro veces y tendr\u00e1 que asistir a una serie de juicios en 2024 mientras se postula nuevamente para la Casa Blanca.<\/p>\n<\/div>\n<div class=\"bbc-19j92fr ebmt73l0\" dir=\"ltr\">\n<p class=\"bbc-hhl7in e17g058b0\" dir=\"ltr\">Si bien se podr\u00eda esperar que los casos judiciales pendientes desanimen a sus partidarios, el veterano encuestador Frank Lance le dijo a la BBC que en realidad\u00a0eso lo que hace es ayudar a la causa de Trump:<\/p>\n<\/div>\n<div class=\"bbc-19j92fr ebmt73l0\" dir=\"ltr\">\n<p class=\"bbc-hhl7in e17g058b0\" dir=\"ltr\">&#8220;Pudo presentar el caso de que \u00e9l es la v\u00edctima, que est\u00e1 siendo perseguido y no s\u00f3lo procesado, y que todo esto es una caza de brujas&#8221;, dijo.<\/p>\n<\/div>\n<div class=\"bbc-19j92fr ebmt73l0\" dir=\"ltr\">\n<p class=\"bbc-hhl7in e17g058b0\" dir=\"ltr\">&#8220;Cada vez que lo acusaron, sus n\u00fameros aumentaron. Cada vez que lo sacaron de la boleta electoral, en Maine y Colorado, sus cifras aumentaron. Cada vez que atacas a Donald Trump, \u00e9l lo aprovecha. Nunca hemos visto a nadie en Estados Unidos como \u00e9l&#8221;, agreg\u00f3.<\/p>\n<\/div>\n<div class=\"bbc-19j92fr ebmt73l0\" dir=\"ltr\">\n<p class=\"bbc-hhl7in e17g058b0\" dir=\"ltr\">Sin embargo, vale la pena aclarar que, a pesar del \u00e9xito de Trump, un an\u00e1lisis de votantes de\u00a0<i class=\"bbc-h1y5j7 eih42320\">Fox News<\/i>\u00a0encontr\u00f3 que el 32% de los que participaron en las primarias republicanas de New Hampshire no votar\u00edan por \u00e9l en las elecciones generales de noviembre.<\/p>\n<\/div>\n<div class=\"bbc-19j92fr ebmt73l0\" dir=\"ltr\">\n<p class=\"bbc-hhl7in e17g058b0\" dir=\"ltr\">Para muchos analistas, lo m\u00e1s probable es que Trump sea el candidato republicano para las elecciones presidenciales de Estados Unidos de este a\u00f1o gracias a sus inquebrantables y leales seguidores, lo que demuestra, en palabras de un corresponsal en Norteam\u00e9rica Anthony Zurcher, que\u00a0&#8220;el Partido Republicano sigue siendo el partido de Donald Trump&#8221;.<\/p>\n<\/div>\n","protected":false},"excerpt":{"rendered":"<p>Es muy posible que, por tercera vez, Donald Trump sea el candidato republicano a las elecciones presidenciales en EE.UU. &nbsp; &nbsp; No importa si lo&hellip;<\/p>\n","protected":false},"author":99,"featured_media":516250,"comment_status":"open","ping_status":"open","sticky":false,"template":"","format":"standard","meta":{"footnotes":""},"categories":[24],"tags":[],"class_list":["post-516249","post","type-post","status-publish","format-standard","has-post-thumbnail","hentry","category-mundo"],"_links":{"self":[{"href":"https:\/\/diarioelpopular.com\/index.php\/wp-json\/wp\/v2\/posts\/516249","targetHints":{"allow":["GET"]}}],"collection":[{"href":"https:\/\/diarioelpopular.com\/index.php\/wp-json\/wp\/v2\/posts"}],"about":[{"href":"https:\/\/diarioelpopular.com\/index.php\/wp-json\/wp\/v2\/types\/post"}],"author":[{"embeddable":true,"href":"https:\/\/diarioelpopular.com\/index.php\/wp-json\/wp\/v2\/users\/99"}],"replies":[{"embeddable":true,"href":"https:\/\/diarioelpopular.com\/index.php\/wp-json\/wp\/v2\/comments?post=516249"}],"version-history":[{"count":1,"href":"https:\/\/diarioelpopular.com\/index.php\/wp-json\/wp\/v2\/posts\/516249\/revisions"}],"predecessor-version":[{"id":516251,"href":"https:\/\/diarioelpopular.com\/index.php\/wp-json\/wp\/v2\/posts\/516249\/revisions\/516251"}],"wp:featuredmedia":[{"embeddable":true,"href":"https:\/\/diarioelpopular.com\/index.php\/wp-json\/wp\/v2\/media\/516250"}],"wp:attachment":[{"href":"https:\/\/diarioelpopular.com\/index.php\/wp-json\/wp\/v2\/media?parent=516249"}],"wp:term":[{"taxonomy":"category","embeddable":true,"href":"https:\/\/diarioelpopular.com\/index.php\/wp-json\/wp\/v2\/categories?post=516249"},{"taxonomy":"post_tag","embeddable":true,"href":"https:\/\/diarioelpopular.com\/index.php\/wp-json\/wp\/v2\/tags?post=516249"}],"curies":[{"name":"wp","href":"https:\/\/api.w.org\/{rel}","templated":true}]}}