{"id":516257,"date":"2024-03-07T10:49:30","date_gmt":"2024-03-07T14:49:30","guid":{"rendered":"https:\/\/diarioelpopular.com\/?p=516257"},"modified":"2024-03-07T10:49:30","modified_gmt":"2024-03-07T14:49:30","slug":"la-mayoria-piensa-que-canada-esta-quebrado-y-estan-enojados-con-el-gobierno-de-trudeau-encuesta-exclusiva","status":"publish","type":"post","link":"https:\/\/diarioelpopular.com\/index.php\/2024\/03\/07\/la-mayoria-piensa-que-canada-esta-quebrado-y-estan-enojados-con-el-gobierno-de-trudeau-encuesta-exclusiva\/","title":{"rendered":"La mayor\u00eda piensa que Canad\u00e1 est\u00e1 quebrado y est\u00e1n enojados con el gobierno de Trudeau: encuesta exclusiva"},"content":{"rendered":"<p><img loading=\"lazy\" decoding=\"async\" class=\"alignnone size-custom-full-size wp-image-516258\" src=\"https:\/\/diarioelpopular.com\/wp-content\/uploads\/2024\/03\/Screen-Shot-2024-03-07-at-9.48.56-AM-636x370.png\" alt=\"\" width=\"636\" height=\"370\" srcset=\"https:\/\/diarioelpopular.com\/wp-content\/uploads\/2024\/03\/Screen-Shot-2024-03-07-at-9.48.56-AM-636x370.png 636w, https:\/\/diarioelpopular.com\/wp-content\/uploads\/2024\/03\/Screen-Shot-2024-03-07-at-9.48.56-AM-300x175.png 300w, https:\/\/diarioelpopular.com\/wp-content\/uploads\/2024\/03\/Screen-Shot-2024-03-07-at-9.48.56-AM-768x447.png 768w, https:\/\/diarioelpopular.com\/wp-content\/uploads\/2024\/03\/Screen-Shot-2024-03-07-at-9.48.56-AM-125x73.png 125w, https:\/\/diarioelpopular.com\/wp-content\/uploads\/2024\/03\/Screen-Shot-2024-03-07-at-9.48.56-AM.png 1024w\" sizes=\"auto, (max-width: 636px) 100vw, 636px\" \/><\/p>\n<p>&nbsp;<\/p>\n<p>&nbsp;<\/p>\n<ul>\n<li><em><strong>La gran mayor\u00eda de los canadienses tambi\u00e9n est\u00e1n enojados por la forma en que el gobierno de Trudeau gestiona el pa\u00eds.<\/strong><\/em><\/li>\n<\/ul>\n<p>&nbsp;<\/p>\n<p><em><strong>OTTAWA.-<\/strong><\/em> Los canadienses creen que \u201ctodo est\u00e1 roto en el pa\u00eds en este momento\u201d, y m\u00e1s personas est\u00e1n de acuerdo con esa afirmaci\u00f3n que hace apenas un a\u00f1o, seg\u00fan una nueva encuesta nacional.<\/p>\n<p>La gente de todos los sectores pol\u00edticos est\u00e1 de acuerdo en lo que respecta a la percepci\u00f3n de que Canad\u00e1 est\u00e1 quebrado, y el 70 por ciento estuvo de acuerdo con la afirmaci\u00f3n. La mayor\u00eda de los votantes conservadores (85 por ciento) respaldaron la idea. En particular, dos tercios de los votantes del NDP (66 por ciento) estuvieron de acuerdo, adem\u00e1s del 58 por ciento de los votantes del Bloc Qu\u00e9b\u00e9cois y un buen n\u00famero de los liberales.a<\/p>\n<p>\u201cEl cuarenta y tres por ciento de los votantes liberales coincidieron en que el pa\u00eds se siente destrozado estos d\u00edas. Obviamente, eso es menos de la mitad del porcentaje de votantes conservadores, pero fue ligeramente m\u00e1s alto de lo que hubiera esperado\u201d, dijo al National Post Andrew Enns, vicepresidente ejecutivo de Leger.<\/p>\n<p>&#8220;Probablemente genera un poco de frustraci\u00f3n incluso entre aquellos votantes liberales fuertes que todav\u00eda se sienten frustrados y decepcionados porque las cosas no van mejor para el pa\u00eds, tal vez incluso pol\u00edticamente para su partido&#8221;.<\/p>\n<p>La sensaci\u00f3n cada vez m\u00e1s profunda de quebrantamiento nacional est\u00e1 impulsada por una sensaci\u00f3n cada vez mayor de que \u201ctodo es caro\u201d, las deficiencias del sistema de atenci\u00f3n de salud p\u00fablica y la sensaci\u00f3n de que \u201cmi nivel de vida est\u00e1 disminuyendo\u201d. En particular, temas como la lucha contra el cambio clim\u00e1tico y la posici\u00f3n de Canad\u00e1 en el escenario internacional ocuparon el \u00faltimo lugar entre las preocupaciones de los encuestados.<\/p>\n<p>El n\u00famero de personas que piensan que \u201ctodo est\u00e1 roto\u201d aument\u00f3 un tres por ciento desde una encuesta similar de Postmedia-Leger realizada hace un a\u00f1o.<\/p>\n<p>En general, el 59 por ciento de los encuestados en 2024 est\u00e1n enojados por c\u00f3mo se est\u00e1 administrando el pa\u00eds, nueve puntos porcentuales m\u00e1s que el a\u00f1o pasado.<\/p>\n<p>La aprobaci\u00f3n del gobierno del primer ministro Justin Trudeau estuvo m\u00e1s sesgada por las intenciones de voto. Mientras que alrededor de tres cuartas partes (78 por ciento) de los que planeaban votar por los liberales dijeron que estaban algo o muy satisfechos con la forma en que se est\u00e1 administrando Canad\u00e1, la abrumadora mayor\u00eda (83 por ciento) de los conservadores sinti\u00f3 que el gobierno federal no estaba gobernando el pa\u00eds de manera efectiva. Mientras que s\u00f3lo una d\u00e9cima parte de los votantes de tendencia liberal se sent\u00edan \u201cmuy contentos\u201d con el gobierno de Trudeau, la mitad de los conservadores estaban \u201cmuy enojados\u201d.<\/p>\n<p>S\u00f3lo el uno por ciento de los votantes del NDP estaban muy contentos, mientras que el 16 por ciento estaba muy enojado. Un poco m\u00e1s de votantes del Bloc Qu\u00e9b\u00e9cois estaban muy contentos (2 por ciento), pero el 20 por ciento estaba muy enojado.<\/p>\n<p>En t\u00e9rminos m\u00e1s generales, los votantes que simpatizan con el NDP se acercan un poco m\u00e1s a los conservadores, con una mayor\u00eda (58 por ciento) descontenta con el manejo de los asuntos nacionales por parte de la actual administraci\u00f3n. La mayor\u00eda de los votantes del Bloc Qu\u00e9b\u00e9cois (67 por ciento) estaban \u201calgo\u201d o \u201cmuy\u201d enojados.<\/p>\n<p>&#8220;Me parece interesante que el 58 por ciento de las personas en nuestra encuesta que dijeron que votar\u00edan por el NDP indicaron que estaban enojados&#8221;, dijo Enns. \u201cSospecho que es un poco como una cuerda floja por la que camina Jagmeet Singh mientras intenta mantener su apoyo a los liberales y mantenerlos en el poder pero, al mismo tiempo&#8230; siendo consciente de que hay personas dentro de su partido que \u00e9l representa que no son No estoy muy emocionado con este gobierno actual.<\/p>\n<p>&#8220;Es un acto de equilibrio&#8221;.<\/p>\n<p>David Haskell, profesor de Laurier, considera que las diferencias pol\u00edticas surgen de sesgos cognitivos en competencia. &#8220;Curiosamente, estas personas de tendencia conservadora o liberal viven en el mismo pa\u00eds, pero es como si vivieran en dos mundos diferentes&#8221;, dijo en un correo electr\u00f3nico. &#8220;En t\u00e9rminos de qui\u00e9n est\u00e1 haciendo las cosas bien, las investigaciones sugieren que los conservadores probablemente est\u00e9n m\u00e1s cerca de una visi\u00f3n que se alinea con la realidad&#8221;.<\/p>\n<p>La fuerza impulsora detr\u00e1s del creciente descontento con el gobierno de Trudeau es el aumento de los costos y la inflaci\u00f3n, y m\u00e1s de dos tercios de los encuestados (72 por ciento) expresaron ansiedad por ellos y sus familias sobre el tema. Le siguieron el estado de la atenci\u00f3n sanitaria (62 por ciento), la asequibilidad de la vivienda (49 por ciento), la delincuencia (36 por ciento) y la falta de vivienda (35 por ciento).<\/p>\n<p>Preocupaci\u00f3n constante por el COVID-19 (nueve por ciento), el estado del transporte p\u00fablico (10 por ciento), as\u00ed como la postura de pol\u00edtica exterior de Canad\u00e1 hacia Ucrania (13 por ciento) y el conflicto en curso entre Israel y Hamas (15 por ciento). colocado al final de las preocupaciones de los encuestados.<\/p>\n<p>Esto no fue una sorpresa para Enns. &#8220;A fin de cuentas, las elecciones se ganan y se pierden en gran medida por cuestiones internas y por cuestiones cotidianas&#8221;, afirm\u00f3. &#8220;Creo que la situaci\u00f3n en Medio Oriente ha creado algunos desaf\u00edos definidos para los partidos pol\u00edticos, particularmente los liberales gobernantes, ya que nuevamente est\u00e1n tratando de seguir una l\u00ednea muy, muy complicada en ese conflicto&#8221;.<\/p>\n<p>Enns cree que, de cara a las elecciones federales de 2025, los mismos temas centrales seguir\u00e1n animando a los canadienses y dando forma a sus opiniones de cara a las urnas. \u201cEn general, no miran mucho m\u00e1s all\u00e1 de su hogar en t\u00e9rminos de los problemas que los afectan\u201d.<\/p>\n<p>En noviembre de 2022, el l\u00edder conservador Pierre Poilievre se refiri\u00f3 a este sentimiento creciente cuando public\u00f3 un discurso en video titulado \u201cTodo parece roto\u201d, destacando las crisis de las personas sin hogar y las drogas en Columbia Brit\u00e1nica.<\/p>\n<p>La encuesta Postmedia-Leger encuest\u00f3 a 1.590 canadienses mayores de 18 a\u00f1os, a trav\u00e9s de encuestas en l\u00ednea del 23 al 25 de febrero. Los encuestados fueron reclutados aleatoriamente a trav\u00e9s del panel en l\u00ednea de Leger y los resultados se ponderaron seg\u00fan la edad, el g\u00e9nero, la lengua materna, la regi\u00f3n, la educaci\u00f3n y la presencia de ni\u00f1os en el hogar para garantizar una muestra representativa de la poblaci\u00f3n.<br \/>\nUna muestra probabil\u00edstica del mismo tama\u00f1o tendr\u00eda un margen de error de m\u00e1s o menos 2,51 por ciento, 19 de 20 veces.<\/p>\n","protected":false},"excerpt":{"rendered":"<p>&nbsp; &nbsp; La gran mayor\u00eda de los canadienses tambi\u00e9n est\u00e1n enojados por la forma en que el gobierno de Trudeau gestiona el pa\u00eds. &nbsp; OTTAWA.-&hellip;<\/p>\n","protected":false},"author":99,"featured_media":516258,"comment_status":"open","ping_status":"open","sticky":false,"template":"","format":"standard","meta":{"footnotes":""},"categories":[21],"tags":[],"class_list":["post-516257","post","type-post","status-publish","format-standard","has-post-thumbnail","hentry","category-canada"],"_links":{"self":[{"href":"https:\/\/diarioelpopular.com\/index.php\/wp-json\/wp\/v2\/posts\/516257","targetHints":{"allow":["GET"]}}],"collection":[{"href":"https:\/\/diarioelpopular.com\/index.php\/wp-json\/wp\/v2\/posts"}],"about":[{"href":"https:\/\/diarioelpopular.com\/index.php\/wp-json\/wp\/v2\/types\/post"}],"author":[{"embeddable":true,"href":"https:\/\/diarioelpopular.com\/index.php\/wp-json\/wp\/v2\/users\/99"}],"replies":[{"embeddable":true,"href":"https:\/\/diarioelpopular.com\/index.php\/wp-json\/wp\/v2\/comments?post=516257"}],"version-history":[{"count":1,"href":"https:\/\/diarioelpopular.com\/index.php\/wp-json\/wp\/v2\/posts\/516257\/revisions"}],"predecessor-version":[{"id":516259,"href":"https:\/\/diarioelpopular.com\/index.php\/wp-json\/wp\/v2\/posts\/516257\/revisions\/516259"}],"wp:featuredmedia":[{"embeddable":true,"href":"https:\/\/diarioelpopular.com\/index.php\/wp-json\/wp\/v2\/media\/516258"}],"wp:attachment":[{"href":"https:\/\/diarioelpopular.com\/index.php\/wp-json\/wp\/v2\/media?parent=516257"}],"wp:term":[{"taxonomy":"category","embeddable":true,"href":"https:\/\/diarioelpopular.com\/index.php\/wp-json\/wp\/v2\/categories?post=516257"},{"taxonomy":"post_tag","embeddable":true,"href":"https:\/\/diarioelpopular.com\/index.php\/wp-json\/wp\/v2\/tags?post=516257"}],"curies":[{"name":"wp","href":"https:\/\/api.w.org\/{rel}","templated":true}]}}