{"id":516306,"date":"2024-03-09T12:10:52","date_gmt":"2024-03-09T16:10:52","guid":{"rendered":"https:\/\/diarioelpopular.com\/?p=516306"},"modified":"2024-03-09T12:10:52","modified_gmt":"2024-03-09T16:10:52","slug":"ford-advierte-a-trudeau-detenga-el-aumento-del-impuesto-al-carbono-o-sera-aplastado-por-los-votantes","status":"publish","type":"post","link":"https:\/\/diarioelpopular.com\/index.php\/2024\/03\/09\/ford-advierte-a-trudeau-detenga-el-aumento-del-impuesto-al-carbono-o-sera-aplastado-por-los-votantes\/","title":{"rendered":"Ford advierte a Trudeau: detenga el aumento del impuesto al carbono o ser\u00e1 aplastado por los votantes"},"content":{"rendered":"<p><img loading=\"lazy\" decoding=\"async\" class=\"alignnone size-custom-full-size wp-image-516307\" src=\"https:\/\/diarioelpopular.com\/wp-content\/uploads\/2024\/03\/Screen-Shot-2024-03-09-at-11.10.20-AM-636x430.png\" alt=\"\" width=\"636\" height=\"430\" srcset=\"https:\/\/diarioelpopular.com\/wp-content\/uploads\/2024\/03\/Screen-Shot-2024-03-09-at-11.10.20-AM-636x430.png 636w, https:\/\/diarioelpopular.com\/wp-content\/uploads\/2024\/03\/Screen-Shot-2024-03-09-at-11.10.20-AM-300x203.png 300w, https:\/\/diarioelpopular.com\/wp-content\/uploads\/2024\/03\/Screen-Shot-2024-03-09-at-11.10.20-AM-768x519.png 768w, https:\/\/diarioelpopular.com\/wp-content\/uploads\/2024\/03\/Screen-Shot-2024-03-09-at-11.10.20-AM-1200x811.png 1200w, https:\/\/diarioelpopular.com\/wp-content\/uploads\/2024\/03\/Screen-Shot-2024-03-09-at-11.10.20-AM-80x55.png 80w, https:\/\/diarioelpopular.com\/wp-content\/uploads\/2024\/03\/Screen-Shot-2024-03-09-at-11.10.20-AM-108x73.png 108w, https:\/\/diarioelpopular.com\/wp-content\/uploads\/2024\/03\/Screen-Shot-2024-03-09-at-11.10.20-AM.png 1024w\" sizes=\"auto, (max-width: 636px) 100vw, 636px\" \/><\/p>\n<p>&nbsp;<\/p>\n<ul>\n<li><em><strong>El premier de Ontario dice que los liberales de Trudeau corren el riesgo de ser aniquilados por los votantes si no renuncian al aumento del impuesto al carbono<\/strong><\/em><\/li>\n<\/ul>\n<p>&nbsp;<\/p>\n<p>Doug Ford le ofrece a Justin Trudeau un consejo amistoso: cancele el aumento del impuesto al carbono el 1 de abril o los votantes lo castigar\u00e1n en las pr\u00f3ximas elecciones.<\/p>\n<p>Al afirmar que la asequibilidad es el tema n\u00famero uno que escucha de los votantes, Ford dijo que no entiende por qu\u00e9 los liberales de Trudeau siguen adelante con el aumento de impuestos.<\/p>\n<p>\u201cSabes que el impuesto al carbono es el peor impuesto que jam\u00e1s se le pueda imponer a la gente, y no puedo creer que el gobierno federal vaya a aumentar el impuesto a la gasolina en un 23%. \u00bfQu\u00e9 es lo que no entiendes? Ford dijo el viernes.<\/p>\n<p>A Ford le hab\u00edan preguntado si seguir\u00eda el ejemplo de Saskatchewan y no recaudar\u00eda el impuesto al carbono sobre la calefacci\u00f3n dom\u00e9stica. El premier explic\u00f3 que Saskatchewan puede hacer eso porque posee el mayor proveedor de gas natural de la provincia, pero en Ontario, quienes suministran calefacci\u00f3n dom\u00e9stica son empresas privadas y no puede pedirles que violen la ley.<\/p>\n<p>\u201cEl problema n\u00famero uno es la asequibilidad de las personas\u201d, dijo Ford. &#8220;Casas asequibles, alimentos asequibles y gasolina asequible y lo que aumenta la inflaci\u00f3n son los costos de energ\u00eda&#8221;.<\/p>\n<p>Ford dijo que los impuestos federales sobre la gasolina y otras fuentes de energ\u00eda ya son bastante altos.<\/p>\n<p>\u201cChicos, despierten, huelan el caf\u00e9. \u00bfQu\u00e9 es lo que no entiendes? Cancele este impuesto al carbono, d\u00e9jelo en suspenso, haga lo que sea, y si no lo hace, el pueblo de Canad\u00e1 lo aniquilar\u00e1 cuando lleguen las elecciones. As\u00ed de simple.&#8221;<\/p>\n<p>Es poco probable que Trudeau siga este consejo de Ford m\u00e1s de lo que lo hizo de los conservadores federales, de los liberales en su propio grupo o de las empresas. Trudeau est\u00e1 convencido de que aumentar el impuesto al carbono no aumenta la inflaci\u00f3n, aunque el impuesto se aplica en toda la econom\u00eda.<\/p>\n<p>Si bien los canadienses individuales y las familias obtienen reembolsos del impuesto al carbono, el responsable del presupuesto parlamentario ha demostrado que no cubre el costo total asumido por los consumidores.<\/p>\n<p>A los tomates que compramos en esta \u00e9poca del a\u00f1o, cultivados en invernaderos, se les aplica un impuesto al carbono sobre el gas natural utilizado para cultivarlos. Se les aplica el impuesto al carbono al enviarlos desde la granja al distribuidor y tiendas. Tienen el impuesto al carbono aplicado a la calefacci\u00f3n, la refrigeraci\u00f3n y la iluminaci\u00f3n de la tienda en la que venden.<\/p>\n<p>No obtenemos un reembolso por esos costos, s\u00f3lo los costos directos y, aun as\u00ed, basados en promedios decididos por los bur\u00f3cratas.<\/p>\n<p>Cuando el impuesto al carbono se cobra sobre el impuesto al consumo de combustible y luego el GST se cobra adem\u00e1s de ambos impuestos, no obtenemos un reembolso por esos aumentos de precios.<\/p>\n<p>Una encuesta realizada por Leger en febrero para la Federaci\u00f3n de Contribuyentes de Canad\u00e1 encontr\u00f3 que la gran mayor\u00eda se opone al aumento de impuestos del 23% el 1 de abril. Lo que es m\u00e1s impactante es que la pregunta ni siquiera dec\u00eda a la gente cu\u00e1n pronunciado ser\u00eda el aumento de impuestos, simplemente se le pregunt\u00f3 si lo apoyaba.<\/p>\n<p>\u201cEl 1 de abril, el gobierno federal volver\u00e1 a aumentar su impuesto al carbono. \u00bfApoya o se opone a que el gobierno federal aumente el impuesto al carbono? Leger pregunt\u00f3 a 1.590 personas en todo el pa\u00eds.<\/p>\n<p>A nivel nacional, el 69% dijo que se opon\u00eda al aumento de impuestos. De hecho, en todas las regiones y en todos los grupos demogr\u00e1ficos, la mayor\u00eda dice que se opone a este aumento de impuestos.<\/p>\n<p>No es que esto detenga a los liberales. No s\u00f3lo aumentar\u00e1n el impuesto al carbono el 1 de abril, sino que tambi\u00e9n aumentar\u00e1n otro impuesto m\u00e1s a la cerveza, el vino y las bebidas espirituosas en casi un 5% ese mismo d\u00eda y el 1 de mayo aumentar\u00e1n la tarifa de seguridad cobrada a los viajeros a\u00e9reos en un 33%.<\/p>\n<p>La gente est\u00e1 sufriendo, el coste de la vida est\u00e1 por las nubes, pero Justin Trudeau quiere encarecer todo m\u00e1s.<\/p>\n<p>Doug Ford tiene raz\u00f3n. Los votantes lo aniquilar\u00e1n a \u00e9l y a su partido cuando tengamos la oportunidad de votar nuevamente.<\/p>\n","protected":false},"excerpt":{"rendered":"<p>&nbsp; El premier de Ontario dice que los liberales de Trudeau corren el riesgo de ser aniquilados por los votantes si no renuncian al aumento&hellip;<\/p>\n","protected":false},"author":99,"featured_media":516307,"comment_status":"open","ping_status":"open","sticky":false,"template":"","format":"standard","meta":{"footnotes":""},"categories":[21],"tags":[],"class_list":["post-516306","post","type-post","status-publish","format-standard","has-post-thumbnail","hentry","category-canada"],"_links":{"self":[{"href":"https:\/\/diarioelpopular.com\/index.php\/wp-json\/wp\/v2\/posts\/516306","targetHints":{"allow":["GET"]}}],"collection":[{"href":"https:\/\/diarioelpopular.com\/index.php\/wp-json\/wp\/v2\/posts"}],"about":[{"href":"https:\/\/diarioelpopular.com\/index.php\/wp-json\/wp\/v2\/types\/post"}],"author":[{"embeddable":true,"href":"https:\/\/diarioelpopular.com\/index.php\/wp-json\/wp\/v2\/users\/99"}],"replies":[{"embeddable":true,"href":"https:\/\/diarioelpopular.com\/index.php\/wp-json\/wp\/v2\/comments?post=516306"}],"version-history":[{"count":1,"href":"https:\/\/diarioelpopular.com\/index.php\/wp-json\/wp\/v2\/posts\/516306\/revisions"}],"predecessor-version":[{"id":516308,"href":"https:\/\/diarioelpopular.com\/index.php\/wp-json\/wp\/v2\/posts\/516306\/revisions\/516308"}],"wp:featuredmedia":[{"embeddable":true,"href":"https:\/\/diarioelpopular.com\/index.php\/wp-json\/wp\/v2\/media\/516307"}],"wp:attachment":[{"href":"https:\/\/diarioelpopular.com\/index.php\/wp-json\/wp\/v2\/media?parent=516306"}],"wp:term":[{"taxonomy":"category","embeddable":true,"href":"https:\/\/diarioelpopular.com\/index.php\/wp-json\/wp\/v2\/categories?post=516306"},{"taxonomy":"post_tag","embeddable":true,"href":"https:\/\/diarioelpopular.com\/index.php\/wp-json\/wp\/v2\/tags?post=516306"}],"curies":[{"name":"wp","href":"https:\/\/api.w.org\/{rel}","templated":true}]}}